{"id":3334,"date":"2018-01-04T08:10:28","date_gmt":"2018-01-04T11:10:28","guid":{"rendered":"http:\/\/dsrmedios.com.ar\/diario\/?p=3334"},"modified":"2018-01-04T08:10:28","modified_gmt":"2018-01-04T11:10:28","slug":"una-nota-periodistica-da-cuenta-de-la-lucha-del-gobierno-provincial-contra-la-corrupcion","status":"publish","type":"post","link":"http:\/\/dsrmedios.com.ar\/diario\/archivos\/3334","title":{"rendered":"Una nota period\u00edstica da cuenta de la lucha del gobierno provincial contra la corrupci\u00f3n"},"content":{"rendered":"<p>\u201cEs parte de nuestra lucha contra las mafias que est\u00e1n dentro y fuera del Es-tado. El Gobierno es muy grande, tiene 600 mil personas que trabajan en \u00e9l. La mayor\u00eda, honesta y comprometida con su trabajo, que gana menos de lo que se merece, pero todav\u00eda convivimos con nichos de corrupci\u00f3n y tenemos que contar con pol\u00edticas claras&#8221;.<\/p>\n<p>Las palabras pertenecen a la gobernadora Mar\u00eda Eugenia Vidal, y fueron pronunciadas el pasado 25 de abril, hace po-co m\u00e1s de ocho meses, en el marco del lanzamiento de\u00a0la Oficina\u00a0de Fortalecimiento Institucional, organismo a cargo de Luis Ferella y dependiente del ministerio de Justicia.<\/p>\n<p>&#8220;Creamos esta oficina que tiene dos objetivos. Por un lado, la prevenci\u00f3n de la corrupci\u00f3n, recorriendo cada oficina del Estado y viendo c\u00f3mo se hacen las cosas, para prevenir eventuales hechos; y por el otro, el control, la detecci\u00f3n y la denuncia de irregularidades en organismos como la asesor\u00eda general y la fiscal\u00eda general\u201d, completaba la mandataria.<\/p>\n<p>El tiempo pas\u00f3, y\u00a0la Oficina\u00a0avanz\u00f3 m\u00e1s r\u00e1pido de lo esperado, sobre todo en lo concerniente a las denuncias, pues el propio Ferella, en di\u00e1logo con\u00a0La Tecla, dec\u00eda que iba a pasar tiempo para que se vieran los primeros resultados, y que, en principio, el objetivo era posicionarse, hacerse conocidos en las diferentes dependencias gubernamentales.<\/p>\n<p>&#8220;Habilitamos un canal donde presentar denuncias, an\u00f3nimamente o de manera identificada, por hechos de corrupci\u00f3n o contrarios a la \u00e9tica p\u00fablica, cometidos por funcionarios y exfuncionarios del Poder Ejecutivo de\u00a0la Provincia. Las\u00a0denuncias pueden ser realizadas online o personalmente, por ciudadanos, personas jur\u00eddicas u otros organismos del Estado&#8221;, explica Ferella.<\/p>\n<p>En tanto, Leandro Adaro, director provincial de Control de\u00a0la Corrupci\u00f3n, agrega que, &#8220;una vez recibidas las denuncias, se procede a realizar un an\u00e1lisis del objeto de aquellas que cumplan los criterios de admisibilidad y una investigaci\u00f3n preliminar de los hechos denunciados antes de derivar los casos a\u00a0la Fiscal\u00eda\u00a0o al \u00f3rgano jer\u00e1rquico superior del funcionario denunciado, para que el organismo que correspondiere, en cada caso, investigue los hechos\u201d.<\/p>\n<p>\u201cTenemos dos direcciones en este departamento. Una que es de Admisi\u00f3n y an\u00e1lisis, que es la que se encarga de hacer toda la investigaci\u00f3n preliminar para luego ser derivada al \u00f3rgano administrativo, que llevar\u00e1 adelante la medida disciplinaria, y a\u00a0la Justicia\u00a0penal, mediante Fiscal\u00eda de Estado\u201d, explica el funcionario.<\/p>\n<p>Y completa: \u201cLa otra direcci\u00f3n es la de Seguimiento y Estad\u00edstica, que es donde empieza el engranaje de lo que es el Fortalecimiento Institucional. Con eso, generamos un mapa de transparencia y vemos d\u00f3nde est\u00e1n los focos y los problemas. Sabemos d\u00f3nde hay que ir y d\u00f3nde trabajar con m\u00e1s \u00e9nfasis. Ese mapeo se da a partir de las denuncias que se van recibiendo y las que est\u00e1n en\u00a0la Justicia\u00a0desde los a\u00f1os 2015 y 2016, y que oportunamente nos fueron in-formadas por parte de IOMA, Arba, Fiscal\u00eda de Estado\u201d.<\/p>\n<p>A modo de balance, se puede indicar que, desde el 25 de abril, se contabiliza un total de 264 carpetas abiertas, las cuales contienen 159 denuncias recibidas a trav\u00e9s de los diversos canales, y otras 95 causas que se est\u00e1n siguiendo en\u00a0la Justicia.\u00a0\u00bfC\u00f3mo llegaron las primeras? El 75 por ciento, v\u00eda web; el 14, personalmente; y el 11 por ciento restante, por otros organismos.<\/p>\n<p>P\u00e1rrafo aparte se merece la denuncia an\u00f3nima, que si bien es una de las posibilidades, desde el propio organismo se intenta no fomentarla, pues es la modalidad por la que entra m\u00e1s denuncia basura. Por supuesto, tambi\u00e9n tiene su lado positivo. \u201cHay muchas denuncias que salen de adentro del organismo denunciado. Es grande el riesgo que corre el denunciante. Por eso, prefiere la presentaci\u00f3n an\u00f3nima. Te garantiza que cualquiera puede denunciar y que lo puede hacer contra el de arriba o el de abajo. Nos ha servido\u201d, sostiene Ferella.<\/p>\n<p>\u201cHay un abanico importante de denuncias contra jefes, directores, pero lo cierto es que la mayor\u00eda est\u00e1 en la etapa de verosimilitud. Estamos tratando de verificar los extremos legales. Cuando llega la denuncia, no es que autom\u00e1ticamente salimos a hacer la presentaci\u00f3n judicial. Existe un paso previo. No po-demos tomar denuncias que tienen que ver con diferencias pol\u00edticas o con una enemistad laboral\u201d, resalta el uno de\u00a0la OFI.<\/p>\n<p>Fuente:www.latecla.com<\/p>\n","protected":false},"excerpt":{"rendered":"<div class=\"mh-excerpt\"><p>\u201cEs parte de nuestra lucha contra las mafias que est\u00e1n dentro y fuera del Es-tado. El Gobierno es muy grande, tiene 600 mil personas que trabajan en \u00e9l. La mayor\u00eda, honesta y comprometida con su trabajo, que gana menos de lo que se merece, pero todav\u00eda convivimos con nichos de corrupci\u00f3n y tenemos que contar con pol\u00edticas claras&#8221;. Las palabras pertenecen a la gobernadora Mar\u00eda Eugenia Vidal, y fueron pronunciadas el pasado 25 de abril, hace po-co m\u00e1s de ocho meses, en el marco del lanzamiento de\u00a0la Oficina\u00a0de Fortalecimiento Institucional, organismo a cargo de Luis Ferella y dependiente del ministerio <a class=\"mh-excerpt-more\" href=\"http:\/\/dsrmedios.com.ar\/diario\/archivos\/3334\" title=\"Una nota period\u00edstica da cuenta de la lucha del gobierno provincial contra la corrupci\u00f3n\">[Leer m\u00e1s]<\/a><\/p>\n<\/div>","protected":false},"author":5,"featured_media":3335,"comment_status":"open","ping_status":"closed","sticky":false,"template":"","format":"standard","meta":{"_jetpack_newsletter_access":""},"categories":[18,7],"tags":[],"jetpack_featured_media_url":"http:\/\/dsrmedios.com.ar\/diario\/wp-content\/uploads\/2018\/01\/maria-eugenia-vidal-2222002w948.jpg","jetpack_sharing_enabled":true,"jetpack_shortlink":"https:\/\/wp.me\/p9fihK-RM","_links":{"self":[{"href":"http:\/\/dsrmedios.com.ar\/diario\/wp-json\/wp\/v2\/posts\/3334"}],"collection":[{"href":"http:\/\/dsrmedios.com.ar\/diario\/wp-json\/wp\/v2\/posts"}],"about":[{"href":"http:\/\/dsrmedios.com.ar\/diario\/wp-json\/wp\/v2\/types\/post"}],"author":[{"embeddable":true,"href":"http:\/\/dsrmedios.com.ar\/diario\/wp-json\/wp\/v2\/users\/5"}],"replies":[{"embeddable":true,"href":"http:\/\/dsrmedios.com.ar\/diario\/wp-json\/wp\/v2\/comments?post=3334"}],"version-history":[{"count":1,"href":"http:\/\/dsrmedios.com.ar\/diario\/wp-json\/wp\/v2\/posts\/3334\/revisions"}],"predecessor-version":[{"id":3336,"href":"http:\/\/dsrmedios.com.ar\/diario\/wp-json\/wp\/v2\/posts\/3334\/revisions\/3336"}],"wp:featuredmedia":[{"embeddable":true,"href":"http:\/\/dsrmedios.com.ar\/diario\/wp-json\/wp\/v2\/media\/3335"}],"wp:attachment":[{"href":"http:\/\/dsrmedios.com.ar\/diario\/wp-json\/wp\/v2\/media?parent=3334"}],"wp:term":[{"taxonomy":"category","embeddable":true,"href":"http:\/\/dsrmedios.com.ar\/diario\/wp-json\/wp\/v2\/categories?post=3334"},{"taxonomy":"post_tag","embeddable":true,"href":"http:\/\/dsrmedios.com.ar\/diario\/wp-json\/wp\/v2\/tags?post=3334"}],"curies":[{"name":"wp","href":"https:\/\/api.w.org\/{rel}","templated":true}]}}