{"id":3331,"date":"2018-01-04T08:08:07","date_gmt":"2018-01-04T11:08:07","guid":{"rendered":"http:\/\/dsrmedios.com.ar\/diario\/?p=3331"},"modified":"2018-01-04T08:08:07","modified_gmt":"2018-01-04T11:08:07","slug":"medicos-de-ioma-cortaran-el-servicio-la-semana-que-viene-en-el-interior-bonaerense","status":"publish","type":"post","link":"http:\/\/dsrmedios.com.ar\/diario\/archivos\/3331","title":{"rendered":"M\u00e9dicos de IOMA cortar\u00e1n el servicio la semana que viene en el interior bonaerense"},"content":{"rendered":"<p>M\u00e9dicos del interior bonaerense confirmaron que la semana que viene cortar\u00e1n las prestaciones del IOMA para reclamar por el retraso de los pagos de las prestaciones por parte de la obra social provincial.<\/p>\n<p>Los m\u00e9dicos de CEMIBO y la AMP (del interior bonaerense y la ciudad de La Plata) alertaron por el retraso en los pagos, tras los cual IOMA comunic\u00f3 que la semana pasada hab\u00eda realizado un pago correspondiente al mes de septiembre. &#8220;Hubo peque\u00f1os atrasos, pero ya se est\u00e1n regularizando&#8221;, argumentaron.<\/p>\n<p>Pero en las \u00faltimas horas los m\u00e9dicos que atienden en total a unos 500 mil pacientes- indicaron que ese pago fue de siete millones de pesos, cuando la deuda total, solo para ese mes, es de 87 millones.<\/p>\n<p>En ese contexto, se gener\u00f3 tambi\u00e9n tensi\u00f3n en torno a la interlocuci\u00f3n con el gobierno. Los m\u00e9dicos dijeron no se escuchados, a lo que la IOMA respondi\u00f3 que desde la actual gesti\u00f3n, a la que definieron como &#8220;de puertas abiertas, ya &#8220;se encuentran en contacto con el presidente de la AMP, Mart\u00edn Pedersoli&#8221;.<\/p>\n<p>fuente:www.aninoticias.com<\/p>\n","protected":false},"excerpt":{"rendered":"<div class=\"mh-excerpt\"><p>M\u00e9dicos del interior bonaerense confirmaron que la semana que viene cortar\u00e1n las prestaciones del IOMA para reclamar por el retraso de los pagos de las prestaciones por parte de la obra social provincial. Los m\u00e9dicos de CEMIBO y la AMP (del interior bonaerense y la ciudad de La Plata) alertaron por el retraso en los pagos, tras los cual IOMA comunic\u00f3 que la semana pasada hab\u00eda realizado un pago correspondiente al mes de septiembre. &#8220;Hubo peque\u00f1os atrasos, pero ya se est\u00e1n regularizando&#8221;, argumentaron. Pero en las \u00faltimas horas los m\u00e9dicos que atienden en total a unos 500 mil pacientes- indicaron <a class=\"mh-excerpt-more\" href=\"http:\/\/dsrmedios.com.ar\/diario\/archivos\/3331\" title=\"M\u00e9dicos de IOMA cortar\u00e1n el servicio la semana que viene en el interior bonaerense\">[Leer m\u00e1s]<\/a><\/p>\n<\/div>","protected":false},"author":5,"featured_media":3332,"comment_status":"open","ping_status":"closed","sticky":false,"template":"","format":"standard","meta":{"_jetpack_newsletter_access":""},"categories":[18,7],"tags":[],"jetpack_featured_media_url":"http:\/\/dsrmedios.com.ar\/diario\/wp-content\/uploads\/2018\/01\/IOMA_0.jpg","jetpack_sharing_enabled":true,"jetpack_shortlink":"https:\/\/wp.me\/p9fihK-RJ","_links":{"self":[{"href":"http:\/\/dsrmedios.com.ar\/diario\/wp-json\/wp\/v2\/posts\/3331"}],"collection":[{"href":"http:\/\/dsrmedios.com.ar\/diario\/wp-json\/wp\/v2\/posts"}],"about":[{"href":"http:\/\/dsrmedios.com.ar\/diario\/wp-json\/wp\/v2\/types\/post"}],"author":[{"embeddable":true,"href":"http:\/\/dsrmedios.com.ar\/diario\/wp-json\/wp\/v2\/users\/5"}],"replies":[{"embeddable":true,"href":"http:\/\/dsrmedios.com.ar\/diario\/wp-json\/wp\/v2\/comments?post=3331"}],"version-history":[{"count":1,"href":"http:\/\/dsrmedios.com.ar\/diario\/wp-json\/wp\/v2\/posts\/3331\/revisions"}],"predecessor-version":[{"id":3333,"href":"http:\/\/dsrmedios.com.ar\/diario\/wp-json\/wp\/v2\/posts\/3331\/revisions\/3333"}],"wp:featuredmedia":[{"embeddable":true,"href":"http:\/\/dsrmedios.com.ar\/diario\/wp-json\/wp\/v2\/media\/3332"}],"wp:attachment":[{"href":"http:\/\/dsrmedios.com.ar\/diario\/wp-json\/wp\/v2\/media?parent=3331"}],"wp:term":[{"taxonomy":"category","embeddable":true,"href":"http:\/\/dsrmedios.com.ar\/diario\/wp-json\/wp\/v2\/categories?post=3331"},{"taxonomy":"post_tag","embeddable":true,"href":"http:\/\/dsrmedios.com.ar\/diario\/wp-json\/wp\/v2\/tags?post=3331"}],"curies":[{"name":"wp","href":"https:\/\/api.w.org\/{rel}","templated":true}]}}