{"id":3319,"date":"2018-01-03T09:34:45","date_gmt":"2018-01-03T12:34:45","guid":{"rendered":"http:\/\/dsrmedios.com.ar\/diario\/?p=3319"},"modified":"2018-01-03T09:34:45","modified_gmt":"2018-01-03T12:34:45","slug":"este-fin-de-semana-se-llevara-a-cabo-al-diente-feria-gastronomica-en-la-plaza-levalle","status":"publish","type":"post","link":"http:\/\/dsrmedios.com.ar\/diario\/archivos\/3319","title":{"rendered":"Este fin de semana se llevar\u00e1 a cabo &#8220;Al Diente&#8221; feria gastron\u00f3mica en la Plaza Levalle"},"content":{"rendered":"<p>Este fin de semana se realizar\u00e1 \u201cAl Diente\u201d feria gastron\u00f3mica y de productos regionales de 19 a 1.30hs en la Plaza Nicol\u00e1s Levalle.<br \/>\nDurante el s\u00e1bado \u00a0y domingo se podr\u00e1 disfrutar de foodtrucks , puestos de productos locales y regionales, m\u00fasica y actividades gratuitas para toda la familia.<br \/>\nSe realizar\u00e1n demostraciones de cocci\u00f3n de cerveza, degustaciones de cervezas y vinos.<br \/>\nTambi\u00e9n habr\u00e1 clase de cocina para ni\u00f1os, inflables y juegos recreativos.<br \/>\nLa \u00a0Banda &#8220;Confluencia&#8221; y Antonela Cirillo, brindar\u00e1n shows musicales.<br \/>\nAl Diente es una propuesta diferente para disfrutar del verano con sabores locales y regionales.<\/p>\n","protected":false},"excerpt":{"rendered":"<div class=\"mh-excerpt\"><p>Este fin de semana se realizar\u00e1 \u201cAl Diente\u201d feria gastron\u00f3mica y de productos regionales de 19 a 1.30hs en la Plaza Nicol\u00e1s Levalle. Durante el s\u00e1bado \u00a0y domingo se podr\u00e1 disfrutar de foodtrucks , puestos de productos locales y regionales, m\u00fasica y actividades gratuitas para toda la familia. Se realizar\u00e1n demostraciones de cocci\u00f3n de cerveza, degustaciones de cervezas y vinos. Tambi\u00e9n habr\u00e1 clase de cocina para ni\u00f1os, inflables y juegos recreativos. La \u00a0Banda &#8220;Confluencia&#8221; y Antonela Cirillo, brindar\u00e1n shows musicales. Al Diente es una propuesta diferente para disfrutar del verano con sabores locales y regionales.<\/p>\n<\/div>","protected":false},"author":5,"featured_media":3320,"comment_status":"open","ping_status":"closed","sticky":false,"template":"","format":"standard","meta":{"_jetpack_newsletter_access":""},"categories":[2,18,5],"tags":[],"jetpack_featured_media_url":"http:\/\/dsrmedios.com.ar\/diario\/wp-content\/uploads\/2018\/01\/cocina.jpg","jetpack_sharing_enabled":true,"jetpack_shortlink":"https:\/\/wp.me\/p9fihK-Rx","_links":{"self":[{"href":"http:\/\/dsrmedios.com.ar\/diario\/wp-json\/wp\/v2\/posts\/3319"}],"collection":[{"href":"http:\/\/dsrmedios.com.ar\/diario\/wp-json\/wp\/v2\/posts"}],"about":[{"href":"http:\/\/dsrmedios.com.ar\/diario\/wp-json\/wp\/v2\/types\/post"}],"author":[{"embeddable":true,"href":"http:\/\/dsrmedios.com.ar\/diario\/wp-json\/wp\/v2\/users\/5"}],"replies":[{"embeddable":true,"href":"http:\/\/dsrmedios.com.ar\/diario\/wp-json\/wp\/v2\/comments?post=3319"}],"version-history":[{"count":1,"href":"http:\/\/dsrmedios.com.ar\/diario\/wp-json\/wp\/v2\/posts\/3319\/revisions"}],"predecessor-version":[{"id":3321,"href":"http:\/\/dsrmedios.com.ar\/diario\/wp-json\/wp\/v2\/posts\/3319\/revisions\/3321"}],"wp:featuredmedia":[{"embeddable":true,"href":"http:\/\/dsrmedios.com.ar\/diario\/wp-json\/wp\/v2\/media\/3320"}],"wp:attachment":[{"href":"http:\/\/dsrmedios.com.ar\/diario\/wp-json\/wp\/v2\/media?parent=3319"}],"wp:term":[{"taxonomy":"category","embeddable":true,"href":"http:\/\/dsrmedios.com.ar\/diario\/wp-json\/wp\/v2\/categories?post=3319"},{"taxonomy":"post_tag","embeddable":true,"href":"http:\/\/dsrmedios.com.ar\/diario\/wp-json\/wp\/v2\/tags?post=3319"}],"curies":[{"name":"wp","href":"https:\/\/api.w.org\/{rel}","templated":true}]}}