{"id":3316,"date":"2018-01-03T09:32:37","date_gmt":"2018-01-03T12:32:37","guid":{"rendered":"http:\/\/dsrmedios.com.ar\/diario\/?p=3316"},"modified":"2018-01-03T09:32:37","modified_gmt":"2018-01-03T12:32:37","slug":"intensa-actividad-con-las-escuelas-de-verano-en-todo-el-distrito","status":"publish","type":"post","link":"http:\/\/dsrmedios.com.ar\/diario\/archivos\/3316","title":{"rendered":"Intensa actividad con las Escuelas de Verano en todo el distrito"},"content":{"rendered":"<p>Se inauguraron las nueve Escuelas de verano que funcionar\u00e1n en el Distrito. Los actos oficiales se realizaron en Carhu\u00e9, que concentra el mayor n\u00famero de escuelas) y en San Miguel Arc\u00e1ngel que se logr\u00f3 volver a abrir despu\u00e9s de diez a\u00f1os.<br \/>\nEn la inauguraci\u00f3n estuvieron presentes Ezequiel Chiodi, Director de Deportes; \u00a0Mariana Rodr\u00edguez, Inspectora Distrital de Ense\u00f1anza; \u00a0Gisela Leonhardt, Coordinadora Distrital de Escuelas Abiertas de Verano ; Daniela Delrieux, Referente Distrital de tecnolog\u00eda educativa Daniela Delrieux; Claudio Kosak, Presidente de Consejo Escolar Claudio Kosak y consejeros escolares<\/p>\n<p>R\u00e9cord de escuelas de verano en el distrito<\/p>\n<p>Este a\u00f1o funcionar\u00e1n nueve Escuelas de Verano a las que asistir\u00e1n m\u00e1s de 600 chicos.<br \/>\nEn Carhu\u00e9 funcionar\u00e1n 4 sedes: dos en el Club San Mart\u00edn, una en la EP 17 y otra en la EP 45. De \u00e9stas, tres contar\u00e1n con Servicio alimentario escolar<br \/>\nCristian Goddio por el CEF 28, \u00a0 Roc\u00edo Aldube por la Escuela Especial 501, Melina Carrizo estar\u00e1 a cargo de la sede de EP 45 y Diego G\u00f3mez por la 17 Diego G\u00f3mez<br \/>\nEn tanto en Rivera, las sedes ser\u00e1n dos. \u00a0La directora de la sede del CEC 801 que brindar\u00e1 actividades recreativas y Servicio Alimentario es Mercedes Lobato y \u00a0la sede de la extensi\u00f3n del CEF 28 que funcionar\u00e1 en el Tiro Federal Argentino con espejo de agua ser\u00e1 el Prof. Adri\u00e1n Vitale quien est\u00e9 a cargo.<br \/>\nEn Villa Maza el funcionamiento ser\u00e1 similar al de Rivera. En la sede de la extensi\u00f3n del CEF 28 que se desarrollar\u00e1 en la pileta Municipal la directora es Marilina Montenegro y en la sede del CEC 802 que brinda Servicio alimentario escolar est\u00e1 a cargo de Lucila Romero Fern\u00e1ndez<br \/>\nEn San Miguel de Arc\u00e1ngel, luego de diez a\u00f1os, se logr\u00f3 implementar \u00a0una sede de este programa en la EP 18 con actividades recreativas y almuerzo, a cargo de Roc\u00edo Swenger.<br \/>\n\u201cFue el objetivo de esta Jefatura Distrital concretar las Escuelas Abiertas de Verano en todo el distrito con una mirada federal e inclusiva, que permita igualdad de oportunidades y llegada de esta oferta educativa y recreativa al mayor cantidad de chicos posibles.\u201d afirm\u00f3 Mariana Rodriguez, Inspectora Distrital de Ense\u00f1anza y agreg\u00f3 \u201cValoramos el trabajo desarrollado para cumplir este objetivo por la Coordinadora, el Inspector de Educaci\u00f3n F\u00edsica, la Secretaria de Asuntos Docentes, Consejo Escolar y Municipio, adem\u00e1s del compromiso de los \u00a035 docentes ( directores, profesores, maestros y guardavidas) a cargo de las distintas sedes.\u201d<br \/>\nEn este sentido, Ezequiel Chiodi, Director de Deportes agradeci\u00f3 \u201cAl Intendente que es clave para que esto sea una realidad, a Mariana Rodriguez, Inspectora Distrital de Ense\u00f1anza, a Claudio Kosak, Presidente del Consejo Escolar y especialmente a todos los profes que eligen trabajar para que los chicos puedan disfrutar de las colonias\u201d.<\/p>\n","protected":false},"excerpt":{"rendered":"<div class=\"mh-excerpt\"><p>Se inauguraron las nueve Escuelas de verano que funcionar\u00e1n en el Distrito. Los actos oficiales se realizaron en Carhu\u00e9, que concentra el mayor n\u00famero de escuelas) y en San Miguel Arc\u00e1ngel que se logr\u00f3 volver a abrir despu\u00e9s de diez a\u00f1os. En la inauguraci\u00f3n estuvieron presentes Ezequiel Chiodi, Director de Deportes; \u00a0Mariana Rodr\u00edguez, Inspectora Distrital de Ense\u00f1anza; \u00a0Gisela Leonhardt, Coordinadora Distrital de Escuelas Abiertas de Verano ; Daniela Delrieux, Referente Distrital de tecnolog\u00eda educativa Daniela Delrieux; Claudio Kosak, Presidente de Consejo Escolar Claudio Kosak y consejeros escolares R\u00e9cord de escuelas de verano en el distrito Este a\u00f1o funcionar\u00e1n nueve Escuelas <a class=\"mh-excerpt-more\" href=\"http:\/\/dsrmedios.com.ar\/diario\/archivos\/3316\" title=\"Intensa actividad con las Escuelas de Verano en todo el distrito\">[Leer m\u00e1s]<\/a><\/p>\n<\/div>","protected":false},"author":5,"featured_media":3317,"comment_status":"open","ping_status":"closed","sticky":false,"template":"","format":"standard","meta":{"_jetpack_newsletter_access":""},"categories":[18,5],"tags":[],"jetpack_featured_media_url":"http:\/\/dsrmedios.com.ar\/diario\/wp-content\/uploads\/2018\/01\/escuelaverano.jpeg","jetpack_sharing_enabled":true,"jetpack_shortlink":"https:\/\/wp.me\/p9fihK-Ru","_links":{"self":[{"href":"http:\/\/dsrmedios.com.ar\/diario\/wp-json\/wp\/v2\/posts\/3316"}],"collection":[{"href":"http:\/\/dsrmedios.com.ar\/diario\/wp-json\/wp\/v2\/posts"}],"about":[{"href":"http:\/\/dsrmedios.com.ar\/diario\/wp-json\/wp\/v2\/types\/post"}],"author":[{"embeddable":true,"href":"http:\/\/dsrmedios.com.ar\/diario\/wp-json\/wp\/v2\/users\/5"}],"replies":[{"embeddable":true,"href":"http:\/\/dsrmedios.com.ar\/diario\/wp-json\/wp\/v2\/comments?post=3316"}],"version-history":[{"count":1,"href":"http:\/\/dsrmedios.com.ar\/diario\/wp-json\/wp\/v2\/posts\/3316\/revisions"}],"predecessor-version":[{"id":3318,"href":"http:\/\/dsrmedios.com.ar\/diario\/wp-json\/wp\/v2\/posts\/3316\/revisions\/3318"}],"wp:featuredmedia":[{"embeddable":true,"href":"http:\/\/dsrmedios.com.ar\/diario\/wp-json\/wp\/v2\/media\/3317"}],"wp:attachment":[{"href":"http:\/\/dsrmedios.com.ar\/diario\/wp-json\/wp\/v2\/media?parent=3316"}],"wp:term":[{"taxonomy":"category","embeddable":true,"href":"http:\/\/dsrmedios.com.ar\/diario\/wp-json\/wp\/v2\/categories?post=3316"},{"taxonomy":"post_tag","embeddable":true,"href":"http:\/\/dsrmedios.com.ar\/diario\/wp-json\/wp\/v2\/tags?post=3316"}],"curies":[{"name":"wp","href":"https:\/\/api.w.org\/{rel}","templated":true}]}}