{"id":3285,"date":"2018-01-02T08:38:31","date_gmt":"2018-01-02T11:38:31","guid":{"rendered":"http:\/\/dsrmedios.com.ar\/diario\/?p=3285"},"modified":"2018-01-02T08:38:31","modified_gmt":"2018-01-02T11:38:31","slug":"gobierno-provincial-y-los-gremios-docentes-reanudaran-necgociaciones-esta-semana","status":"publish","type":"post","link":"http:\/\/dsrmedios.com.ar\/diario\/archivos\/3285","title":{"rendered":"Gobierno Provincial y los gremios docentes reanudar\u00e1n necgociaciones esta semana"},"content":{"rendered":"<p>Gremios docentes y autoridades provinciales se encontrar\u00e1n esta semana en el marco de una nueva reuni\u00f3n de Mesa T\u00e9cnica de Condiciones Laborales, aunque sin el tema salarios en agenda.<\/p>\n<p>El encuentro, que se desarrollar\u00e1 el jueves en el Ministerio de Trabajo, se abocar\u00e1 principalmente a repasar las condiciones laborales de los profesores del secundario, y por ahora no se tocar\u00e1 el tema salarial, que forma parte de otra comisi\u00f3n t\u00e9cnica.<\/p>\n<p>De todos modos, la reuni\u00f3n llega envuelta en un clima de tensi\u00f3n por la decisi\u00f3n del Gobierno de aplicar los art\u00edculos 109 y 110 del Estatuto del Docente, por los que ser\u00edan cesanteados unos 7 mil maestros de grado suplentes y provisionales sin t\u00edtulo habilitante.<\/p>\n<p>Tambi\u00e9n sumar\u00e1 conflictividad al encuentro la reciente decisi\u00f3n del Ejecutivo de disolver la Unidad Ejecutora Provincial (UEP).<\/p>\n<p>fuente:www.aninoticias.com<\/p>\n","protected":false},"excerpt":{"rendered":"<div class=\"mh-excerpt\"><p>Gremios docentes y autoridades provinciales se encontrar\u00e1n esta semana en el marco de una nueva reuni\u00f3n de Mesa T\u00e9cnica de Condiciones Laborales, aunque sin el tema salarios en agenda. El encuentro, que se desarrollar\u00e1 el jueves en el Ministerio de Trabajo, se abocar\u00e1 principalmente a repasar las condiciones laborales de los profesores del secundario, y por ahora no se tocar\u00e1 el tema salarial, que forma parte de otra comisi\u00f3n t\u00e9cnica. De todos modos, la reuni\u00f3n llega envuelta en un clima de tensi\u00f3n por la decisi\u00f3n del Gobierno de aplicar los art\u00edculos 109 y 110 del Estatuto del Docente, por los <a class=\"mh-excerpt-more\" href=\"http:\/\/dsrmedios.com.ar\/diario\/archivos\/3285\" title=\"Gobierno Provincial y los gremios docentes reanudar\u00e1n necgociaciones esta semana\">[Leer m\u00e1s]<\/a><\/p>\n<\/div>","protected":false},"author":5,"featured_media":3286,"comment_status":"open","ping_status":"closed","sticky":false,"template":"","format":"standard","meta":{"_jetpack_newsletter_access":""},"categories":[18,7],"tags":[],"jetpack_featured_media_url":"http:\/\/dsrmedios.com.ar\/diario\/wp-content\/uploads\/2018\/01\/docentes3.jpg","jetpack_sharing_enabled":true,"jetpack_shortlink":"https:\/\/wp.me\/p9fihK-QZ","_links":{"self":[{"href":"http:\/\/dsrmedios.com.ar\/diario\/wp-json\/wp\/v2\/posts\/3285"}],"collection":[{"href":"http:\/\/dsrmedios.com.ar\/diario\/wp-json\/wp\/v2\/posts"}],"about":[{"href":"http:\/\/dsrmedios.com.ar\/diario\/wp-json\/wp\/v2\/types\/post"}],"author":[{"embeddable":true,"href":"http:\/\/dsrmedios.com.ar\/diario\/wp-json\/wp\/v2\/users\/5"}],"replies":[{"embeddable":true,"href":"http:\/\/dsrmedios.com.ar\/diario\/wp-json\/wp\/v2\/comments?post=3285"}],"version-history":[{"count":1,"href":"http:\/\/dsrmedios.com.ar\/diario\/wp-json\/wp\/v2\/posts\/3285\/revisions"}],"predecessor-version":[{"id":3287,"href":"http:\/\/dsrmedios.com.ar\/diario\/wp-json\/wp\/v2\/posts\/3285\/revisions\/3287"}],"wp:featuredmedia":[{"embeddable":true,"href":"http:\/\/dsrmedios.com.ar\/diario\/wp-json\/wp\/v2\/media\/3286"}],"wp:attachment":[{"href":"http:\/\/dsrmedios.com.ar\/diario\/wp-json\/wp\/v2\/media?parent=3285"}],"wp:term":[{"taxonomy":"category","embeddable":true,"href":"http:\/\/dsrmedios.com.ar\/diario\/wp-json\/wp\/v2\/categories?post=3285"},{"taxonomy":"post_tag","embeddable":true,"href":"http:\/\/dsrmedios.com.ar\/diario\/wp-json\/wp\/v2\/tags?post=3285"}],"curies":[{"name":"wp","href":"https:\/\/api.w.org\/{rel}","templated":true}]}}