{"id":32237,"date":"2023-04-30T16:51:31","date_gmt":"2023-04-30T19:51:31","guid":{"rendered":"http:\/\/dsrmedios.com.ar\/diario\/?p=32237"},"modified":"2023-04-30T16:51:35","modified_gmt":"2023-04-30T19:51:35","slug":"javier-milei-viajo-a-la-rioja-para-impulsar-la-candidatura-de-martin-menem-al-fdt-le-estamos-causando-estragos-en-el-segmento-joven","status":"publish","type":"post","link":"http:\/\/dsrmedios.com.ar\/diario\/archivos\/32237","title":{"rendered":"Javier Milei viaj\u00f3 a La Rioja para impulsar la candidatura de Mart\u00edn Menem: \u201cAl FdT le estamos causando estragos en el segmento joven\u201d"},"content":{"rendered":"\n<p>El diputado y aspirante a la Presidencia<strong>&nbsp;Javier Milei<\/strong>&nbsp;viaj\u00f3 a La Rioja este fin de semana para apoyar la candidatura a gobernador de&nbsp;<strong>Mart\u00edn Menem<\/strong>, sobrino del fallecido ex mandatario nacional, y aprovech\u00f3 para defender su plan para dolarizar la econom\u00eda y responderle a&nbsp;<strong>Cristina Kirchner<\/strong>, quien recientemente lo compar\u00f3 con&nbsp;<strong>Domingo Cavallo<\/strong>.<\/p>\n\n\n\n<p>\u201cLos pol\u00edticos se oponen a la dolarizaci\u00f3n porque saben que con eso se les termina el choreo\u201d, sostuvo el l\u00edder de La Libertad Avanza durante una conferencia de prensa que encabez\u00f3 en la capital provincial poco tiempo despu\u00e9s de haber arribado.<\/p>\n\n\n\n<p>Acompa\u00f1ado \u00fanicamente por Menem, el dirigente opositor reiter\u00f3 varios de los conceptos que viene repitiendo en el marco de su campa\u00f1a y asegur\u00f3: \u201cUna Argentina mejor es posible si volvemos a abrazar las ideas de la libertad\u201d.<\/p>\n\n\n\n<p><\/p>\n\n\n\n<p>Adem\u00e1s, consultado por el panorama electoral de cara a las presidenciales, Milei remarc\u00f3 que su espacio est\u00e1 \u201ccausando estragos en el segmento etario m\u00e1s joven\u201d, ya que all\u00ed tiene una \u201cintenci\u00f3n de voto del 60%\u201d, lo que, a su entender, perjudica principalmente al Frente de Todos.<\/p>\n\n\n\n<p><img decoding=\"async\" loading=\"lazy\" alt=\"Javier Milei junto a Mart\u00edn Menem\" height=\"1200\" width=\"1600\" class=\"\" src=\"https:\/\/cloudfront-us-east-1.images.arcpublishing.com\/infobae\/IXXCZI7QWRH4NKT7HTNFQ3L2VE.jpeg\" srcset=\"https:\/\/www.infobae.com\/new-resizer\/x4Qbq4e1LbGkBwTOXzRP3PT3C54=\/420x315\/filters:format(webp):quality(85)\/cloudfront-us-east-1.images.arcpublishing.com\/infobae\/IXXCZI7QWRH4NKT7HTNFQ3L2VE.jpeg 420w,https:\/\/www.infobae.com\/new-resizer\/VhA1hic7ERb-Vt8Kpbizhre0GCQ=\/768x576\/filters:format(webp):quality(85)\/cloudfront-us-east-1.images.arcpublishing.com\/infobae\/IXXCZI7QWRH4NKT7HTNFQ3L2VE.jpeg 768w,https:\/\/www.infobae.com\/new-resizer\/xTbAofmg4GD_BLsCl-WGebThVZM=\/992x744\/filters:format(webp):quality(85)\/cloudfront-us-east-1.images.arcpublishing.com\/infobae\/IXXCZI7QWRH4NKT7HTNFQ3L2VE.jpeg 992w,https:\/\/www.infobae.com\/new-resizer\/OXM4e4erTdodBpi6pIUclUtfldE=\/1200x900\/filters:format(webp):quality(85)\/cloudfront-us-east-1.images.arcpublishing.com\/infobae\/IXXCZI7QWRH4NKT7HTNFQ3L2VE.jpeg 1200w,https:\/\/www.infobae.com\/new-resizer\/nsJbo3QXWTekIWkgz0mCi74-iKI=\/1440x1080\/filters:format(webp):quality(85)\/cloudfront-us-east-1.images.arcpublishing.com\/infobae\/IXXCZI7QWRH4NKT7HTNFQ3L2VE.jpeg 1440w\">Javier Milei junto a Mart\u00edn Menem<\/p>\n\n\n\n<p>\u201cCuando empez\u00e1s a mirar el mapa de imagen, los n\u00fameros m\u00e1s contundentes ven\u00edan de las zonas m\u00e1s postergadas del pa\u00eds. Ellos no han hecho una buena lectura y nunca se dieron cuenta de que el liberalismo es el movimiento de los oprimidos\u201d, agreg\u00f3.<\/p>\n\n\n\n<p>Adem\u00e1s, el diputado tambi\u00e9n le contest\u00f3 a la Vicepresidenta, quien en el \u00faltimo acto que realiz\u00f3 en La Plata lo calific\u00f3 como \u201cel disc\u00edpulo del de ojitos claros\u201d, en referencia a Domingo Cavallo, autor de la convertibilidad: \u201cA m\u00ed, lejos de herirme o molestarme la comparaci\u00f3n,&nbsp;<strong>para m\u00ed es un orgullo<\/strong>. \u00c9l ha sido el mejor ministro de Econom\u00eda de la historia argentina y la transformaci\u00f3n que se ha hecho en los \u201890 ha sido incre\u00edble\u201d, destac\u00f3.<\/p>\n\n\n\n<p>\u201cPor eso, nos nutrimos en nuestras filas de muchas personas que han tenido un rol clave en esa d\u00e9cada. Porque consideramos que esas son las reformas que hay que hacer y, en ese sentido, sabemos qu\u00e9 es lo que hay que hacer y c\u00f3mo hacerlo; tenemos la convicci\u00f3n y el sustento te\u00f3rico para eso\u201d, retruc\u00f3.<\/p>\n\n\n\n<p><img decoding=\"async\" loading=\"lazy\" alt=\"Mart\u00edn Menem se presenta como candidato a gobernador en La Rioja \" height=\"1080\" width=\"1920\" class=\"\" src=\"https:\/\/cloudfront-us-east-1.images.arcpublishing.com\/infobae\/ETOEV3VZ7NCETH5G3O2YCEWZNI.jpg\" srcset=\"https:\/\/www.infobae.com\/new-resizer\/0e_A6Vb6FwCzV21jTB4HT1LyINA=\/420x236\/filters:format(webp):quality(85)\/cloudfront-us-east-1.images.arcpublishing.com\/infobae\/ETOEV3VZ7NCETH5G3O2YCEWZNI.jpg 420w,https:\/\/www.infobae.com\/new-resizer\/6L6NBupSpRU7VW_Ki3jvIOgr5Sw=\/768x432\/filters:format(webp):quality(85)\/cloudfront-us-east-1.images.arcpublishing.com\/infobae\/ETOEV3VZ7NCETH5G3O2YCEWZNI.jpg 768w,https:\/\/www.infobae.com\/new-resizer\/B71stf2RTKS0OY-Fedex0ndqniA=\/992x558\/filters:format(webp):quality(85)\/cloudfront-us-east-1.images.arcpublishing.com\/infobae\/ETOEV3VZ7NCETH5G3O2YCEWZNI.jpg 992w,https:\/\/www.infobae.com\/new-resizer\/i_FRxrGWjPjLaG9wySL1DkSJXGs=\/1200x675\/filters:format(webp):quality(85)\/cloudfront-us-east-1.images.arcpublishing.com\/infobae\/ETOEV3VZ7NCETH5G3O2YCEWZNI.jpg 1200w,https:\/\/www.infobae.com\/new-resizer\/CFFHtUONueDfAGYo1qiKPOgoHM4=\/1440x810\/filters:format(webp):quality(85)\/cloudfront-us-east-1.images.arcpublishing.com\/infobae\/ETOEV3VZ7NCETH5G3O2YCEWZNI.jpg 1440w\">Mart\u00edn Menem se presenta como candidato a gobernador en La Rioja<\/p>\n\n\n\n<p>Milei se expres\u00f3 de esta manera en la conferencia de prensa que brind\u00f3 antes de la tradicional caminata que viene realizando en el \u00faltimo tiempo en cada provincia a la que llega de visita, y que en esta ocasi\u00f3n hizo el s\u00e1bado, partiendo de la intersecci\u00f3n de las calles 9 de julio y San Nicol\u00e1s de Bari. En tanto, este domingo recorrer\u00e1 el centro de Chilecito, otra de las principales ciudades riojanas.<\/p>\n\n\n\n<p>\u201cArgentina produce alimentos para 400 millones de personas. Sin embargo, la presi\u00f3n fiscal para el campo es del 60 por ciento, por lo tanto, el Estado se queda con el alimento de 240 millones de personas y hay 5 millones de argentinos a los que les falta para comer\u201d, cuestion\u00f3 el dirigente opositor<\/p>\n\n\n\n<p>En este sentido, el economista advirti\u00f3 que una parte de la poblaci\u00f3n es actualmente \u201cun 13 por ciento m\u00e1s pobres en t\u00e9rminos per c\u00e1pita\u201d que en a\u00f1os anteriores, mientras que \u201cel n\u00famero de pobres ascendi\u00f3 al 45 por ciento\u201d.<\/p>\n\n\n\n<p><img decoding=\"async\" loading=\"lazy\" alt=\"El precandidato presidencial recorri\u00f3 el centro de la capital riojana \" height=\"576\" width=\"1024\" class=\"\" src=\"https:\/\/cloudfront-us-east-1.images.arcpublishing.com\/infobae\/SB5KIF33S5BCDNNYRRKSOINPSU.jpeg\" srcset=\"https:\/\/www.infobae.com\/new-resizer\/biCTy9Kilat2Tzl1NoJjA6d0vsc=\/420x236\/filters:format(webp):quality(85)\/cloudfront-us-east-1.images.arcpublishing.com\/infobae\/SB5KIF33S5BCDNNYRRKSOINPSU.jpeg 420w,https:\/\/www.infobae.com\/new-resizer\/hM3avEYeDvLJITLGn1_zQJFehwQ=\/768x432\/filters:format(webp):quality(85)\/cloudfront-us-east-1.images.arcpublishing.com\/infobae\/SB5KIF33S5BCDNNYRRKSOINPSU.jpeg 768w,https:\/\/www.infobae.com\/new-resizer\/_juWYGa7S-JWXLkZW4fN6rqi_WY=\/992x558\/filters:format(webp):quality(85)\/cloudfront-us-east-1.images.arcpublishing.com\/infobae\/SB5KIF33S5BCDNNYRRKSOINPSU.jpeg 992w,https:\/\/www.infobae.com\/new-resizer\/GvhU6XHYprhgYj4-4j5lJZhDKU8=\/1200x675\/filters:format(webp):quality(85)\/cloudfront-us-east-1.images.arcpublishing.com\/infobae\/SB5KIF33S5BCDNNYRRKSOINPSU.jpeg 1200w,https:\/\/www.infobae.com\/new-resizer\/Yxy9HbXi7A3WGpu2-alTVgbAJeA=\/1440x810\/filters:format(webp):quality(85)\/cloudfront-us-east-1.images.arcpublishing.com\/infobae\/SB5KIF33S5BCDNNYRRKSOINPSU.jpeg 1440w\">El precandidato presidencial recorri\u00f3 el centro de la capital riojana<\/p>\n\n\n\n<p>\u201cEs una situaci\u00f3n extremadamente compleja donde los argentinos de bien ven que por m\u00e1s que trabajen no les alcanza. Hoy el 30% de los trabajadores es pobre y en un contexto donde los empleos del sector privado est\u00e1n clavados en torno a los 6 millones de puestos. Eso hace que no haya oportunidades y los j\u00f3venes se vayan del pa\u00eds\u201d, critic\u00f3.<\/p>\n\n\n\n<p>Sobre este punto, Milei apunt\u00f3 espec\u00edficamente contra el resto de la oposici\u00f3n, al se\u00f1alar que \u201chay gente que nunca trabaj\u00f3 en el sector privado, que vivi\u00f3 del \u2018<em>carguito<\/em>\u2019 del Estado, de la prebenda y de la coima\u201d.<\/p>\n\n\n\n<p>\u201cParte de la estructura de Juntos por el Cambio no sabe lo que es trabajar en mercados, como los radicales, la Coalici\u00f3n C\u00edvica o el ala blanda del PRO. Son gente que no hace nada por servir al pr\u00f3jimo con mejor calidad de vida o mejor precio\u201d, argument\u00f3.<\/p>\n\n\n\n<p>FUENTE: INFOBAE<\/p>\n","protected":false},"excerpt":{"rendered":"<div class=\"mh-excerpt\"><p>El diputado y aspirante a la Presidencia&nbsp;Javier Milei&nbsp;viaj\u00f3 a La Rioja este fin de semana para apoyar la candidatura a gobernador de&nbsp;Mart\u00edn Menem, sobrino del fallecido ex mandatario nacional, y aprovech\u00f3 para defender su plan para dolarizar la econom\u00eda y responderle a&nbsp;Cristina Kirchner, quien recientemente lo compar\u00f3 con&nbsp;Domingo Cavallo. \u201cLos pol\u00edticos se oponen a la dolarizaci\u00f3n porque saben que con eso se les termina el choreo\u201d, sostuvo el l\u00edder de La Libertad Avanza durante una conferencia de prensa que encabez\u00f3 en la capital provincial poco tiempo despu\u00e9s de haber arribado. Acompa\u00f1ado \u00fanicamente por Menem, el dirigente opositor reiter\u00f3 varios de <a class=\"mh-excerpt-more\" href=\"http:\/\/dsrmedios.com.ar\/diario\/archivos\/32237\" title=\"Javier Milei viaj\u00f3 a La Rioja para impulsar la candidatura de Mart\u00edn Menem: \u201cAl FdT le estamos causando estragos en el segmento joven\u201d\">[Leer m\u00e1s]<\/a><\/p>\n<\/div>","protected":false},"author":6,"featured_media":32136,"comment_status":"open","ping_status":"closed","sticky":false,"template":"","format":"standard","meta":{"_jetpack_newsletter_access":""},"categories":[6],"tags":[],"jetpack_featured_media_url":"http:\/\/dsrmedios.com.ar\/diario\/wp-content\/uploads\/2023\/04\/sm.webp","jetpack_sharing_enabled":true,"jetpack_shortlink":"https:\/\/wp.me\/p9fihK-8nX","_links":{"self":[{"href":"http:\/\/dsrmedios.com.ar\/diario\/wp-json\/wp\/v2\/posts\/32237"}],"collection":[{"href":"http:\/\/dsrmedios.com.ar\/diario\/wp-json\/wp\/v2\/posts"}],"about":[{"href":"http:\/\/dsrmedios.com.ar\/diario\/wp-json\/wp\/v2\/types\/post"}],"author":[{"embeddable":true,"href":"http:\/\/dsrmedios.com.ar\/diario\/wp-json\/wp\/v2\/users\/6"}],"replies":[{"embeddable":true,"href":"http:\/\/dsrmedios.com.ar\/diario\/wp-json\/wp\/v2\/comments?post=32237"}],"version-history":[{"count":1,"href":"http:\/\/dsrmedios.com.ar\/diario\/wp-json\/wp\/v2\/posts\/32237\/revisions"}],"predecessor-version":[{"id":32238,"href":"http:\/\/dsrmedios.com.ar\/diario\/wp-json\/wp\/v2\/posts\/32237\/revisions\/32238"}],"wp:featuredmedia":[{"embeddable":true,"href":"http:\/\/dsrmedios.com.ar\/diario\/wp-json\/wp\/v2\/media\/32136"}],"wp:attachment":[{"href":"http:\/\/dsrmedios.com.ar\/diario\/wp-json\/wp\/v2\/media?parent=32237"}],"wp:term":[{"taxonomy":"category","embeddable":true,"href":"http:\/\/dsrmedios.com.ar\/diario\/wp-json\/wp\/v2\/categories?post=32237"},{"taxonomy":"post_tag","embeddable":true,"href":"http:\/\/dsrmedios.com.ar\/diario\/wp-json\/wp\/v2\/tags?post=32237"}],"curies":[{"name":"wp","href":"https:\/\/api.w.org\/{rel}","templated":true}]}}