{"id":32232,"date":"2023-04-30T11:26:09","date_gmt":"2023-04-30T14:26:09","guid":{"rendered":"http:\/\/dsrmedios.com.ar\/diario\/?p=32232"},"modified":"2023-04-30T11:26:12","modified_gmt":"2023-04-30T14:26:12","slug":"con-un-acto-por-el-dia-del-trabajador-la-cgt-apura-un-fuerte-mensaje-a-la-interna-del-fdt","status":"publish","type":"post","link":"http:\/\/dsrmedios.com.ar\/diario\/archivos\/32232","title":{"rendered":"Con un acto por el D\u00eda del Trabajador, la CGT apura un fuerte mensaje a la interna del FDT"},"content":{"rendered":"\n<p>Con&nbsp;<a href=\"https:\/\/tn.com.ar\/politica\/2023\/04\/20\/la-cgt-se-reune-y-prepara-un-duro-comunicado-contra-el-gobierno-por-la-inflacion-faltan-medidas-urgentes\/\"><strong>cr\u00edticas por la p\u00e9rdida de ingresos ante la alta inflaci\u00f3n<\/strong><\/a>, pero con un&nbsp;<strong>fuerte mensaje hacia la interna del Frente de Todos,<\/strong>&nbsp;bajo la consigna \u201c<strong>Estamos a tiempo<\/strong>\u201d, la Confederaci\u00f3n General del Trabajo (<strong>CGT<\/strong>) organizar\u00e1 el&nbsp;<strong>martes, a las 15:00,&nbsp;<\/strong>un&nbsp;<strong>acto por el D\u00eda del Trabajador<\/strong>, en el estadio Defensores de Belgrano, del barrio porte\u00f1o de N\u00fa\u00f1ez.<\/p>\n\n\n\n<p>El acto estar\u00e1\u00a0<strong>encabezado\u00a0<\/strong>por los tres integrantes de la c\u00fapula de la central obrera,\u00a0<strong>Pablo Moyano, H\u00e9ctor Daer y Carlos Acu\u00f1a<\/strong>\u00a0que, se prev\u00e9, ser\u00e1n los \u00fanicos\u00a0<strong>oradores<\/strong>. Har\u00e1n un\u00a0<strong>llamado a la unidad<\/strong>\u00a0y a un \u201c<strong>gran consenso pol\u00edtico, econ\u00f3mico y social<\/strong>\u201d, en l\u00ednea con al anuncio del ministro de Econom\u00eda,\u00a0<strong>Sergio Massa<\/strong>, sobre la convocatoria a una mesa de di\u00e1logo para un\u00a0<a href=\"https:\/\/tn.com.ar\/economia\/2023\/04\/26\/precios-y-salarios-tras-recibir-el-apoyo-de-la-cgt-massa-anuncio-que-convocara-a-gremios-y-empresarios\/\"><strong>acuerdo de precios y salarios<\/strong><\/a>.<\/p>\n\n\n\n<h2>La CGT intenta salir de la par\u00e1lisis<\/h2>\n\n\n\n<p>En los \u00faltimos d\u00edas,<strong>&nbsp;la CGT empez\u00f3 de la virtual par\u00e1lisis<\/strong>&nbsp;en la que hab\u00eda entrado en diciembre de 2019, con el regreso del peronismo a la Casa Rosada. El \u00faltimo mensaje de la central obrera<strong>&nbsp;cuestion\u00f3 la \u201ccompleja crisis econ\u00f3mica y social,<\/strong>&nbsp;heredada y agravada por un escenario de&nbsp;<strong>inestabilidad macroecon\u00f3mica&nbsp;<\/strong>que se manifiesta a trav\u00e9s de una&nbsp;<strong>escalada inflacionaria<\/strong>&nbsp;creciente que<strong>&nbsp;pulveriza el poder adquisitivo de los salarios<\/strong>\u201d, por primera vez.<\/p>\n\n\n\n<figure class=\"wp-block-image\"><img decoding=\"async\" src=\"https:\/\/tn.com.ar\/resizer\/FS4Z4oHJS8MhbUCIySwnN8HgYWo=\/767x0\/smart\/filters:format(webp)\/cloudfront-us-east-1.images.arcpublishing.com\/artear\/SA4AQRQXDBAFXFZQS5KIKAGQOA.jpg\" alt=\"En medio de la corrida cambiaria, Sergio Massa mostr\u00f3 el respaldo de la CGT y organizaciones sociales (Foto: Ministerio de Econom\u00eda).\"\/><figcaption class=\"wp-element-caption\">En medio de la corrida cambiaria, Sergio Massa mostr\u00f3 el respaldo de la CGT y organizaciones sociales (Foto: Ministerio de Econom\u00eda).<\/figcaption><\/figure>\n\n\n\n<p>Pese al contexto desalentador que plante\u00f3 tras la reuni\u00f3n del Consejo Directivo,\u00a0<strong>la CGT llegar\u00e1 a N\u00fa\u00f1ez con un mensaje al coraz\u00f3n de la coalici\u00f3n de Gobierno,<\/strong>\u00a0en el que plantear\u00e1 que a\u00fan est\u00e1 a tiempo de\u00a0<strong>dar un volantazo<\/strong>\u00a0y ser competitiva para las\u00a0<strong>elecciones<\/strong>.<\/p>\n\n\n\n<p>Por eso, lejos de quitarle el&nbsp;<strong>apoyo a Massa<\/strong>&nbsp;-responsable de la pol\u00edtica econ\u00f3mica que intenta dar una respuesta a la inflaci\u00f3n, pero que por el momento no lo logra-, este mi\u00e9rcoles los principales referentes de la CGT se reunieron con el ministro en el Palacio de Hacienda, le ratificaron su&nbsp;<strong>respaldo&nbsp;<\/strong>y se manifestaron dispuestos a&nbsp;<strong>colaborar en el control de precios.<\/strong><\/p>\n\n\n\n<h2>Elecciones y mensaje al peronismo<\/h2>\n\n\n\n<p>La gran inquietud del sindicalismo kirchnerista es que la&nbsp;<strong>falta de definici\u00f3n de las candidaturas&nbsp;<\/strong>agrave la incertidumbre. \u201cR\u00e1pidamente, se tienen que empezar a acomodar los distintos sectores del peronismo.&nbsp;<strong>Tendr\u00edan que ya anunciar los dos, tres, cuatro o cinco candidatos<\/strong>&nbsp;para empezar a trabajar en un programa\u201d, dijo esta semana&nbsp;<strong>Pablo Moyano<\/strong>.<\/p>\n\n\n\n<p>Tambi\u00e9n pidi\u00f3 \u201c<strong>dejar de lado las divisiones\u00a0<\/strong>que han perjudicado no solo al Frente de Todos, sino tambi\u00e9n al pa\u00eds\u201d y esa\u00a0<strong>ser\u00e1 la l\u00ednea\u00a0<\/strong>en que este martes ahondar\u00e1 la central obrera, que reclamar\u00e1 una gran\u00a0<strong>mesa de di\u00e1logo para llegar a las PASO\u00a0<\/strong>en un escenario m\u00e1s estable que el actual.<\/p>\n\n\n\n<p>La central obrera quiere\u00a0<strong>posicionar al Movimiento Nacional Sindical Peronista<\/strong>, su brazo pol\u00edtico, para disputar cargos desde senadores hasta concejales; para presidente y gobernadores se alinear\u00e1 a los candidatos que se definan en las internas.<\/p>\n\n\n\n<p>Fuente: TN<\/p>\n","protected":false},"excerpt":{"rendered":"<div class=\"mh-excerpt\"><p>Con&nbsp;cr\u00edticas por la p\u00e9rdida de ingresos ante la alta inflaci\u00f3n, pero con un&nbsp;fuerte mensaje hacia la interna del Frente de Todos,&nbsp;bajo la consigna \u201cEstamos a tiempo\u201d, la Confederaci\u00f3n General del Trabajo (CGT) organizar\u00e1 el&nbsp;martes, a las 15:00,&nbsp;un&nbsp;acto por el D\u00eda del Trabajador, en el estadio Defensores de Belgrano, del barrio porte\u00f1o de N\u00fa\u00f1ez. El acto estar\u00e1\u00a0encabezado\u00a0por los tres integrantes de la c\u00fapula de la central obrera,\u00a0Pablo Moyano, H\u00e9ctor Daer y Carlos Acu\u00f1a\u00a0que, se prev\u00e9, ser\u00e1n los \u00fanicos\u00a0oradores. Har\u00e1n un\u00a0llamado a la unidad\u00a0y a un \u201cgran consenso pol\u00edtico, econ\u00f3mico y social\u201d, en l\u00ednea con al anuncio del ministro de Econom\u00eda,\u00a0Sergio Massa, <a class=\"mh-excerpt-more\" href=\"http:\/\/dsrmedios.com.ar\/diario\/archivos\/32232\" title=\"Con un acto por el D\u00eda del Trabajador, la CGT apura un fuerte mensaje a la interna del FDT\">[Leer m\u00e1s]<\/a><\/p>\n<\/div>","protected":false},"author":6,"featured_media":32233,"comment_status":"open","ping_status":"closed","sticky":false,"template":"","format":"standard","meta":{"_jetpack_newsletter_access":""},"categories":[6],"tags":[],"jetpack_featured_media_url":"http:\/\/dsrmedios.com.ar\/diario\/wp-content\/uploads\/2023\/04\/images-35.jpg","jetpack_sharing_enabled":true,"jetpack_shortlink":"https:\/\/wp.me\/p9fihK-8nS","_links":{"self":[{"href":"http:\/\/dsrmedios.com.ar\/diario\/wp-json\/wp\/v2\/posts\/32232"}],"collection":[{"href":"http:\/\/dsrmedios.com.ar\/diario\/wp-json\/wp\/v2\/posts"}],"about":[{"href":"http:\/\/dsrmedios.com.ar\/diario\/wp-json\/wp\/v2\/types\/post"}],"author":[{"embeddable":true,"href":"http:\/\/dsrmedios.com.ar\/diario\/wp-json\/wp\/v2\/users\/6"}],"replies":[{"embeddable":true,"href":"http:\/\/dsrmedios.com.ar\/diario\/wp-json\/wp\/v2\/comments?post=32232"}],"version-history":[{"count":1,"href":"http:\/\/dsrmedios.com.ar\/diario\/wp-json\/wp\/v2\/posts\/32232\/revisions"}],"predecessor-version":[{"id":32234,"href":"http:\/\/dsrmedios.com.ar\/diario\/wp-json\/wp\/v2\/posts\/32232\/revisions\/32234"}],"wp:featuredmedia":[{"embeddable":true,"href":"http:\/\/dsrmedios.com.ar\/diario\/wp-json\/wp\/v2\/media\/32233"}],"wp:attachment":[{"href":"http:\/\/dsrmedios.com.ar\/diario\/wp-json\/wp\/v2\/media?parent=32232"}],"wp:term":[{"taxonomy":"category","embeddable":true,"href":"http:\/\/dsrmedios.com.ar\/diario\/wp-json\/wp\/v2\/categories?post=32232"},{"taxonomy":"post_tag","embeddable":true,"href":"http:\/\/dsrmedios.com.ar\/diario\/wp-json\/wp\/v2\/tags?post=32232"}],"curies":[{"name":"wp","href":"https:\/\/api.w.org\/{rel}","templated":true}]}}