{"id":32222,"date":"2023-04-30T11:20:31","date_gmt":"2023-04-30T14:20:31","guid":{"rendered":"http:\/\/dsrmedios.com.ar\/diario\/?p=32222"},"modified":"2023-04-30T11:20:35","modified_gmt":"2023-04-30T14:20:35","slug":"horacio-rodriguez-larreta-mauricio-macri-sabe-que-si-soy-presidente-voy-a-mandar-yo","status":"publish","type":"post","link":"http:\/\/dsrmedios.com.ar\/diario\/archivos\/32222","title":{"rendered":"Horacio Rodr\u00edguez Larreta: \u201cMauricio Macri sabe que si soy presidente, voy a mandar yo\u201d"},"content":{"rendered":"\n<p><strong>Horacio Rodr\u00edguez Larreta tiene 57 a\u00f1os<\/strong>, de los cuales 30 se los ha dedicado formalmente a la pol\u00edtica. Entre otras cosas fue gerente general de la ANSES durante la presidencia de Menem e interventor del PAMI durante la gesti\u00f3n de Fernando de la R\u00faa. Es fundador del PRO junto a Mauricio Macri, a quien conoce desde la juventud. Con \u00e9l, comparti\u00f3 f\u00f3rmula en las elecciones porte\u00f1as de 2003, fue su jefe de gabinete desde 2007 y lo sucedi\u00f3 desde 2015. A partir de entonces, es el<strong>&nbsp;jefe de Gobierno de la Ciudad Aut\u00f3noma de Buenos Aires.<\/strong><\/p>\n\n\n\n<p>Larreta es un&nbsp;<strong>obsesivo de la \u201cpol\u00edtica basada en la evidencia<\/strong>\u201d, herramienta de gesti\u00f3n cuya bandera a nivel global fue levantada por el premier brit\u00e1nico Tony Blair, que promueve para la administraci\u00f3n p\u00fablica un modelo de trabajo sostenido en la utilizaci\u00f3n de la evidencia emp\u00edrica medida a trav\u00e9s de un tablero de control.&nbsp;<strong>\u201cTaladro Larreta\u201d,<\/strong>&nbsp;se le dice graciosamente al destacarse su apego al trabajo, al tiempo que, como a todo \u201ctipo duro\u201d, se le demanda una mayor cuota de emocionalidad.<\/p>\n\n\n\n<p><\/p>\n\n\n\n<p>\u201cCon Larreta podemos estar en las ant\u00edpodas de la ideolog\u00eda pol\u00edtica pero que labura, labura. Es un obsesivo de la gesti\u00f3n,&nbsp;<strong>no se le escapa nada<\/strong>\u201d, dice sobre el Jefe de Gobierno porte\u00f1o un integrante de la mesa chica de Cristina Kirchner.<\/p>\n\n\n\n<p>Quiz\u00e1s por eso se molesta cuando al comenzar la entrevista se le hace referencia a un hecho que todos los estudios de opini\u00f3n p\u00fablica revelan: el marcado enojo generalizado para con los pol\u00edticos por considerar que la dirigencia vive en&nbsp;<strong>un mundo paralelo<\/strong>, completamente ajeno al padecimiento popular a ra\u00edz de la crisis econ\u00f3mica.<\/p>\n\n\n\n<figure class=\"wp-block-image\"><img decoding=\"async\" src=\"https:\/\/tn.com.ar\/resizer\/Mvo5Z28Z_DshwvPPa16uDQzJzAE=\/767x0\/smart\/filters:format(webp)\/cloudfront-us-east-1.images.arcpublishing.com\/artear\/TCLNJI7WIBGOTHRJG6THUM3OJU.png\" alt=\"Horacio Rodr\u00edguez Larreta tiene 57 a\u00f1os, de los cuales 30 se los ha dedicado formalmente a la pol\u00edtica. (Foto: TN)\"\/><figcaption class=\"wp-element-caption\">Horacio Rodr\u00edguez Larreta tiene 57 a\u00f1os, de los cuales 30 se los ha dedicado formalmente a la pol\u00edtica. (Foto: TN)<\/figcaption><\/figure>\n\n\n\n<h2>La Argentina no es Disney<\/h2>\n\n\n\n<p><strong>&#8211; Horacio, \u00bfle gusta la campa\u00f1a? Hay una sensaci\u00f3n generalizada de que los pol\u00edticos est\u00e1n en \u201cDisney\u201d y la gente com\u00fan en otro lado, sobre todo cuando uno ve las peleas, las discusiones que tienen los pol\u00edticos est\u00e1n muy ajenas a todos estos temas.<\/strong><\/p>\n\n\n\n<p>&#8211; Yo no me siento en \u201cDisney\u201d, yo laburo para la ciudad de Buenos Aires desde las 6 de la ma\u00f1ana hasta las 10 de la noche, te aseguro que no es Disney la Argentina, lejos de eso. Ayudando a la gente, tratando de seguir mejorando la seguridad que en la ciudad ya viene mejorando, trabajando por la educaci\u00f3n p\u00fablica. Yo no me siento en Disney. Laburo much\u00edsimo.<\/p>\n\n\n\n<p><strong>&#8211; \u00bfY usted siente que algunos integrantes de la oposici\u00f3n s\u00ed viven en Disney?<\/strong><\/p>\n\n\n\n<p>&#8211; Yo te hablo de lo que hago yo. Como dec\u00eda mi abuela, las comparaciones son odiosas. Yo te hablo de mi convicci\u00f3n que es, como te digo, recorrer el pa\u00eds, escuchar, aprender, entender en serio la realidad de la Argentina y gobernar la ciudad de Buenos Aires. Gobernar es decidir, es estar encima. Los que nos est\u00e1n mirando no llegan al fin de la semana, no saben cu\u00e1nta guita tienen que llevar al supermercado el fin de semana porque es el doble que el fin de semana pasado.<\/p>\n\n\n\n<p><\/p>\n\n\n\n<p>&#8211;&nbsp;<strong>Cuando uno elige un presidente se activan dos variables como m\u00ednimo: una es la propuesta de pa\u00eds y la otra es la trayectoria, lo que hizo. Si uno mira lo que pas\u00f3 durante el gobierno nacional de Juntos por el Cambio se ve que todas las variables macroecon\u00f3micas anduvieron mal: inflaci\u00f3n, trabajo, inversi\u00f3n, etc\u00e9tera. \u00bfPor qu\u00e9 tenemos que creer que si gobierna usted deber\u00eda pasar algo distinto?<\/strong><\/p>\n\n\n\n<p>&#8211; Como dijiste vos, la gente tiene que mirar el&nbsp;<em>track record<\/em>&nbsp;de cada uno. Llevo casi ocho a\u00f1os gobernando la ciudad de Buenos Aires y estoy orgulloso del trabajo que venimos haciendo. Ojo, nos podr\u00edamos quedar dos programas enteros hablando de lo que falta, de los problemas, no hay ninguna duda de eso. Pero la transformaci\u00f3n de la ciudad no la niega nadie y ese es mi trabajo de todos estos a\u00f1os como parte de Juntos por el Cambio. Por supuesto me hago cargo y hago la autocr\u00edtica de que aprendimos de los errores. Pero se hicieron muchas cosas, se insert\u00f3 la Argentina en el mundo, se hicieron buenas infraestructuras, se mejor\u00f3 la conectividad a\u00e9rea, se avanz\u00f3 en muchas cosas. Claramente, en uno de los temas centrales, que es la lucha contra la inflaci\u00f3n, no se pudo superar ese flagelo de a\u00f1os y hoy seguimos mucho peor de lo que est\u00e1bamos en ese momento. Aprendemos, aprendimos, estudiamos. Yo soy muy estudioso. Soy economista, miro los n\u00fameros, miro la historia argentina. Acabo de terminar un libro de Frondizi, que es, para m\u00ed, de las mejores \u00e9pocas de la Argentina. Fui a Israel a entender bien c\u00f3mo fue el Plan de Estabilizaci\u00f3n. Eso es lo que yo hago, trato de aprender, de estudiar.<\/p>\n\n\n\n<p><strong>&#8211; \u00bfMeti\u00f3 la pata Macri cuando dijo que arreglar la inflaci\u00f3n es un tema muy simple? Incluso, dec\u00eda que tener inflaci\u00f3n es un s\u00edntoma de gobernar mal.<\/strong><\/p>\n\n\n\n<p>&#8211; Tener la inflaci\u00f3n es un s\u00edntoma en la Argentina de gobernar mal en los \u00faltimos 80 a\u00f1os. Lo que no es simple. No hay nada que yo te pueda decir ac\u00e1 para poner un z\u00f3calo de la tele de c\u00f3mo se soluciona la inflaci\u00f3n. \u00bfVamos a bajar la inflaci\u00f3n? No tengas dudas: vamos a bajar la inflaci\u00f3n. Pero no es simple. No hay soluciones m\u00e1gicas. Al que te venga con un t\u00edtulo rimbombante, \u201cla inflaci\u00f3n se soluciona en una palabra\u201d, no le creas.<\/p>\n\n\n\n<p><strong>&#8211; Pero la inflaci\u00f3n tiene variables: la emisi\u00f3n monetaria, las expectativas, la velocidad con la que circula la plata y, sobre todo, el gasto p\u00fablico.<\/strong><\/p>\n\n\n\n<p>&#8211; S\u00ed, y el desarrollo. Un pa\u00eds, creciendo, es mucho m\u00e1s f\u00e1cil. Son muchas variables, una mesa de muchas patas y hay que solucionar y mejorar cada una de esas patas, que es la parte del plan.<\/p>\n\n\n\n<figure class=\"wp-block-image\"><img decoding=\"async\" src=\"https:\/\/tn.com.ar\/resizer\/prZmPdxPkhiQPFqfoXapVgJV9cc=\/767x0\/smart\/filters:format(webp)\/cloudfront-us-east-1.images.arcpublishing.com\/artear\/XDKVY33CDRFS7KNEP7XJJNROF4.png\" alt=\"Horacio Rodr\u00edguez Larreta en una entrevista exclusiva con el periodista pol\u00edtico Gonzalo Aziz. (Foto: TN)\"\/><figcaption class=\"wp-element-caption\">Horacio Rodr\u00edguez Larreta en una entrevista exclusiva con el periodista pol\u00edtico Gonzalo Aziz. (Foto: TN)<\/figcaption><\/figure>\n\n\n\n<h2>Horacio Rodr\u00edguez Larreta y el ministerio de la Mujer<\/h2>\n\n\n\n<p><strong>&#8211; Le traslado una pregunta que me hacen en casa, mis amigos, que dice: \u00bfsi Macri, que es del PRO, no pudo resolver la inflaci\u00f3n por qu\u00e9 Larreta que tambi\u00e9n es del PRO lo va a hacer?<\/strong><\/p>\n\n\n\n<p>&#8211; Primero, porque aprendemos de las situaciones pasadas. Yo creo que el propio Macri no har\u00eda lo mismo que hizo durante su gobierno. Con lo cual vamos evolucionando, vamos incorporando informaci\u00f3n, aprendiendo de la experiencia. Si hay algo que no funcion\u00f3, no vamos a repetir lo mismo. Por eso mismo es que tenemos un plan integral que, insisto tanto en que no hay soluciones m\u00e1gicas. Un plan integral que empieza, para darte algunas medidas\u2026 Primero, no vamos a seguir gastando m\u00e1s de lo que tenemos. No podemos seguir, no vamos a seguir con d\u00e9ficit todos los a\u00f1os. Eso significa que no vamos a emitir para financiar al Gobierno. Siempre vamos a darle independencia real al Banco Central. Hoy, el Banco Central depende mucho del Gobierno nacional. Vamos a exportar m\u00e1s. Hoy, el mundo est\u00e1 abierto y necesita productos argentinos. Podr\u00eda seguir dici\u00e9ndote vamos, vamos, vamos, porque el plan es largo.<\/p>\n\n\n\n<p><strong>&#8211; Pero bajar la emisi\u00f3n implica tambi\u00e9n controlar el gasto p\u00fablico<\/strong><\/p>\n\n\n\n<p>&#8211; Por supuesto, bajar el gasto.<\/p>\n\n\n\n<p><strong>&#8211; Exactamente, y un gesto muy importante tambi\u00e9n que la poblaci\u00f3n necesita es el achicamiento del Estado, que es muy grande en la Argentina. \u00bfCoincide?<\/strong><\/p>\n\n\n\n<p>&#8211; Es uno de los gastos que hay que bajar. Esto es con lupa, es ministerio por ministerio, secretar\u00eda, por secretar\u00eda, l\u00ednea del presupuesto. Hay que tener gente que conozca, que conozca del presupuesto, que entienda de esto para entrarle con una lupa y con un bistur\u00ed a cortar y cortar y cortar.<\/p>\n\n\n\n<p><strong>&#8211; \u00bfQu\u00e9 ministerios desaparecer\u00edan en una eventual presidencia de Horacio Rodr\u00edguez Larreta?<\/strong><\/p>\n\n\n\n<p>&#8211; Primero, vos pens\u00e1 que yo, en la ciudad, tengo, m\u00e1s o menos, la mitad de los ministerios que tiene el Gobierno nacional. Y segundo, s\u00ed, se puede reducir m\u00e1s o menos a la mitad la cantidad de ministerios. Por otra parte, la t\u00edpica pregunta: \u00bfel ministerio de la Mujer? El ministerio de la Mujer, \u00bfcu\u00e1l es? El de Salud, porque se ocupa de la salud de las mujeres. El de Educaci\u00f3n, que se ocupa de la educaci\u00f3n de las mujeres. Porque si no parece que tenemos s\u00f3lo un \u00e1rea del Gobierno que se ocupa de la mujer y el resto lo importa. No est\u00e1 bien. Eso es un mal enfoque.<\/p>\n\n\n\n<p><strong>&#8211; O sea que, con Larreta, no hay ministerio de la Mujer en la naci\u00f3n<\/strong><\/p>\n\n\n\n<p>&#8211; Nos ocupamos de las mujeres en todo el Gobierno. No pasa por un ministerio.<\/p>\n\n\n\n<p><strong>&#8211; Pero \u00bfuna oficina espec\u00edficamente para la mujer no habr\u00e1?<\/strong><\/p>\n\n\n\n<p>&#8211; Habr\u00e1 dentro de alg\u00fan ministerio. Hay temas puntuales de la mujer, por ejemplo: la violencia de g\u00e9nero. Ese es un tema que afecta mucho m\u00e1s a las mujeres que a los hombres con lo cual requiere un tratamiento especial.<\/p>\n\n\n\n<p><strong>&#8211; Si usted fuese \u201ctitulero\u201d de un diario, podr\u00edamos titular que, con Larreta, no hay ministerio de la Mujer.<\/strong><\/p>\n\n\n\n<p>&#8211; Yo no soy \u201ctitulero\u201d de un diario, yo quiero ser presidente de la naci\u00f3n. Yo no creo en esto del ministerio de la Mujer, ni mucho menos creo que eso significa la importancia que el Gobierno le da o no al tema de la mujer que es tan importante. En la ciudad de Buenos Aires, tenemos pol\u00edticas de g\u00e9nero, hemos cambiado el tema de las licencias parentales para que sea m\u00e1s parejo. Tenemos toda una pol\u00edtica de promocionar mujeres en el Gobierno y no tenemos un ministerio de la Mujer. La importancia que se le da a un tema no tiene nada que ver con el\u00a0<em>raviol\u00a0<\/em>o no.<\/p>\n\n\n\n<h2>Horacio Rodr\u00edguez Larreta: \u201cSergio Massa es parte del fracaso de este Gobierno\u201d<\/h2>\n\n\n\n<p><strong>&#8211; Hagamos un juego de sinceridad brutal.<\/strong><\/p>\n\n\n\n<p>&#8211; Brutal.<\/p>\n\n\n\n<p><strong>&#8211; Vamos a buscarle virtudes a los adversarios y defectos a los amigos.<\/strong><\/p>\n\n\n\n<p><strong>\u00bfQu\u00e9 virtud le encuentra a Cristina Fern\u00e1ndez de Kirchner?<\/strong><\/p>\n\n\n\n<p>&#8211; Y con sinceridad brutal, es dif\u00edcil. Creo que ha dejado un legado muy negativo para la Argentina. Ha profundizado much\u00edsimo las peleas. Los que no est\u00e1n con ella son enemigos y, \u201csi los puedo matar, los mato\u201d.<\/p>\n\n\n\n<p><strong>&#8211; Muchos de su espacio pol\u00edtico han dicho que, por ejemplo, Cristina tiene muy buena capacidad de conducci\u00f3n pol\u00edtica<\/strong><\/p>\n\n\n\n<p>&#8211; Bueno, es una buena oradora. Pero su oratoria es para impulsar medidas\u2026Bueno, ella es responsable del ciento y algo por ciento de inflaci\u00f3n que tenemos, del d\u00f3lar a $500.<\/p>\n\n\n\n<p>Es la responsable y protagonista de eso.<\/p>\n\n\n\n<p><strong>&#8211; \u00bfQu\u00e9 virtud le encuentra a Alberto Fern\u00e1ndez?<\/strong><\/p>\n\n\n\n<p>&#8211; Me cuesta porque, en todo caso, Cristina tiene, como dec\u00edas, capacidad de conducci\u00f3n pol\u00edtica; Alberto, ni eso. Y eso, la verdad, es un gobierno fracasado. Muy dif\u00edcil encontrar virtudes en un Gobierno que le deja a la Argentina ciento y pico por ciento de inflaci\u00f3n. \u00bfSab\u00e9s qu\u00e9 es ciento y pico por ciento de inflaci\u00f3n? Que la gente no llega al fin de semana, que no puede proyectar, que el negocio que vende un producto cuando lo tiene que reponer, lo repone m\u00e1s caro de lo que lo vendi\u00f3. Pierde plata. Eso es lo que nos deja Alberto Fern\u00e1ndez.<\/p>\n\n\n\n<p><strong>&#8211; \u00bfQu\u00e9 virtud le encuentra a Sergio Massa?<\/strong><\/p>\n\n\n\n<p>&#8211; \u00c9l es parte de este Gobierno. Es parte del fracaso del kirchnerismo. Primero como jefe de la c\u00e1mara de Diputados. Hoy, como ministro de Econom\u00eda. Es uno de los responsables del kirchnerismo, de la situaci\u00f3n en la que estamos.<\/p>\n\n\n\n<p><strong>&#8211; Bueno, usted y Massa son amigos&#8230;<\/strong><\/p>\n\n\n\n<p>&#8211; Una cosa no tiene nada que ver con la otra. \u00bfQu\u00e9 tiene que ver?<\/p>\n\n\n\n<p><strong>&#8211; Pero cuando a sus amigos les encuentra virtudes m\u00e1s all\u00e1 de sus errores pol\u00edticos.<\/strong><\/p>\n\n\n\n<p>&#8211; Est\u00e1 bien, pero hoy me est\u00e1s preguntando como l\u00edder pol\u00edtico en Econom\u00eda.<\/p>\n\n\n\n<p><strong>&#8211; No, en general.<\/strong><\/p>\n\n\n\n<p>&#8211; Una cosa es lo personal y otra cosa es la pol\u00edtica. \u00c9l, en la pol\u00edtica, es parte del kirchnerismo. Est\u00e1 fracasando, ha fracasado. Genera ciento y algo por ciento de inflaci\u00f3n. Esa es la realidad y eso es lo que afecta a la gente, y eso es lo que importa en un l\u00edder pol\u00edtico y es un l\u00edder pol\u00edtico \u00e9l.<\/p>\n\n\n\n<p><strong>&#8211; Yo cuando veo que un amigo m\u00edo se manda una macana, lo siento en casa, le digo \u201cme parece que en esto te est\u00e1s equivocando\u201d&#8230;<\/strong><\/p>\n\n\n\n<p>&#8211; No, una cosa es una relaci\u00f3n personal y otra cosa es alguien que tiene un rol protag\u00f3nico en el Gobierno. Protag\u00f3nico en serio.<\/p>\n\n\n\n<p><strong>&#8211; \u00bfUsted habla con Sergio Massa?<\/strong><\/p>\n\n\n\n<p>&#8211; Poco y no soy qui\u00e9n yo para decirle lo que tiene que hacer o no.<\/p>\n\n\n\n<p><strong>&#8211; \u00bfLe gusta esa situaci\u00f3n de no hablar con un amigo por diferencias pol\u00edticas? Porque eso va a contramano de lo que usted propone p\u00fablicamente, que es el tema de dialogar.<\/strong><\/p>\n\n\n\n<p>&#8211; Yo te soy sincero: tengo laburo 20 horas por d\u00eda. El poqu\u00edsimo tiempo que tengo libre se lo destino a estar un rato con mi pareja o bien salir con mis hijas. Ni siquiera a la cancha de Racing estoy yendo mucho, imaginate. As\u00ed que no tengo mucho tiempo de ver a mis amigos de la vida.<\/p>\n\n\n\n<p><strong>&#8211; Vamos a ver los defectos de los de los compa\u00f1eros de pol\u00edtica. \u00bfQu\u00e9 defecto le encuentra a Mauricio Macri?<\/strong><\/p>\n\n\n\n<p>&#8211; \u00bfAdem\u00e1s de que es hincha de Boca? (rie)<\/p>\n\n\n\n<p><strong>&#8211; Es una virtud eso.<\/strong>&nbsp;<strong>De verdad: \u00bfqu\u00e9 no le gusta de Macri?<\/strong><\/p>\n\n\n\n<p>&#8211; Tenemos discusiones y diferencias. En los \u00faltimos d\u00edas, tuvimos una discusi\u00f3n. A ver, hay temas en los que discrepamos. Hace diez d\u00edas, se vio que discrepamos con el tema de c\u00f3mo se elige el jefe de gobierno en la Ciudad. Pero discrepar en un tema no lo hace un defecto.<\/p>\n\n\n\n<p><strong>&#8211; \u00bfLe gusta todo de Macri?<\/strong><\/p>\n\n\n\n<p>&#8211; Sab\u00e9s que los t\u00edtulos simplifican. Hay situaciones que son m\u00e1s complejas, relaciones personales de muchos a\u00f1os. No es para poner un t\u00edtulo.<\/p>\n\n\n\n<p><strong>&#8211; \u00bfQu\u00e9 no le gusta de Patricia Bullrich?<\/strong><\/p>\n\n\n\n<p>&#8211; Yo no estoy de acuerdo con las cr\u00edticas a miembros del propio equipo. Yo no me engancho, jam\u00e1s lo hago. No lo voy a hacer. No estoy de acuerdo con criticar a ning\u00fan miembro de Juntos para el Cambio. Creo que eso no ayuda, nos debilita y no es bueno para el pa\u00eds. No lo hago, ni lo voy a hacer, ni lo hice nunca.<\/p>\n\n\n\n<p><strong>&#8211; \u00bfQu\u00e9 no le gusta de Mar\u00eda Eugenia Vidal?<\/strong><\/p>\n\n\n\n<p>&#8211; Mar\u00eda Eugenia es amiga m\u00eda en serio.<\/p>\n\n\n\n<p><strong>&#8211; Lo s\u00e9. Pero \u00bfqu\u00e9 le marca como defecto? Todos nuestros amigos tienen defectos.<\/strong><\/p>\n\n\n\n<p>&#8211; El hecho de que no quiera dar el t\u00edtulo, de que no tenga una definici\u00f3n tipo \u201cno me gusta tal cosa\u201d no quiere decir que no me anime.<\/p>\n\n\n\n<figure class=\"wp-block-image\"><img decoding=\"async\" src=\"https:\/\/tn.com.ar\/resizer\/3aqPw3xkzkr_VE8JBqouQFmoOJM=\/767x0\/smart\/filters:format(webp)\/cloudfront-us-east-1.images.arcpublishing.com\/artear\/7N7LP2RKVFCLDGRQOY4SGW7544.png\" alt=\"Larreta se refiri\u00f3 al ministro de Econom\u00eda, Sergio Massa. (Foto: TN)\"\/><figcaption class=\"wp-element-caption\">Larreta se refiri\u00f3 al ministro de Econom\u00eda, Sergio Massa. (Foto: TN)<\/figcaption><\/figure>\n\n\n\n<h2>Horacio Rodr\u00edguez Larreta: \u201cJavier Milei es la expresi\u00f3n del descontento\u201d<\/h2>\n\n\n\n<p><strong>&#8211; Si usted fuese analista pol\u00edtico\u2026 Juegue a ser eso, \u00bfqu\u00e9 le parece la figura de Javier Milei?<\/strong><\/p>\n\n\n\n<p>&#8211; Me parece la expresi\u00f3n del descontento. Pero tambi\u00e9n me parece que sacar la Argentina adelante requiere primero experiencia de gesti\u00f3n, requiere conocer el Estado requiere conocer los ministerios de cada lugar del Estado. Hay que conocer. Uno, cuando tiene un problema, llama a un especialista. Hay especialistas que tienen buena trayectoria y otros que tienen mala. No somos todos iguales.<\/p>\n\n\n\n<p><strong>&#8211; \u00bf\u00c9l no conoce de eso?<\/strong><\/p>\n\n\n\n<p>&#8211; No tiene experiencia de funcionamiento del Estado.<\/p>\n\n\n\n<p><strong>&#8211; \u00bfY por qu\u00e9 cree que le va tan bien en las encuestas a Milei?<\/strong><\/p>\n\n\n\n<p>&#8211; Yo creo que hay un descontento generalizado, que la gente busca m\u00e1s bien fuera de la pol\u00edtica.<\/p>\n\n\n\n<p><strong>&#8211; Y pasadas las internas, \u00bfcree que hay que tratar de buscar un punto de entendimiento con Milei?<\/strong><\/p>\n\n\n\n<p>&#8211; Yo me comprometo a dialogar, si soy electo presidente, con todos los elegidos por la gente, por supuesto. Con todos los que la gente elija como corresponde. \u00bfC\u00f3mo es que voy a decir yo \u201cno, mir\u00e1, este gobernador que lo eligieron a m\u00ed no me gusta porque es de otro partido entonces no hablo\u201d? Eso es desconocer.<\/p>\n\n\n\n<p><strong>&#8211; Le pregunto eso porque Milei dijo de usted: \u201czurdo de mierda, te puedo aplastar a\u00fan en silla de ruedas\u201d.<\/strong><\/p>\n\n\n\n<p>&#8211; \u00bfQu\u00e9 te dije antes? Que yo no me voy a meter en agresiones. No creo en la violencia. Ac\u00e1, la gente que nos est\u00e1 mirando tiene que decidir entre violencia, agresiones, insultos o la Argentina del progreso del desarrollo que busca la unidad.<\/p>\n\n\n\n<p><strong>&#8211; No me diga que no sinti\u00f3 bronca.<\/strong><\/p>\n\n\n\n<p>&#8211; Obvio, cuando te putean sent\u00eds eso. Pero yo tengo una responsabilidad como dirigente. Adem\u00e1s, tengo que bajar la calentura. Cuento hasta cien y digo: con todos los elegidos por la gente yo voy a dialogar. Que sea diputado, que sea senador o que sea gobernador. \u00bfQui\u00e9n soy yo para decir \u201cno\u201d?<\/p>\n\n\n\n<p><strong>&#8211; Vamos a la interna de la ciudad y no vale responder \u201cvoy a apoyar al candidato del PRO\u201d<\/strong><\/p>\n\n\n\n<p>&#8211; No vale condicionar las respuestas. (rie)<\/p>\n\n\n\n<p><strong>&#8211; Imaginemos que Horacio Rodr\u00edguez Larreta es un ser que baja de un planeta lejano, de repente cae al planeta Tierra y tiene que decirme qui\u00e9n se parece m\u00e1s a usted, a Horacio Rodr\u00edguez Larreta. \u00bfSe parece m\u00e1s a usted Jorge Macri o Mart\u00edn Lousteau?<\/strong><\/p>\n\n\n\n<p>&#8211; Los dos tienen mucho pelo, con lo cual, por ese lado&#8230; Son un poquito m\u00e1s altos que yo. (rie)<\/p>\n\n\n\n<p>&#8211;&nbsp;<strong>En sus ideas pol\u00edticas, \u00bfde qui\u00e9n se siente m\u00e1s cercano?<\/strong>&nbsp;<strong>Honestamente.<\/strong><\/p>\n\n\n\n<p>&#8211; Yo siempre me siento m\u00e1s cercano con los candidatos del PRO. Hoy en la ciudad, tenemos tres candidatos del PRO. Tres candidatos de mi gabinete. Es un orgullo eso.<\/p>\n\n\n\n<p><strong>&#8211; Ahora, despejados de ese contexto.<\/strong><\/p>\n\n\n\n<p>&#8211; Siempre voy a priorizar un candidato del PRO.<\/p>\n\n\n\n<p><strong>&#8211; Pensando en el dec\u00e1logo pol\u00edtico de Lousteau y el dec\u00e1logo pol\u00edtico de Jorge Macri, \u00bfcon qui\u00e9n se identifica m\u00e1s?<\/strong><\/p>\n\n\n\n<p>&#8211; Yo siempre voy a estar apoyando a los candidatos del PRO.<\/p>\n\n\n\n<p><strong>&#8211; \u00bfEst\u00e1 bien que una persona que fue intendente de Vicente L\u00f3pez hasta hace tres d\u00edas sea candidato en la ciudad de Buenos Aires?<\/strong><\/p>\n\n\n\n<p>&#8211; Si la Constituci\u00f3n lo permite, s\u00ed.<\/p>\n\n\n\n<p><strong>&#8211; \u00bfY lo permite la Constituci\u00f3n?<\/strong><\/p>\n\n\n\n<p>&#8211; A mi entender, s\u00ed. \u00c9l mostr\u00f3 los papeles, mostr\u00f3 los antecedentes. Yo no soy abogado pero lo que yo entiendo de esto, s\u00ed.<\/p>\n\n\n\n<p><strong>&#8211; \u00bfQu\u00e9 opina de la utilizaci\u00f3n de la vida personal para hacer campa\u00f1as presidenciales?<\/strong><\/p>\n\n\n\n<p>&#8211; Yo soy especialmente reservado en eso. Ahora, no juzgo a otro que lo haga, pero yo en particular soy muy reservado respecto de mi vida personal.<\/p>\n\n\n\n<p><strong>&#8211; A eso quer\u00eda ir, porque sorprendi\u00f3 mucho el blanqueo p\u00fablico de su relaci\u00f3n sentimental.<\/strong><\/p>\n\n\n\n<p>&#8211; No va a ser parte de la campa\u00f1a. Ahora, dentro de la naturalidad. No es que voy a hacer campa\u00f1a de mi pareja. Pero no tengo nada que ocultar. Es parte de la vida natural. Salgo a cenar, me saco una foto, a alg\u00fan evento p\u00fablico me puede acompa\u00f1ar.<\/p>\n\n\n\n<p><strong>&#8211; \u00bfQu\u00e9 opini\u00f3n tiene sobre el rol de la primera dama pensando que usted quiere ser presidente? Porque ha habido tantos avances en materia del rol que la mujer ocupa en la sociedad que suena un poco vetusto el tema este de la primera dama como una simple compa\u00f1era del presidente.<\/strong><\/p>\n\n\n\n<p>&#8211; No, no, yo no creo en el rol protocolar, m\u00e1s all\u00e1 de que te pueda acompa\u00f1ar a alguna situaci\u00f3n, evento, como uno acompa\u00f1a a su pareja a cosas de su trabajo y viceversa. Pero no creo que haya un rol protocolar. S\u00ed creo que hay mujeres que tienen iniciativa y, desde ese lugar, que tiene una representaci\u00f3n, pueden ayudar y mucho. Creo que tiene m\u00e1s que ver con lo que hace cada mujer en ese rol o cada hombre, si fuera una mujer la presidenta. Tiene m\u00e1s que ver la iniciativa personal, los temas que trata, los lugares en que ayuda, que se mete m\u00e1s que el rol..<\/p>\n\n\n\n<p><strong>&#8211; \u00bfY qu\u00e9 imagina usted para su mujer en caso de que usted sea presidente?<\/strong><\/p>\n\n\n\n<p>&#8211; Mira, ella tiene una vocaci\u00f3n muy fuerte en los temas sociales.<\/p>\n\n\n\n<p><strong>&#8211; Va a seguir trabajando. No es que vaya a trabajar de primera dama.<\/strong><\/p>\n\n\n\n<p>&#8211; Va a seguir trabajando, pero tambi\u00e9n es cierto que es un rol que te da la posibilidad de, por ah\u00ed, tener m\u00e1s influencia. Entonces yo me la imagino con su vocaci\u00f3n p\u00fablica, con su dedicaci\u00f3n ayudando en lo social, ayudando a los que menos tienen. Tiene mucho trabajo hecho en las villas del Conurbano, que son lugares muy humildes.<\/p>\n\n\n\n<h2>Horacio Rodr\u00edguez Larreta y su precandidato a vicepresidente: \u201cNo lo tengo definido\u201d<\/h2>\n\n\n\n<p><strong>&#8211; Horacio, si yo le digo que a la gente hay que hablarle de certezas siempre y no enigm\u00e1tico, \u00bfcoincide conmigo?<\/strong><\/p>\n\n\n\n<p>&#8211; Certezas siempre, en la medida que uno las tenga. Tampoco dar certezas de algo que no existe.<\/p>\n\n\n\n<p><strong>&#8211; Y si le digo que las personas y sus ideas definen, a la larga, lineamientos pol\u00edticos. \u00bfCoincide con eso?<\/strong><\/p>\n\n\n\n<p>&#8211; La persona define, pero quien conduce es el presidente.<\/p>\n\n\n\n<p><strong>&#8211; Entonces, \u00bfpodemos saber qui\u00e9n va a ser su candidato\/a a vicepresidente?<\/strong><\/p>\n\n\n\n<p>&#8211; No lo tengo definido. No voy a dar una certeza de donde no tengo.<\/p>\n\n\n\n<p><strong>&#8211; Pero \u00bfva en camino a compartir f\u00f3rmula con alguien de otro partido integrante de Juntos por el Cambio?<\/strong><\/p>\n\n\n\n<p>&#8211; Ser\u00eda una posibilidad como pas\u00f3 en las elecciones intermedias de 2021, donde la mayor\u00eda de los lugares fueron f\u00f3rmulas cruzadas. Ahora, no es dogm\u00e1tico eso, no es una decisi\u00f3n tomada.<\/p>\n\n\n\n<p><strong>&#8211; \u00bfEl nombre del ministro de Econom\u00eda lo tiene en la cabeza?<\/strong><\/p>\n\n\n\n<p>&#8211; No. No, ni lo tendr\u00eda, ni me parece que haya que anticiparlo, estoy trabajando con un equipo con much\u00edsima seriedad. Hoy, el equipo econ\u00f3mico de la Fundaci\u00f3n Pensar lo coordina Hern\u00e1n Lacunza. Participan ah\u00ed tambi\u00e9n Luciano Laspina. Es un equipo grande que participa, pero lo coordina Hern\u00e1n Lacunza.<\/p>\n\n\n\n<p><strong>&#8211; \u00bfSe animar\u00eda a hacer un gesto as\u00ed disruptivo y a sumar gente del actual Gobierno a su Gobierno?<\/strong><\/p>\n\n\n\n<p>&#8211; Mira, yo creo en eso. Por ejemplo, Mauricio sum\u00f3 la continuidad de Bara\u00f1ao. Pero a los de Econom\u00eda, Educaci\u00f3n y Salud no los mantendr\u00eda.<\/p>\n\n\n\n<p><strong>&#8211; Horacio, Bullrich dijo que Larreta tiene miedo a tomar decisiones. \u00bfQu\u00e9 le responde?<\/strong><\/p>\n\n\n\n<p>&#8211; No coincido en criticarnos dentro de Juntos para el Cambio. No coincido en las cr\u00edticas internas. Creo que no nos ayudan nada, ni a Juntos por el Cambio, ni al PRO y mucho menos a la Argentina. Ac\u00e1 los problemas son otros. La inflaci\u00f3n, eso es lo que tenemos que cuestionar. El problema es la inseguridad. Ah\u00ed, yo pongo mi esfuerzo, pongo mi foco. Son los mensajes que transmito por todo el pa\u00eds. No creo en las cr\u00edticas internas, no son buenas, no ayudan.<\/p>\n\n\n\n<p><strong>&#8211; Algunos, los que lo critican a usted, hacen pasar esa moderaci\u00f3n que tiene la vocaci\u00f3n de di\u00e1logo como una sensaci\u00f3n de debilidad\u2026<\/strong><\/p>\n\n\n\n<p>&#8211; La firmeza no est\u00e1 en ver qui\u00e9n grita m\u00e1s fuerte y en ver qui\u00e9n insulta m\u00e1s al otro, en decir \u201cyo no dialogo con nadie\u201d. Hay que tener mucho m\u00e1s coraje para dialogar con el que piensa distinto, para buscar un espacio de acuerdo que para ponerte del otro lado desde la tribuna e insultar.<\/p>\n\n\n\n<p><strong>&#8211; Si es presidente \u00bfva a mantener su mirada sobre los piquetes?<\/strong><\/p>\n\n\n\n<p>&#8211; Mi mirada sobre los piquetes la tengo muy clara. Esto se soluciona de una manera muy sencilla: lleg\u00e1s al 10 de diciembre y sac\u00e1s a los intermediarios. Hoy ten\u00e9s organizaciones sociales que son las que deciden qui\u00e9n recibe un plan y qui\u00e9n no, y con esta decisi\u00f3n, los aprietan para ir a la marcha. Eso se corta, la gente no va a tener la obligaci\u00f3n de ir a una marcha m\u00e1s.<\/p>\n\n\n\n<p><strong>&#8211; Tambi\u00e9n hay que pensar en la persona que queda trabada en el piquete, que pierde un turno m\u00e9dico. Una ambulancia queda parada en un piquete y es una muerte\u2026<\/strong><\/p>\n\n\n\n<p>&#8211; Yo te estoy diciendo c\u00f3mo solucionarlo. Te contest\u00e9 bien concreto c\u00f3mo se soluciona.<\/p>\n\n\n\n<p><strong>&#8211; Hagamos pol\u00edtica comparada. Estudio de la Fundaci\u00f3n CIAS dice que Cristina dej\u00f3 la presidencia en 2015 con 253.939 planes; y que Macri dej\u00f3 641.762 planes.<\/strong><\/p>\n\n\n\n<p><strong>&#8211;\u00a0<\/strong>Una cosa es la cantidad de planes y otra cosa son los intermediarios. Cristina Kirchner con Alberto Fern\u00e1ndez, en este momento volvieron al sistema que para tener un plan tienes que pasar por una cooperativa, l\u00e9ase por un intermediario. En este Gobierno, para tener un plan social, ten\u00e9s que tocarle la puerta a una organizaci\u00f3n social que despu\u00e9s te obliga a ir al piquete. As\u00ed se sacan los piquetes, te lo digo de forma muy concreta.<\/p>\n\n\n\n<h2>Horacio Rodr\u00edguez Larreta: \u201cSi yo soy electo presidente, voy a manejar yo\u201d<\/h2>\n\n\n\n<p><strong>&#8211; La pol\u00edtica basada en evidencia, de la cual Ud. siempre hace gala, traza un paralelismo con la medicina. En la medicina, muchas veces hay que sufrir para despu\u00e9s tener bienestar. \u00bfUd. es de los que considera que hay que pasar por un momento de dolor para recuperar el bienestar en la Argentina?<\/strong><\/p>\n\n\n\n<p>&#8211; Ya estamos en un momento de dolor, estamos en un momento de much\u00edsimo dolor, de much\u00edsima gente que no puede pagar el alquiler, de mucha gente que le mataron a alg\u00fan ser querido en una situaci\u00f3n de inseguridad. Hoy estamos pasando una situaci\u00f3n de much\u00edsimo dolor. Estoy convencido de que la vamos a superar. La Argentina tiene todo para estar mejor, la Argentina merece estar mejor y yo voy a trabajar para eso y vamos a sacar a la Argentina adelante. Pero el dolor lo estamos sufriendo hoy y mucho.<\/p>\n\n\n\n<p><strong>&#8211; Algo que casi todo el c\u00edrculo de poder le reconoc\u00eda a N\u00e9stor Kirchner fue su capacidad de terminar su relaci\u00f3n pol\u00edtico-paternal con Eduardo Duhalde. Lo desafi\u00f3 a duelo en una elecci\u00f3n y lo venci\u00f3. \u00bfUsted va a cerrar su relaci\u00f3n con Macri?<\/strong><\/p>\n\n\n\n<p>&#8211; No, \u00bfpor qu\u00e9? \u00bfQu\u00e9 tiene que ver? Nosotros tenemos una relaci\u00f3n de hace 20 a\u00f1os con \u00e9l. Tenemos una relaci\u00f3n de afecto, somos parte de Juntos para el Cambio.<\/p>\n\n\n\n<p><strong>&#8211; Pero, si ud. es presidente \u00bfva a manejar usted o va a manejar Macri?<\/strong><\/p>\n\n\n\n<p>&#8211; Si yo soy electo presidente, voy a manejar yo, como corresponde, como manej\u00f3 \u00e9l cuando el presidente era \u00e9l. De eso no tengas ninguna duda.<\/p>\n\n\n\n<p><strong>&#8211; \u00bfY usted cree que Macri se va a bancar esa?<\/strong><\/p>\n\n\n\n<p>&#8211; \u00c9l cree lo mismo que yo, lo ha dicho p\u00fablicamente. Ac\u00e1, el que manda es el presidente de la naci\u00f3n electo por los argentinos. Y si los argentinos me eligen a m\u00ed voy a mandar yo. Te lo repito: voy a mandar yo porque fui electo por la gente, as\u00ed como hoy en la ciudad de Buenos Aires decido yo y todos los d\u00edas tomo decisiones. Voy a tomar las decisiones yo si la gente me elige como presidente de la naci\u00f3n, no tengas duda.<\/p>\n\n\n\n<p><strong>&#8211; Hay en el mundo una profunda crisis de liderazgos pol\u00edticos, sobre todo por carencias de inteligencia emocional que se traduce en incapacidad de movilizar a la gente. Y una de las cuestiones de las variables m\u00e1s importantes que tiene la inteligencia emocional es la capacidad de pedir perd\u00f3n. \u00bfPor qu\u00e9 le gustar\u00eda pedir perd\u00f3n?<\/strong><\/p>\n\n\n\n<p>&#8211; Yo les pido perd\u00f3n a los porte\u00f1os porque no he solucionado algunos problemas. Por m\u00e1s que se ha avanzado mucho, siempre falta. Al que se queda trabado en un corte, al que se le rompe un \u00e1rbol en la puerta de la casa. Le pido perd\u00f3n a cada uno porque podr\u00edamos haber hecho mejor las cosas. Hago reuniones de vecinos todas las semanas, dos, tres veces por semana. Voy y les pregunto a todos qu\u00e9 podemos hacer mejor, qu\u00e9 estamos haciendo mal. Parto siempre de la autocr\u00edtica, que por m\u00e1s orgulloso que yo pueda estar del trabajo en la ciudad, siempre pregunto qu\u00e9 podemos hacer mejor. Yo creo que siempre podemos mejorar, siempre. Por todo lo que no he podido hacer pido perd\u00f3n a los porte\u00f1os, que es donde yo gobierno.<\/p>\n\n\n\n<p>Fuente:  TN<\/p>\n","protected":false},"excerpt":{"rendered":"<div class=\"mh-excerpt\"><p>Horacio Rodr\u00edguez Larreta tiene 57 a\u00f1os, de los cuales 30 se los ha dedicado formalmente a la pol\u00edtica. Entre otras cosas fue gerente general de la ANSES durante la presidencia de Menem e interventor del PAMI durante la gesti\u00f3n de Fernando de la R\u00faa. Es fundador del PRO junto a Mauricio Macri, a quien conoce desde la juventud. Con \u00e9l, comparti\u00f3 f\u00f3rmula en las elecciones porte\u00f1as de 2003, fue su jefe de gabinete desde 2007 y lo sucedi\u00f3 desde 2015. A partir de entonces, es el&nbsp;jefe de Gobierno de la Ciudad Aut\u00f3noma de Buenos Aires. Larreta es un&nbsp;obsesivo de la <a class=\"mh-excerpt-more\" href=\"http:\/\/dsrmedios.com.ar\/diario\/archivos\/32222\" title=\"Horacio Rodr\u00edguez Larreta: \u201cMauricio Macri sabe que si soy presidente, voy a mandar yo\u201d\">[Leer m\u00e1s]<\/a><\/p>\n<\/div>","protected":false},"author":6,"featured_media":30592,"comment_status":"open","ping_status":"closed","sticky":false,"template":"","format":"standard","meta":{"_jetpack_newsletter_access":""},"categories":[6],"tags":[],"jetpack_featured_media_url":"http:\/\/dsrmedios.com.ar\/diario\/wp-content\/uploads\/2023\/04\/larreta.png","jetpack_sharing_enabled":true,"jetpack_shortlink":"https:\/\/wp.me\/p9fihK-8nI","_links":{"self":[{"href":"http:\/\/dsrmedios.com.ar\/diario\/wp-json\/wp\/v2\/posts\/32222"}],"collection":[{"href":"http:\/\/dsrmedios.com.ar\/diario\/wp-json\/wp\/v2\/posts"}],"about":[{"href":"http:\/\/dsrmedios.com.ar\/diario\/wp-json\/wp\/v2\/types\/post"}],"author":[{"embeddable":true,"href":"http:\/\/dsrmedios.com.ar\/diario\/wp-json\/wp\/v2\/users\/6"}],"replies":[{"embeddable":true,"href":"http:\/\/dsrmedios.com.ar\/diario\/wp-json\/wp\/v2\/comments?post=32222"}],"version-history":[{"count":1,"href":"http:\/\/dsrmedios.com.ar\/diario\/wp-json\/wp\/v2\/posts\/32222\/revisions"}],"predecessor-version":[{"id":32223,"href":"http:\/\/dsrmedios.com.ar\/diario\/wp-json\/wp\/v2\/posts\/32222\/revisions\/32223"}],"wp:featuredmedia":[{"embeddable":true,"href":"http:\/\/dsrmedios.com.ar\/diario\/wp-json\/wp\/v2\/media\/30592"}],"wp:attachment":[{"href":"http:\/\/dsrmedios.com.ar\/diario\/wp-json\/wp\/v2\/media?parent=32222"}],"wp:term":[{"taxonomy":"category","embeddable":true,"href":"http:\/\/dsrmedios.com.ar\/diario\/wp-json\/wp\/v2\/categories?post=32222"},{"taxonomy":"post_tag","embeddable":true,"href":"http:\/\/dsrmedios.com.ar\/diario\/wp-json\/wp\/v2\/tags?post=32222"}],"curies":[{"name":"wp","href":"https:\/\/api.w.org\/{rel}","templated":true}]}}