{"id":32219,"date":"2023-04-30T11:18:34","date_gmt":"2023-04-30T14:18:34","guid":{"rendered":"http:\/\/dsrmedios.com.ar\/diario\/?p=32219"},"modified":"2023-04-30T11:18:37","modified_gmt":"2023-04-30T14:18:37","slug":"los-gobernadores-del-pj-toman-distancia-de-las-disputas-del-fdt-y-se-enfocan-en-retener-sus-provincias","status":"publish","type":"post","link":"http:\/\/dsrmedios.com.ar\/diario\/archivos\/32219","title":{"rendered":"Los gobernadores del PJ toman distancia de las disputas del FDT y se enfocan en retener sus provincias"},"content":{"rendered":"\n<p>En pol\u00edtica, suele decirse que espacio que se deja libre enseguida es ocupado por un adversario.&nbsp;<strong>Y esto acaba de suceder a partir del momento en que&nbsp;<\/strong><a href=\"https:\/\/tn.com.ar\/politica\/2023\/04\/22\/el-presidente-renuncio-a-ser-candidato-porque-no-tenia-otra-alternativa-cual-es-el-escenario-para-el-fdt\/\" target=\"_blank\" rel=\"noreferrer noopener\"><strong>Alberto Fern\u00e1ndez anunci\u00f3 que se bajaba<\/strong><\/a>&nbsp;de cualquier intento reeleccionista.<\/p>\n\n\n\n<p>El\u00a0<a rel=\"noreferrer noopener\" href=\"https:\/\/tn.com.ar\/opinion\/2023\/04\/23\/el-presidente-se-bajo-sergio-massa-duda-y-el-pato-rengo-ya-camina\/\" target=\"_blank\">\u201cpato rengo\u201d empez\u00f3 a caminar<\/a>, como lo marca la historia, y\u00a0<strong>el poder del Presidente se ir\u00e1 diluyendo<\/strong>\u00a0a la velocidad de la cercan\u00eda de las elecciones.<\/p>\n\n\n\n<p>El discurso de&nbsp;<strong>Cristina Kirchner&nbsp;<\/strong>que pronunci\u00f3 el jueves en La Plata, bajo el paraguas de una supuesta \u201cclase magistral\u201d, dej\u00f3 m\u00e1s claro que nunca que&nbsp;<strong>el l\u00e1piz para escribir las listas de candidatos est\u00e1 m\u00e1s firme que nunca&nbsp;<\/strong>en su mano.<\/p>\n\n\n\n<figure class=\"wp-block-image\"><img decoding=\"async\" src=\"https:\/\/tn.com.ar\/resizer\/OmRt3whkKZ_bem2mLBIdTNbbhG4=\/767x0\/smart\/filters:format(webp)\/cloudfront-us-east-1.images.arcpublishing.com\/artear\/JV3I3LF6UZEI3DIYEZTARWMEKQ.jpg\" alt=\"El gobernador bonaerense recibi\u00f3 el apoyo de Cristina Kirchner en el acto de Avellaneda. (Foto: T\u00e9lam).\"\/><figcaption class=\"wp-element-caption\">El gobernador bonaerense recibi\u00f3 el apoyo de Cristina Kirchner en el acto de Avellaneda. (Foto: T\u00e9lam).<\/figcaption><\/figure>\n\n\n\n<p>Despu\u00e9s se ver\u00e1 si termina siendo candidata a senadora por la provincia de Buenos Aires para mantener los fueros y ser la jefa de la oposici\u00f3n en el Congreso en el caso de que el Frente de Todos deba entregar la banda presidencial a otro color pol\u00edtico.<\/p>\n\n\n\n<p>Mientras tanto,&nbsp;<strong>Cristina Kirchner volvi\u00f3 a disciplinar a la mayor\u00eda de los integrantes del FdT<\/strong>, comenzando por los peronistas y en especial los \u201calbertistas\u201d que empezaron a cruzarse de vereda c\u00f3mo se vio en el Teatro Argentino de la Plata.<\/p>\n\n\n\n<p>\u201dAnte Cristina, todos bajan la cabeza y se someten mansamente, en especial gobernadores e intendentes\u201d, confesaba un peronista de muchas batallas electorales.<\/p>\n\n\n\n<p>No son pocos los que hablan del \u201c<strong>rayo paralizador\u201d de Cristina Kirchner,&nbsp;<\/strong>ese que usa cuando recobra fuerzas para someter al que piense distinto que ella dentro del Frente.<\/p>\n\n\n\n<figure class=\"wp-block-image\"><img decoding=\"async\" src=\"https:\/\/tn.com.ar\/resizer\/Pk_9JLDz-6u7g3FU8MIbVo7Au0Q=\/767x0\/smart\/filters:format(webp)\/cloudfront-us-east-1.images.arcpublishing.com\/artear\/WEMWPNSZY5HJPBQ7SOTPS7JCPY.jpg\" alt=\"Alberto Fern\u00e1ndez confirm\u00f3 que no ir\u00e1 por la reelecci\u00f3n. (Foto: AFP\/Juan Mabromata).\"\/><figcaption class=\"wp-element-caption\">Alberto Fern\u00e1ndez confirm\u00f3 que no ir\u00e1 por la reelecci\u00f3n. (Foto: AFP\/Juan Mabromata).<\/figcaption><\/figure>\n\n\n\n<p>Si bien todos le dicen que \u201cs\u00ed\u201d, est\u00e1 claro que&nbsp;<strong>la mayor\u00eda de los gobernadores no quieren dejar echada su suerte a la de Cristina Kirchner y el Frente de Todos.&nbsp;<\/strong><a href=\"https:\/\/tn.com.ar\/politica\/2023\/04\/28\/chubut-tambien-desdobla-el-gobernador-mariano-arcioni-confirmo-que-realizaran-las-elecciones-el-30-de-julio\/\" target=\"_blank\" rel=\"noreferrer noopener\">Por eso han desdoblado las elecciones en sus provincias&nbsp;<\/a>y apuestan a renovar sus mandatos o el de sus delfines antes de las presidenciales.<\/p>\n\n\n\n<p>Los intendentes, sobre todo del conurbano, ya decidieron usar una estrategia que tiene su historia en el peronismo. El corte de boleta. Ese mismo que le hizo perder la elecci\u00f3n al kirchnerismo en 2009 frente a Francisco de Narv\u00e1ez.<\/p>\n\n\n\n<p>\u201dTodos le dicen que s\u00ed a Cristina<strong>&nbsp;pero lo \u00fanico que les interesa es salvar la propia ropa<\/strong>\u201d, admit\u00eda un decepcionado con la vicepresidenta.<\/p>\n\n\n\n<p><\/p>\n\n\n\n<p>Si no es Cristina Kirchner, en el FdT no ven una salida m\u00e1s que la candidatura de Sergio Massa, si la econom\u00eda y el d\u00f3lar no se lo llevan puesto como un tsunami. El ministro encabezar\u00eda la f\u00f3rmula en compa\u00f1\u00eda de un gobernador o de una mujer del interior. Pero no ser\u00e1 f\u00e1cil conseguir un m\u00e1rtir para la causa si las encuestas no reflejan con certeza el futuro.<\/p>\n\n\n\n<p>En la provincia,&nbsp;<strong>Axel Kicillof parece n\u00famero cantado para ir por la reelecci\u00f3n y hay quienes hablan de una f\u00f3rmula con la ministra de Desarrollo Social, Victoria Tolosa Paz<\/strong>, una albertista que estuvo en La Plata escuchando a Cristina Kirchner.<\/p>\n\n\n\n<p>M\u00e1ximo Kirchner juega todas sus fichas para&nbsp;<strong>retener la provincia de Buenos Aires, que es el refugio de La C\u00e1mpora.&nbsp;<\/strong>Quiz\u00e1s por eso se lo ve en p\u00fablico m\u00e1s cerca que nunca de Axel Kicillof.<\/p>\n\n\n\n<p>El kirchnerismo parece haber recobrado fuerzas internas despu\u00e9s de la decisi\u00f3n de Alberto Fern\u00e1ndez y se escuda detr\u00e1s del rayo paralizador de Cristina Kirchner, quien, a su vez,\u00a0<strong>se convirti\u00f3 una vez m\u00e1s en una comentarista de la realidad nacional<\/strong>, sin asumir responsabilidades por su cargo, por lo que hizo y por lo que evit\u00f3 hacer.<\/p>\n\n\n\n<p>FUENTE: TN<\/p>\n","protected":false},"excerpt":{"rendered":"<div class=\"mh-excerpt\"><p>En pol\u00edtica, suele decirse que espacio que se deja libre enseguida es ocupado por un adversario.&nbsp;Y esto acaba de suceder a partir del momento en que&nbsp;Alberto Fern\u00e1ndez anunci\u00f3 que se bajaba&nbsp;de cualquier intento reeleccionista. El\u00a0\u201cpato rengo\u201d empez\u00f3 a caminar, como lo marca la historia, y\u00a0el poder del Presidente se ir\u00e1 diluyendo\u00a0a la velocidad de la cercan\u00eda de las elecciones. El discurso de&nbsp;Cristina Kirchner&nbsp;que pronunci\u00f3 el jueves en La Plata, bajo el paraguas de una supuesta \u201cclase magistral\u201d, dej\u00f3 m\u00e1s claro que nunca que&nbsp;el l\u00e1piz para escribir las listas de candidatos est\u00e1 m\u00e1s firme que nunca&nbsp;en su mano. Despu\u00e9s se ver\u00e1 <a class=\"mh-excerpt-more\" href=\"http:\/\/dsrmedios.com.ar\/diario\/archivos\/32219\" title=\"Los gobernadores del PJ toman distancia de las disputas del FDT y se enfocan en retener sus provincias\">[Leer m\u00e1s]<\/a><\/p>\n<\/div>","protected":false},"author":6,"featured_media":32220,"comment_status":"open","ping_status":"closed","sticky":false,"template":"","format":"standard","meta":{"_jetpack_newsletter_access":""},"categories":[6],"tags":[],"jetpack_featured_media_url":"http:\/\/dsrmedios.com.ar\/diario\/wp-content\/uploads\/2023\/04\/BJKN4_clb_1256x620.webp","jetpack_sharing_enabled":true,"jetpack_shortlink":"https:\/\/wp.me\/p9fihK-8nF","_links":{"self":[{"href":"http:\/\/dsrmedios.com.ar\/diario\/wp-json\/wp\/v2\/posts\/32219"}],"collection":[{"href":"http:\/\/dsrmedios.com.ar\/diario\/wp-json\/wp\/v2\/posts"}],"about":[{"href":"http:\/\/dsrmedios.com.ar\/diario\/wp-json\/wp\/v2\/types\/post"}],"author":[{"embeddable":true,"href":"http:\/\/dsrmedios.com.ar\/diario\/wp-json\/wp\/v2\/users\/6"}],"replies":[{"embeddable":true,"href":"http:\/\/dsrmedios.com.ar\/diario\/wp-json\/wp\/v2\/comments?post=32219"}],"version-history":[{"count":1,"href":"http:\/\/dsrmedios.com.ar\/diario\/wp-json\/wp\/v2\/posts\/32219\/revisions"}],"predecessor-version":[{"id":32221,"href":"http:\/\/dsrmedios.com.ar\/diario\/wp-json\/wp\/v2\/posts\/32219\/revisions\/32221"}],"wp:featuredmedia":[{"embeddable":true,"href":"http:\/\/dsrmedios.com.ar\/diario\/wp-json\/wp\/v2\/media\/32220"}],"wp:attachment":[{"href":"http:\/\/dsrmedios.com.ar\/diario\/wp-json\/wp\/v2\/media?parent=32219"}],"wp:term":[{"taxonomy":"category","embeddable":true,"href":"http:\/\/dsrmedios.com.ar\/diario\/wp-json\/wp\/v2\/categories?post=32219"},{"taxonomy":"post_tag","embeddable":true,"href":"http:\/\/dsrmedios.com.ar\/diario\/wp-json\/wp\/v2\/tags?post=32219"}],"curies":[{"name":"wp","href":"https:\/\/api.w.org\/{rel}","templated":true}]}}