{"id":32216,"date":"2023-04-30T11:11:45","date_gmt":"2023-04-30T14:11:45","guid":{"rendered":"http:\/\/dsrmedios.com.ar\/diario\/?p=32216"},"modified":"2023-04-30T11:11:48","modified_gmt":"2023-04-30T14:11:48","slug":"tras-la-polemica-con-las-domiciliarias-presentaran-habeas-corpus-en-19-jurisdicciones-bonaerenses-y-podrian-beneficiarse-cientos-de-presos","status":"publish","type":"post","link":"http:\/\/dsrmedios.com.ar\/diario\/archivos\/32216","title":{"rendered":"Tras la pol\u00e9mica con las domiciliarias, presentar\u00e1n habeas corpus en 19 jurisdicciones bonaerenses y podr\u00edan beneficiarse cientos de presos"},"content":{"rendered":"\n<p>La pol\u00e9mica se dispar\u00f3 a partir de un fallo de la&nbsp;<strong>Sala I de la C\u00e1mara de Garant\u00edas de Mor\u00f3n<\/strong>, que le otorg\u00f3 la prisi\u00f3n domiciliaria, de manera inmediata, a un hombre acusado de un intento de asesinato&nbsp;<strong>pese a que la medida no estaba firme y que todav\u00eda no se le hab\u00eda colocado la pulsera electr\u00f3nica<\/strong>, dos de los requisitos que exige el C\u00f3digo Procesal Penal de la provincia de Buenos Aires. Esta semana se present\u00f3 un habeas corpus, en esa misma jurisdicci\u00f3n, que activ\u00f3 la domiciliaria de otro detenido. Ahora, la situaci\u00f3n podr\u00eda extenderse a toda la Provincia. Seg\u00fan pudo saber&nbsp;<strong>Infobae<\/strong>, la&nbsp;<strong>Asociaci\u00f3n de Penalistas Litigantes Independientes<\/strong>&nbsp;resolvi\u00f3 este viernes, en una reuni\u00f3n extraordinaria, que presentar\u00e1n habeas corpus en los 19 departamentos judiciales.<\/p>\n\n\n\n<p>Podr\u00eda tener consecuencias inmediatas sobre cientos de presos que tienen una domiciliaria otorgada, aunque no est\u00e9 firme, o que est\u00e1n esperando la colocaci\u00f3n de la pulsera electr\u00f3nica, que suele demorar algunos d\u00edas. \u201cLas presentaciones se basan en el fallo de la Sala I de Mor\u00f3n, queremos que se respete la igualdad ante la ley. Todos tienen derecho a una domiciliaria\u201d, explic\u00f3 el titular de la entidad,&nbsp;<strong>Dami\u00e1n Barbosa.<\/strong><\/p>\n\n\n\n<p>El caso que motiv\u00f3 el pol\u00e9mico fallo de la C\u00e1mara de Mor\u00f3n tiene como protagonista a\u00a0<strong>Santiago Mart\u00ednez<\/strong>, quien est\u00e1 acusado de haber atacado a Nicol\u00e1s Garc\u00eda (20) porque estaba charlando con su ex novia. El hecho ocurri\u00f3 el 12 de noviembre del a\u00f1o pasado en un boliche de Hurlingham. Mart\u00ednez lo agredi\u00f3 con un vaso roto y lo dej\u00f3 al borde de la muerte.<\/p>\n\n\n\n<p>En un primer momento, Mart\u00ednez fue acusado de&nbsp;<strong>intento de homicidio<\/strong>&nbsp;y qued\u00f3 detenido en una comisar\u00eda. Pero en marzo de este a\u00f1o la C\u00e1mara cambi\u00f3 la calificaci\u00f3n a \u201clesiones graves\u201d, apart\u00e1ndose de su propia jurisprudencia. Los jueces opinaron que el acusado no tuvo intenci\u00f3n de matar. \u201cAl contrario de lo sostenido por la fiscal en su pedido de prisi\u00f3n, en cuanto a la utilizaci\u00f3n del elemento contundente de forma intempestiva, artera y reiterada, debemos considerar que,&nbsp;<strong>la agresi\u00f3n con un vaso o una copa de vidrio, no lo convierte por s\u00ed solo en un medio id\u00f3neo para causar la muerte<\/strong>\u201d, dijeron los jueces Fernando Bellido, Diego Grau y Fabi\u00e1n Cardoso.<\/p>\n\n\n\n<p><img decoding=\"async\" loading=\"lazy\" alt=\"Nicol\u00e1s Garc\u00eda fue atacado en un boliche de Hurlingham. \" height=\"1080\" width=\"1920\" class=\"\" src=\"https:\/\/cloudfront-us-east-1.images.arcpublishing.com\/infobae\/OPHXI3WVSBGYTA3WKNXZSJ2P2E.jpg\" srcset=\"https:\/\/www.infobae.com\/new-resizer\/zT-nsa7qHmik3uSrguCuL5UB5YQ=\/420x236\/filters:format(webp):quality(85)\/cloudfront-us-east-1.images.arcpublishing.com\/infobae\/OPHXI3WVSBGYTA3WKNXZSJ2P2E.jpg 420w,https:\/\/www.infobae.com\/new-resizer\/8GiYi2vteDsLHqdzUqwDLV4yq_g=\/768x432\/filters:format(webp):quality(85)\/cloudfront-us-east-1.images.arcpublishing.com\/infobae\/OPHXI3WVSBGYTA3WKNXZSJ2P2E.jpg 768w,https:\/\/www.infobae.com\/new-resizer\/Pv0Sg-Q0yhkSfvLj4nBXiB7kd-Y=\/992x558\/filters:format(webp):quality(85)\/cloudfront-us-east-1.images.arcpublishing.com\/infobae\/OPHXI3WVSBGYTA3WKNXZSJ2P2E.jpg 992w,https:\/\/www.infobae.com\/new-resizer\/vl1ziBWRPksE9i8qsoTdXWa1Oc0=\/1200x675\/filters:format(webp):quality(85)\/cloudfront-us-east-1.images.arcpublishing.com\/infobae\/OPHXI3WVSBGYTA3WKNXZSJ2P2E.jpg 1200w,https:\/\/www.infobae.com\/new-resizer\/JxioHIh5RAjRzDchYxoQrfmFw4I=\/1440x810\/filters:format(webp):quality(85)\/cloudfront-us-east-1.images.arcpublishing.com\/infobae\/OPHXI3WVSBGYTA3WKNXZSJ2P2E.jpg 1440w\">Nicol\u00e1s Garc\u00eda fue atacado en un boliche de Hurlingham.<\/p>\n\n\n\n<p>A partir de ese momento, la defensa de Mart\u00ednez reclam\u00f3 la libertad morigerada, lo que fue rechazado en primera instancia por la Justicia ante un pedido de la querella, a cargo del abogado Gast\u00f3n Marano. Al momento de decidir, la Sala I de Mor\u00f3n&nbsp;<strong>decidi\u00f3 dejarlo en libertad de manera autom\u00e1tica&nbsp;<\/strong>pese a que la resoluci\u00f3n no estaba firme, no hab\u00eda pasado por la C\u00e1mara de Casaci\u00f3n, y que todav\u00eda no se le hab\u00eda colocado una pulsera electr\u00f3nica, lo que finalmente ocurri\u00f3 el 21 de abril.<\/p>\n\n\n\n<figure class=\"wp-block-image\"><img decoding=\"async\" src=\"https:\/\/cloudfront-us-east-1.images.arcpublishing.com\/infobae\/IJMUE7CGKVH5ZHT3VTTPLC47OI.jpg\" alt=\"infobae\"\/><\/figure>\n\n\n\n<p>Con ese antecedente, el abogado Fernando Sicilia present\u00f3 esta semana un habeas corpus y reclam\u00f3 que&nbsp;<strong>se haga lugar al pedido de prisi\u00f3n domiciliaria de todos los detenidos&nbsp;<\/strong>que est\u00e9n en las mismas condiciones en Mor\u00f3n. El caso le toc\u00f3 al juez Ricardo Fraga, quien le pidi\u00f3 a todos los magistrados de Mor\u00f3n que informen si tienen casos de \u201cmorigerados con espera de la efectivizaci\u00f3n de la medida por parte de la Direcci\u00f3n General de Monitoreo electr\u00f3nico perteneciente al Servicio Penitenciario Bonaerense\u201d. En pocos d\u00edas se determin\u00f3 que en esa jurisdicci\u00f3n solo aplicaba el caso de&nbsp;<strong>Gregorio Diaz<\/strong>, detenido por tenencia de droga, y se le otorg\u00f3 la domiciliaria.<\/p>\n\n\n\n<p>Ahora, la Asociaci\u00f3n de Penalistas Litigantes Independientes, con sede en La Plata, resolvi\u00f3 presentar habeas corpus en todas las jurisdicciones. \u201d<strong>Queremos saber cu\u00e1les son los criterios y las estad\u00edsticas concretas.<\/strong>\u00a0Hay un caso en La Plata que tuvo que esperar un triple conforme y llegar hasta la Suprema Corte bonaerense para que le otorguen la domiciliaria. Hay mucho oscurantismo en el sistema Pena\u201d, explic\u00f3 Barbosa en di\u00e1logo con Infobae.<\/p>\n\n\n\n<p>\u00bfCu\u00e1ntos presos podr\u00edan beneficiarse? No hay datos concretos. Las estad\u00edsticas oficiales muestran que actualmente&nbsp;<strong>hay 52 mil personas detenidas en la provincia de Buenos Aires<\/strong>, de las cuales casi 26 mil est\u00e1n procesados. De manera informal, se calcula que el universo al que apuntan los habeas corpus son cientos de personas.<\/p>\n\n\n\n<p>Desde el Servicio Penitenciario Bonaerense (SPB) aseguran que \u201c<strong>en este momento no hay faltante de pulseras\u201d,<\/strong>\u00a0aunque admiten que puede haber una demora de \u201cunos d\u00edas\u201d entre la orden judicial y la colocaci\u00f3n de las pulseras por los informes t\u00e9cnicos. \u201cHacen todo lo posible pero la Direcci\u00f3n de Monitoreo est\u00e1 sobrecargada\u201d, apunta Barbosa. En la actualidad, un total de\u00a0<strong>3770 personas\u00a0<\/strong>tienen ese dispositivo colocado, solo en la provincia de Buenos Aires.<\/p>\n\n\n\n<p>Fuente: Infobae<\/p>\n","protected":false},"excerpt":{"rendered":"<div class=\"mh-excerpt\"><p>La pol\u00e9mica se dispar\u00f3 a partir de un fallo de la&nbsp;Sala I de la C\u00e1mara de Garant\u00edas de Mor\u00f3n, que le otorg\u00f3 la prisi\u00f3n domiciliaria, de manera inmediata, a un hombre acusado de un intento de asesinato&nbsp;pese a que la medida no estaba firme y que todav\u00eda no se le hab\u00eda colocado la pulsera electr\u00f3nica, dos de los requisitos que exige el C\u00f3digo Procesal Penal de la provincia de Buenos Aires. Esta semana se present\u00f3 un habeas corpus, en esa misma jurisdicci\u00f3n, que activ\u00f3 la domiciliaria de otro detenido. Ahora, la situaci\u00f3n podr\u00eda extenderse a toda la Provincia. Seg\u00fan pudo <a class=\"mh-excerpt-more\" href=\"http:\/\/dsrmedios.com.ar\/diario\/archivos\/32216\" title=\"Tras la pol\u00e9mica con las domiciliarias, presentar\u00e1n habeas corpus en 19 jurisdicciones bonaerenses y podr\u00edan beneficiarse cientos de presos\">[Leer m\u00e1s]<\/a><\/p>\n<\/div>","protected":false},"author":6,"featured_media":32217,"comment_status":"open","ping_status":"closed","sticky":false,"template":"","format":"standard","meta":{"_jetpack_newsletter_access":""},"categories":[6],"tags":[],"jetpack_featured_media_url":"http:\/\/dsrmedios.com.ar\/diario\/wp-content\/uploads\/2023\/04\/H5MZOBPHFNCBTPDBIURRYRF3OU.jpg","jetpack_sharing_enabled":true,"jetpack_shortlink":"https:\/\/wp.me\/p9fihK-8nC","_links":{"self":[{"href":"http:\/\/dsrmedios.com.ar\/diario\/wp-json\/wp\/v2\/posts\/32216"}],"collection":[{"href":"http:\/\/dsrmedios.com.ar\/diario\/wp-json\/wp\/v2\/posts"}],"about":[{"href":"http:\/\/dsrmedios.com.ar\/diario\/wp-json\/wp\/v2\/types\/post"}],"author":[{"embeddable":true,"href":"http:\/\/dsrmedios.com.ar\/diario\/wp-json\/wp\/v2\/users\/6"}],"replies":[{"embeddable":true,"href":"http:\/\/dsrmedios.com.ar\/diario\/wp-json\/wp\/v2\/comments?post=32216"}],"version-history":[{"count":1,"href":"http:\/\/dsrmedios.com.ar\/diario\/wp-json\/wp\/v2\/posts\/32216\/revisions"}],"predecessor-version":[{"id":32218,"href":"http:\/\/dsrmedios.com.ar\/diario\/wp-json\/wp\/v2\/posts\/32216\/revisions\/32218"}],"wp:featuredmedia":[{"embeddable":true,"href":"http:\/\/dsrmedios.com.ar\/diario\/wp-json\/wp\/v2\/media\/32217"}],"wp:attachment":[{"href":"http:\/\/dsrmedios.com.ar\/diario\/wp-json\/wp\/v2\/media?parent=32216"}],"wp:term":[{"taxonomy":"category","embeddable":true,"href":"http:\/\/dsrmedios.com.ar\/diario\/wp-json\/wp\/v2\/categories?post=32216"},{"taxonomy":"post_tag","embeddable":true,"href":"http:\/\/dsrmedios.com.ar\/diario\/wp-json\/wp\/v2\/tags?post=32216"}],"curies":[{"name":"wp","href":"https:\/\/api.w.org\/{rel}","templated":true}]}}