{"id":32208,"date":"2023-04-30T11:06:36","date_gmt":"2023-04-30T14:06:36","guid":{"rendered":"http:\/\/dsrmedios.com.ar\/diario\/?p=32208"},"modified":"2023-04-30T11:06:39","modified_gmt":"2023-04-30T14:06:39","slug":"massa-la-volatilidad-politica-y-la-especulacion-de-cuatro-vivos-no-pondra-en-riesgo-el-nivel-de-actividad-y-la-ocupacion","status":"publish","type":"post","link":"http:\/\/dsrmedios.com.ar\/diario\/archivos\/32208","title":{"rendered":"Massa: \u201cLa volatilidad pol\u00edtica y la especulaci\u00f3n de cuatro vivos no pondr\u00e1 en riesgo el nivel de actividad y la ocupaci\u00f3n\u201d"},"content":{"rendered":"\n<p>La que pas\u00f3 fue una semana intensa, de m\u00e1s est\u00e1 decirlo. Para muchos, la m\u00e1s dif\u00edcil desde que&nbsp;<strong>Sergio Massa&nbsp;<\/strong>asumi\u00f3 como ministro de Econom\u00eda, hace justo nueve meses (fue designado el 28 de julio).<\/p>\n\n\n\n<p>Desde ese martes de cotizaciones r\u00e9cord, con el d\u00f3lar libre rozando los 500 y los burs\u00e1tiles subiendo a la par, Massa lleva adelante una fuerte estrategia de intervenci\u00f3n para contenerlos. Por el momento dio resultado y va a seguir, asegur\u00f3.<\/p>\n\n\n\n<p>\u201cLa volatilidad pol\u00edtica y la especulaci\u00f3n de cuatro vivos no pondr\u00e1 en riesgo el nivel de actividad y la ocupaci\u00f3n\u201d, le dijo el propio Massa a&nbsp;<strong>Infobae&nbsp;<\/strong>anoche. El ministro no duda; afirma que esa modalidad para contener el d\u00f3lar signar\u00e1 su gesti\u00f3n y seguir\u00e1 mientras \u00e9l est\u00e9 en el cargo. \u201cEn las batallas dif\u00edciles es cuando uno m\u00e1s muestra la templanza\u201d, dijo el lunes pasado, cuando las pizarras virtuales empezaban a mostrar lo que ser\u00edan d\u00edas de alta incertidumbre. Habl\u00f3 tambi\u00e9n del impacto de rumores, versiones, falsos informes vinculados al d\u00f3lar.<\/p>\n\n\n\n<p>Desde ese martes, Massa empez\u00f3 a intervenir en los d\u00f3lares financieros, el MEP y el contado con liqui. Lo hizo con una estrategia pol\u00e9mica porque el FMI la descarta de plano para sus programas: usar reservas para contener el tipo de cambio.<\/p>\n\n\n\n<p>Massa avis\u00f3 que iba a comenzar a hacerlo por Twitter y que ya se lo hab\u00eda comunicado al organismo. En el Fondo, siempre con un lenguaje diplom\u00e1tico en el que se mide al detalle cada palabra, acompa\u00f1aron. \u201cNotificamos al FMI de las restricciones que pesaban sobre la Argentina y vamos a cambiar en la rediscusi\u00f3n del Programa\u201d, dijo. \u201cEl&nbsp;<em>staff&nbsp;<\/em>t\u00e9cnico contin\u00faa trabajando con las autoridades argentinas para fortalecer el programa econ\u00f3mico acordado con el pa\u00eds en el contexto de la sequ\u00eda muy severa\u201d, respondi\u00f3 un vocero del organismo, lac\u00f3nico y sin identificarse.<\/p>\n\n\n\n<p><img decoding=\"async\" loading=\"lazy\" alt=\"Alberto Fern\u00e1ndez y Sergio Massa en Olivos, d\u00edas atr\u00e1s\" height=\"1080\" width=\"1920\" class=\"\" src=\"https:\/\/cloudfront-us-east-1.images.arcpublishing.com\/infobae\/LVWVQQVHJNBFBOEAPIFZTIQJSM.jpg\" srcset=\"https:\/\/www.infobae.com\/new-resizer\/T7fr-9hzbd8EUdv9JNkZ1N3TWD4=\/420x236\/filters:format(webp):quality(85)\/cloudfront-us-east-1.images.arcpublishing.com\/infobae\/LVWVQQVHJNBFBOEAPIFZTIQJSM.jpg 420w,https:\/\/www.infobae.com\/new-resizer\/QzyVp6H0W-03mR-XR8s5s9jg2dQ=\/768x432\/filters:format(webp):quality(85)\/cloudfront-us-east-1.images.arcpublishing.com\/infobae\/LVWVQQVHJNBFBOEAPIFZTIQJSM.jpg 768w,https:\/\/www.infobae.com\/new-resizer\/9KYdFwR4PdvXXhsRfmUec2_KCyc=\/992x558\/filters:format(webp):quality(85)\/cloudfront-us-east-1.images.arcpublishing.com\/infobae\/LVWVQQVHJNBFBOEAPIFZTIQJSM.jpg 992w,https:\/\/www.infobae.com\/new-resizer\/IEXRHDy3HkPbfJOiFiLD7PyF6Mw=\/1200x675\/filters:format(webp):quality(85)\/cloudfront-us-east-1.images.arcpublishing.com\/infobae\/LVWVQQVHJNBFBOEAPIFZTIQJSM.jpg 1200w,https:\/\/www.infobae.com\/new-resizer\/cKw83sIQ5T_n5AYjadXGyn6Zb1Q=\/1440x810\/filters:format(webp):quality(85)\/cloudfront-us-east-1.images.arcpublishing.com\/infobae\/LVWVQQVHJNBFBOEAPIFZTIQJSM.jpg 1440w\">Alberto Fern\u00e1ndez y Sergio Massa en Olivos, d\u00edas atr\u00e1s<\/p>\n\n\n\n<p>En resumen: no se pod\u00eda, pero ahora se har\u00e1 porque ese \u00edtem tambi\u00e9n entr\u00f3 en el proceso de revisi\u00f3n del programa.&nbsp;<a href=\"https:\/\/www.infobae.com\/economia\/2023\/04\/15\/cambios-en-el-acuerdo-con-el-fmi-por-la-sequia-el-fondo-y-el-gobierno-acordaron-trabajar-en-conjunto-para-redefinir-metas\/\" target=\"_blank\" rel=\"noreferrer noopener\">C\u00f3mo detall\u00f3&nbsp;<strong>Infobae&nbsp;<\/strong>hace 15 d\u00edas desde Washington<\/a>, Massa acord\u00f3 con el FMI, por el tremendo impacto de la sequ\u00eda en la econom\u00eda local, negociar una revisi\u00f3n integral del programa. A\u00fan no hay detalles del alcance final de ese readecuamiento, pero sobre la mesa est\u00e1 discutir las metas de acumulaci\u00f3n de reservas, el d\u00e9ficit fiscal, las fechas y montos de los desembolsos e, incluso, el adelantamiento inmediato de todos los fondos de este a\u00f1o, poco m\u00e1s de USD 10.000 millones. Con todo, y si bien se prometi\u00f3 una resoluci\u00f3n en pocas semanas, no hay nada decidido a\u00fan.<\/p>\n\n\n\n<p>En Econom\u00eda aseguran que los recursos para bajar el d\u00f3lar forman parte de las reservas brutas del pa\u00eds, ya que son encajes de dep\u00f3sitos en moneda extranjera de organismos p\u00fablicos. Unos USD 1.300 millones que est\u00e1n depositados en su mayor parte en el Banco Naci\u00f3n y que no se contabilizan como reservas \u201cnetas\u201d, porque en realidad se trata de un pasivo de la autoridad monetaria. La entidad que comanda&nbsp;<strong>Miguel Pesce&nbsp;<\/strong>el jueves subi\u00f3 la tasa 10 puntos, a 91 por ciento.<\/p>\n\n\n\n<h2>D\u00f3lares financieros<\/h2>\n\n\n\n<p>En el cierre de la semana, los d\u00f3lares alternativos cedieron desde sus precios m\u00e1ximos. Tras el pico de $497, el billete alternativo cerr\u00f3 el viernes a 469 pesos, seg\u00fan un gr\u00e1fico que difundi\u00f3 Econom\u00eda y que acompa\u00f1a esta nota.<\/p>\n\n\n\n<p>Los d\u00f3lares burs\u00e1tiles bajaron desde el pico del $480,2 para el CCL, a $441,2; y de 468,5 para el MEP, a 439,3 pesos.<\/p>\n\n\n\n<figure class=\"wp-block-image\"><img decoding=\"async\" src=\"https:\/\/cloudfront-us-east-1.images.arcpublishing.com\/infobae\/HGHOVLI5YJBB3HOQEMKVLDHKYU.jpeg\" alt=\"infobae\"\/><\/figure>\n\n\n\n<p>La estrategia consiste en usar t\u00edtulos p\u00fablicos para contener las cotizaciones que surgen de las operaciones burs\u00e1tiles.<\/p>\n\n\n\n<p>El Gobierno suele intervenir en el mercado de los d\u00f3lares financieros, no en el&nbsp;<strong>d\u00f3lar libre<\/strong>. Lo hace agregando oferta de bonos en d\u00f3lares en las operatorias conocidas como \u201ccontado con liquidaci\u00f3n\u201d, m\u00e1s que nada haciendo uso de la cartera de t\u00edtulos p\u00fablicos en manos del Fondo de Garant\u00eda de Sustentabilidad (FGS) de la Anses. En ese sentido, est\u00e1 pendiente el anunciado canje de bonos de esos organismos p\u00fablicos. A esto se sum\u00f3 como novedad de esta semana la venta de d\u00f3lares en el mercado de bonos. Algo que, como se dijo, el Fondo prohib\u00eda y ahora, en principio, autoriz\u00f3 o \u201cdeja hacer\u201d. El lado B de la maniobra es el costo por la ca\u00edda de la paridad de los bonos que se utilizan para intervenir.<\/p>\n\n\n\n<h2>CGT, Brasil y FMI<\/h2>\n\n\n\n<p>A comienzos de la semana pasada se inform\u00f3 que el viceministro<strong>&nbsp;Gabriel Rubinstein&nbsp;<\/strong>y el jefe de asesores&nbsp;<strong>Leonardo Madcur<\/strong>, habituales interlocutores con el FMI, viajaban el jueves a Washington a negociar el recalibramiento del programa. En medio de la turbulencia cambiaria se bajaron del avi\u00f3n. Enviaron a varios de sus t\u00e9cnicos y prometieron seguir las conversaciones desde Buenos Aires.<\/p>\n\n\n\n<p>En Econom\u00eda aseguran que ambas partes est\u00e1n en medio de una discusi\u00f3n t\u00e9cnica sobre las variables del nuevo esquema. Primero que nada, la ra\u00edz: ponerse de acuerdo en el n\u00famero del impacto de la sequ\u00eda. O sea, de cu\u00e1nto fue la p\u00e9rdida para el pa\u00eds. Argentina dice que unos USD 16.000 millones; el Fondo, menos, en torno a los USD 10.000 millones.<\/p>\n\n\n\n<p><img decoding=\"async\" loading=\"lazy\" alt=\"Sergio Massa en la reuni\u00f3n de la semana pasada con la CGT y movimientos sociales\" height=\"1080\" width=\"1920\" class=\"\" src=\"https:\/\/cloudfront-us-east-1.images.arcpublishing.com\/infobae\/YDGSM223FJFCHLZ7MQ26U2QJQ4.jpg\" srcset=\"https:\/\/www.infobae.com\/new-resizer\/PkooUJDESLoNF4H-WiVmXxNHs_c=\/420x236\/filters:format(webp):quality(85)\/cloudfront-us-east-1.images.arcpublishing.com\/infobae\/YDGSM223FJFCHLZ7MQ26U2QJQ4.jpg 420w,https:\/\/www.infobae.com\/new-resizer\/nesds4xfxfXgvuG6u37zO2gJsO8=\/768x432\/filters:format(webp):quality(85)\/cloudfront-us-east-1.images.arcpublishing.com\/infobae\/YDGSM223FJFCHLZ7MQ26U2QJQ4.jpg 768w,https:\/\/www.infobae.com\/new-resizer\/BXUOgkl1PKODMAynm4GeDog9jAI=\/992x558\/filters:format(webp):quality(85)\/cloudfront-us-east-1.images.arcpublishing.com\/infobae\/YDGSM223FJFCHLZ7MQ26U2QJQ4.jpg 992w,https:\/\/www.infobae.com\/new-resizer\/Pad6_fgrrFdHfFMqMmUw_TfR1Hc=\/1200x675\/filters:format(webp):quality(85)\/cloudfront-us-east-1.images.arcpublishing.com\/infobae\/YDGSM223FJFCHLZ7MQ26U2QJQ4.jpg 1200w,https:\/\/www.infobae.com\/new-resizer\/qkKEIlgH2ZTD-PbciWCI-lqDF10=\/1440x810\/filters:format(webp):quality(85)\/cloudfront-us-east-1.images.arcpublishing.com\/infobae\/YDGSM223FJFCHLZ7MQ26U2QJQ4.jpg 1440w\">Sergio Massa en la reuni\u00f3n de la semana pasada con la CGT y movimientos sociales<\/p>\n\n\n\n<p>\u201cEstados Unidos impulsa un&nbsp;<em>front load&nbsp;<\/em>completo\u201d, aseguran cerca de Massa, de conocidos buenos v\u00ednculos con la Casa Blanca, del Departamento de Estado y el Tesoro americano.&nbsp;<em>Front load<\/em>&nbsp;es igual a un anticipo completo de los desembolsos de 2023, concentrarlos todos en la primera parte del a\u00f1o en este caso. Hay que ver que dice el FMI y, sobre todo, qu\u00e9 pide a cambio. \u00bfUna devaluaci\u00f3n, m\u00e1s ajuste? Como se dijo, todo est\u00e1 sobre la mesa&#8230; pero para ambas partes. Adem\u00e1s, aunque EEUU sea el pa\u00eds que m\u00e1s gravita en el&nbsp;<em>board<\/em>, resta saber a\u00fan qu\u00e9 opinan otros pa\u00edses con peso en el organismo, como Alemania y Jap\u00f3n.<\/p>\n\n\n\n<p>El mi\u00e9rcoles, en una reuni\u00f3n con la CGT y movimientos sociales, Massa prometi\u00f3 que \u201cterminado el proceso de estabilizaci\u00f3n\u201d iba a sentar \u201ca la mesa a los empresarios con ustedes (los dirigentes sindicales) para&nbsp;<strong>establecer el sendero de los pr\u00f3ximos 90 d\u00edas<\/strong>, para que no haya trampas justificadas en esta trampa que&nbsp;<strong>algunos vivos intentaron generar sobre la base de rumores, de versiones<\/strong>\u201d.<\/p>\n\n\n\n<p>En Econom\u00eda confirman que ayer s\u00e1bado empezaron las reuniones con c\u00e1maras empresarias y algunas empresas \u201cpara que se retrotraigan precios a la pre corrida porque no tienen argumentos\u201d ya que todos lo que usan d\u00f3lares para importar lo hace accediendo al mercado de cambios oficial (el MULC). \u201cEl que no retrotraiga va a volver a las condiciones de acceso a MULC de las empresas que no participan de Precios Justos y van a perder los cr\u00e9ditos a tasa subsidiada\u201d, dicen. Desde la secretar\u00eda de Comercio, que encabeza&nbsp;<strong>Mat\u00edas Tombolini<\/strong>, aseguraron que ya hablaron con algunas empresas de primera l\u00ednea, como Mondelez, Unilever, Makro, Vital y CCU.<\/p>\n\n\n\n<p><img decoding=\"async\" loading=\"lazy\" alt=\"Sergio Massa y Fernando Haddad (REUTERS\/Agustin Marcarian)\" height=\"3341\" width=\"5011\" class=\"\" src=\"https:\/\/cloudfront-us-east-1.images.arcpublishing.com\/infobae\/KINI42JK4SME7FCLXW7DHWZ2AQ.jpg\" srcset=\"https:\/\/www.infobae.com\/new-resizer\/LtTwK7n6jaYwEE_vazGa2l1Uc8M=\/420x280\/filters:format(webp):quality(85)\/cloudfront-us-east-1.images.arcpublishing.com\/infobae\/KINI42JK4SME7FCLXW7DHWZ2AQ.jpg 420w,https:\/\/www.infobae.com\/new-resizer\/c8AcdeiFfnJGqAY-6oFtfFU2Hb8=\/768x512\/filters:format(webp):quality(85)\/cloudfront-us-east-1.images.arcpublishing.com\/infobae\/KINI42JK4SME7FCLXW7DHWZ2AQ.jpg 768w,https:\/\/www.infobae.com\/new-resizer\/9JnmLk6PIMiFZipEtxkL-RoHa0c=\/992x661\/filters:format(webp):quality(85)\/cloudfront-us-east-1.images.arcpublishing.com\/infobae\/KINI42JK4SME7FCLXW7DHWZ2AQ.jpg 992w,https:\/\/www.infobae.com\/new-resizer\/PpA53pC1lPMR-MBp-f5lbKwLH3E=\/1200x800\/filters:format(webp):quality(85)\/cloudfront-us-east-1.images.arcpublishing.com\/infobae\/KINI42JK4SME7FCLXW7DHWZ2AQ.jpg 1200w,https:\/\/www.infobae.com\/new-resizer\/Gs7VG2m5QFAyoogeFxuc2_0Az8Y=\/1440x960\/filters:format(webp):quality(85)\/cloudfront-us-east-1.images.arcpublishing.com\/infobae\/KINI42JK4SME7FCLXW7DHWZ2AQ.jpg 1440w\">Sergio Massa y Fernando Haddad (REUTERS\/Agustin Marcarian)<\/p>\n\n\n\n<p>Massa viajar\u00e1 este martes a Brasil con&nbsp;<strong>Alberto Fern\u00e1ndez<\/strong>. Buscar\u00e1n dise\u00f1ar un contexto financiero que ayude a la relaci\u00f3n comercial pero sin afectar a las reservas del Banco Central argentino, construir l\u00edneas de inversi\u00f3n que favorezcan a la construcci\u00f3n del gasoducto en Vaca Muerta, ya que los ca\u00f1os que se utilizan para la obra provienen de Brasil, y profundizar las relaciones comerciales.<\/p>\n\n\n\n<p>Est\u00e1 pendiente a\u00fan la puesta en funcionamiento del esquema de pago de comercio bilateral que est\u00e1 vigente hace15 a\u00f1os pero que no se usa en t\u00e9rminos pr\u00e1cticos entre las compa\u00f1\u00edas que importan bienes e insumos desde Brasil (el SML, o sistema de monedas locales). Massa y su par&nbsp;<strong>Fernando Haddad<\/strong>&nbsp;hablaron del tema en enero.<\/p>\n\n\n\n<p>Ser\u00e1 tambi\u00e9n un gesto pol\u00edtico de acercamiento al principal socio comercial del pa\u00eds, en un contexto de turbulencia en la regi\u00f3n y en el que EEUU mira de reojo a Lula por su relaci\u00f3n con Rusia y, sobre todo, con China.<\/p>\n\n\n\n<p>Por ese viaje, Massa no estar\u00e1 en el acto que convoc\u00f3 la CGT. Enviar\u00e1 una carta cuyo contenido comenz\u00f3 a definir en las \u00faltimas horas. La comenzar\u00e1 a escribir ma\u00f1ana domingo.<\/p>\n\n\n\n<p>Fuente: Infobae<\/p>\n","protected":false},"excerpt":{"rendered":"<div class=\"mh-excerpt\"><p>La que pas\u00f3 fue una semana intensa, de m\u00e1s est\u00e1 decirlo. Para muchos, la m\u00e1s dif\u00edcil desde que&nbsp;Sergio Massa&nbsp;asumi\u00f3 como ministro de Econom\u00eda, hace justo nueve meses (fue designado el 28 de julio). Desde ese martes de cotizaciones r\u00e9cord, con el d\u00f3lar libre rozando los 500 y los burs\u00e1tiles subiendo a la par, Massa lleva adelante una fuerte estrategia de intervenci\u00f3n para contenerlos. Por el momento dio resultado y va a seguir, asegur\u00f3. \u201cLa volatilidad pol\u00edtica y la especulaci\u00f3n de cuatro vivos no pondr\u00e1 en riesgo el nivel de actividad y la ocupaci\u00f3n\u201d, le dijo el propio Massa a&nbsp;Infobae&nbsp;anoche. El <a class=\"mh-excerpt-more\" href=\"http:\/\/dsrmedios.com.ar\/diario\/archivos\/32208\" title=\"Massa: \u201cLa volatilidad pol\u00edtica y la especulaci\u00f3n de cuatro vivos no pondr\u00e1 en riesgo el nivel de actividad y la ocupaci\u00f3n\u201d\">[Leer m\u00e1s]<\/a><\/p>\n<\/div>","protected":false},"author":6,"featured_media":32154,"comment_status":"open","ping_status":"closed","sticky":false,"template":"","format":"standard","meta":{"_jetpack_newsletter_access":""},"categories":[6],"tags":[],"jetpack_featured_media_url":"http:\/\/dsrmedios.com.ar\/diario\/wp-content\/uploads\/2023\/04\/ER1KQEWf_400x400.jpg","jetpack_sharing_enabled":true,"jetpack_shortlink":"https:\/\/wp.me\/p9fihK-8nu","_links":{"self":[{"href":"http:\/\/dsrmedios.com.ar\/diario\/wp-json\/wp\/v2\/posts\/32208"}],"collection":[{"href":"http:\/\/dsrmedios.com.ar\/diario\/wp-json\/wp\/v2\/posts"}],"about":[{"href":"http:\/\/dsrmedios.com.ar\/diario\/wp-json\/wp\/v2\/types\/post"}],"author":[{"embeddable":true,"href":"http:\/\/dsrmedios.com.ar\/diario\/wp-json\/wp\/v2\/users\/6"}],"replies":[{"embeddable":true,"href":"http:\/\/dsrmedios.com.ar\/diario\/wp-json\/wp\/v2\/comments?post=32208"}],"version-history":[{"count":1,"href":"http:\/\/dsrmedios.com.ar\/diario\/wp-json\/wp\/v2\/posts\/32208\/revisions"}],"predecessor-version":[{"id":32209,"href":"http:\/\/dsrmedios.com.ar\/diario\/wp-json\/wp\/v2\/posts\/32208\/revisions\/32209"}],"wp:featuredmedia":[{"embeddable":true,"href":"http:\/\/dsrmedios.com.ar\/diario\/wp-json\/wp\/v2\/media\/32154"}],"wp:attachment":[{"href":"http:\/\/dsrmedios.com.ar\/diario\/wp-json\/wp\/v2\/media?parent=32208"}],"wp:term":[{"taxonomy":"category","embeddable":true,"href":"http:\/\/dsrmedios.com.ar\/diario\/wp-json\/wp\/v2\/categories?post=32208"},{"taxonomy":"post_tag","embeddable":true,"href":"http:\/\/dsrmedios.com.ar\/diario\/wp-json\/wp\/v2\/tags?post=32208"}],"curies":[{"name":"wp","href":"https:\/\/api.w.org\/{rel}","templated":true}]}}