{"id":32202,"date":"2023-04-30T11:03:07","date_gmt":"2023-04-30T14:03:07","guid":{"rendered":"http:\/\/dsrmedios.com.ar\/diario\/?p=32202"},"modified":"2023-04-30T11:03:11","modified_gmt":"2023-04-30T14:03:11","slug":"alberto-fernandez-puja-para-intervenir-en-la-agenda-economica-y-participar-en-la-negociacion-electoral-del-frente-de-todos","status":"publish","type":"post","link":"http:\/\/dsrmedios.com.ar\/diario\/archivos\/32202","title":{"rendered":"Alberto Fern\u00e1ndez puja para intervenir en la agenda econ\u00f3mica y participar en la negociaci\u00f3n electoral del Frente de Todos"},"content":{"rendered":"\n<p><strong>Alberto Fern\u00e1ndez no quiere convertirse en un jarr\u00f3n chino&nbsp;<\/strong>ni sufrir las consecuencias institucionales del S\u00edndrome del Pato Cojo. El Presidente cavila todo el d\u00eda sobre su futuro pol\u00edtico, mientras su c\u00edrculo \u00edntimo ha quedado reducido a la m\u00ednima expresi\u00f3n: la vocera Gabriela Cerruti y el secretario general Julio Vitobello. Ellos acompa\u00f1an al jefe de Estado en Olivos y la Casa Rosada, y el resto del Gobierno se entera de&nbsp;<em>sus<\/em>&nbsp;decisiones ya consumadas.<\/p>\n\n\n\n<p><strong>El centro de gravedad del Poder Ejecutivo es compartido por Alberto Fern\u00e1ndez y Sergio Massa<\/strong>, en tanto que Cristina Fern\u00e1ndez de Kirchner articula desde su poder interno la hoja de ruta del Frente de Todos rumbo a las PASO. El Presidente acompa\u00f1a la agenda que define el ministro de Econom\u00eda, y se apoya en&nbsp;<strong>Juan Manuel Olmos&nbsp;<\/strong>-vicejefe de Gabinete- y&nbsp;<strong>Victoria Tolosa Paz&nbsp;<\/strong>-titular de Desarrollo Social- para ser escuchado en las conversaciones previas al congreso partidario del 16 de mayo.<\/p>\n\n\n\n<p>Massa negocia con el Fondo Monetario Internacional (FMI) y define estrategias para aplacar la corrida en los mercados junto a su equipo t\u00e9cnico del Palacio de Hacienda. Dialoga todos los d\u00edas con el Presidente -v\u00eda WhatsApp y celular-,&nbsp;<strong>pero tiene plena autonom\u00eda pol\u00edtica<\/strong>&nbsp;para moverse acorde a su perspectiva del tablero econ\u00f3mico.<\/p>\n\n\n\n<p>Alberto Fern\u00e1ndez considera que Massa se excede &#8211; a veces- en su voluntarismo pol\u00edtico, una mirada cr\u00edtica que comparte con Miguel Pesce, titular del Banco Central. Sin embargo,&nbsp;<strong>el jefe de Estado y Pesce asumen que Massa es la \u00fanica herramienta oficial&nbsp;<\/strong>que tiene la Casa Rosada para encarrilar una crisis con final abierto.<\/p>\n\n\n\n<p>El ministro de Econom\u00eda conoce los cuestionamientos de Alberto Fern\u00e1ndez y Pesce, y opt\u00f3 por la r\u00e9plica en privado y el silencio en p\u00fablico. Massa tiene un canal abierto de comunicaci\u00f3n con Cristina, y ese v\u00ednculo pol\u00edtico&nbsp;<em>amordaza<\/em>&nbsp;las opiniones de M\u00e1ximo Kirchner y sus militantes de La C\u00e1mpora. En un escenario pol\u00edtico diferente, el diputado Kirchner y sus&nbsp;<em>adlateres<\/em>&nbsp;ya habr\u00edan convertido al ministro en un blanco m\u00f3vil.<\/p>\n\n\n\n<p><img decoding=\"async\" loading=\"lazy\" alt=\"Jorge Arguello, Mike Pyle, Sergio Massa, Jake Sullivan, Marc Stanley y Juan Gonzalez durante un encuentro oficial en la embajada de Argentina en Washington\" height=\"1080\" width=\"1920\" class=\"\" src=\"https:\/\/cloudfront-us-east-1.images.arcpublishing.com\/infobae\/7463Y47ZTRCWTNIRHABDXK4H64.jpg\" srcset=\"https:\/\/www.infobae.com\/new-resizer\/c8QMWV5D63BhD5oyuTP8a2k3F-o=\/420x236\/filters:format(webp):quality(85)\/cloudfront-us-east-1.images.arcpublishing.com\/infobae\/7463Y47ZTRCWTNIRHABDXK4H64.jpg 420w,https:\/\/www.infobae.com\/new-resizer\/Dakm1uM8dfYh_8Ze5Oe3IaIWKuE=\/768x432\/filters:format(webp):quality(85)\/cloudfront-us-east-1.images.arcpublishing.com\/infobae\/7463Y47ZTRCWTNIRHABDXK4H64.jpg 768w,https:\/\/www.infobae.com\/new-resizer\/hvfALQ-aO4LvXFlDLVJA_IVm8HA=\/992x558\/filters:format(webp):quality(85)\/cloudfront-us-east-1.images.arcpublishing.com\/infobae\/7463Y47ZTRCWTNIRHABDXK4H64.jpg 992w,https:\/\/www.infobae.com\/new-resizer\/YNlzJzL-ObBDI8sVib-YbkQElE8=\/1200x675\/filters:format(webp):quality(85)\/cloudfront-us-east-1.images.arcpublishing.com\/infobae\/7463Y47ZTRCWTNIRHABDXK4H64.jpg 1200w,https:\/\/www.infobae.com\/new-resizer\/KvDqVgvuXhjdhTQW-_A0D-2YgRU=\/1440x810\/filters:format(webp):quality(85)\/cloudfront-us-east-1.images.arcpublishing.com\/infobae\/7463Y47ZTRCWTNIRHABDXK4H64.jpg 1440w\">Jorge Arguello, Mike Pyle, Sergio Massa, Jake Sullivan, Marc Stanley y Juan Gonzalez durante un encuentro oficial en la embajada de Argentina en Washington<\/p>\n\n\n\n<p><strong>El jefe del Palacio de Hacienda maneja informaci\u00f3n clave&nbsp;<\/strong>que vuela a Buenos Aires desde Washington. Esa informaci\u00f3n le permite mostrar cierto optimismo respecto a las negociaciones con el FMI, que son apoyadas por la Casa Blanca.<\/p>\n\n\n\n<p>El 27 de abril,&nbsp;<strong>Jake Sullivan&nbsp;<\/strong>-consejero de Seguridad Nacional de Joseph Biden- expuso en Brookings Institution -un&nbsp;<em>think tank<\/em>&nbsp;bipartidista situado en DC-, y plante\u00f3 una sucesi\u00f3n de argumentos geopol\u00edticos que avalan la estrategia de Massa.<\/p>\n\n\n\n<p>Sullivan, que tiene relaci\u00f3n directa con Alberto Fern\u00e1ndez y Massa, se\u00f1al\u00f3 hace tres d\u00edas en Brookings Institution:<\/p>\n\n\n\n<p>&#8211; \u201d<strong>EEUU est\u00e1 comprometido a abordar el problema de la deuda que enfrenta un n\u00famero cada vez mayor de pa\u00edses vulnerables.<\/strong>&nbsp;Necesitamos ver un alivio genuino, no solo \u201cextender y fingir\u201d. Y necesitamos que todos los acreedores oficiales y privados bilaterales compartan la carga.<\/p>\n\n\n\n<p>&#8211; Eso incluye a China, que ha trabajado para construir su influencia a trav\u00e9s de pr\u00e9stamos masivos al mundo emergente,&nbsp;<strong>casi siempre con condicionantes<\/strong>. Compartimos la opini\u00f3n de muchos otros de que China ahora necesita convertirse en una fuerza constructiva para ayudar a los pa\u00edses estresados por la deuda.<\/p>\n\n\n\n<p>-Como ha se\u00f1alado la secretaria (del Tesoro Janet) Yellen, necesitamos actualizar los modelos operativos de los bancos, especialmente el Banco Mundial, pero tambi\u00e9n los bancos regionales de desarrollo. Necesitamos estirar sus balances para abordar el cambio clim\u00e1tico, las pandemias y la fragilidad y los conflictos.&nbsp;<strong>Y tenemos que ampliar el acceso a la financiaci\u00f3n en condiciones concesionarias y de alta calidad para los pa\u00edses de bajos y medianos ingresos&nbsp;<\/strong>a medida que se enfrentan a desaf\u00edos que se extienden m\u00e1s all\u00e1 de las fronteras de cualquier naci\u00f3n\u201d.<\/p>\n\n\n\n<p>Adem\u00e1s de poner foco en la negociaci\u00f3n de la deuda externa, Massa utiliz\u00f3 el fin de semana para ajustar una propuesta de acuerdo financiero y de inversiones con Brasil, que Alberto Fern\u00e1ndez tratar\u00e1 con Lula da Silva el pr\u00f3ximo martes. Massa acompa\u00f1ar\u00e1 al presidente junto al canciller Santiago Cafiero y al embajador Daniel Scioli.<\/p>\n\n\n\n<p><img decoding=\"async\" loading=\"lazy\" alt=\"Cristina Fernandez de Kirchner durante &quot;su clase magistral&quot; en el Teatro Argentino de la Plata\" height=\"2399\" width=\"3561\" class=\"\" src=\"https:\/\/cloudfront-us-east-1.images.arcpublishing.com\/infobae\/OYSZ545XSPF5UOCU7FZSGMKAGQ.jpg\" srcset=\"https:\/\/www.infobae.com\/new-resizer\/4-aL4OlBS74pJ7EPV7fTPOrEKsE=\/420x280\/filters:format(webp):quality(85)\/cloudfront-us-east-1.images.arcpublishing.com\/infobae\/OYSZ545XSPF5UOCU7FZSGMKAGQ.jpg 420w,https:\/\/www.infobae.com\/new-resizer\/4jLahD_JynGFVLX4fzJddffJnWw=\/768x512\/filters:format(webp):quality(85)\/cloudfront-us-east-1.images.arcpublishing.com\/infobae\/OYSZ545XSPF5UOCU7FZSGMKAGQ.jpg 768w,https:\/\/www.infobae.com\/new-resizer\/35wdamQl7g-BxbZbvXjkO02RkOw=\/992x661\/filters:format(webp):quality(85)\/cloudfront-us-east-1.images.arcpublishing.com\/infobae\/OYSZ545XSPF5UOCU7FZSGMKAGQ.jpg 992w,https:\/\/www.infobae.com\/new-resizer\/5dg4BwMuUGEwSsi2KP1kIoSuJn0=\/1200x800\/filters:format(webp):quality(85)\/cloudfront-us-east-1.images.arcpublishing.com\/infobae\/OYSZ545XSPF5UOCU7FZSGMKAGQ.jpg 1200w,https:\/\/www.infobae.com\/new-resizer\/W0305jOkNZFXbKc7qx3Ebo2vCyA=\/1440x960\/filters:format(webp):quality(85)\/cloudfront-us-east-1.images.arcpublishing.com\/infobae\/OYSZ545XSPF5UOCU7FZSGMKAGQ.jpg 1440w\">Cristina Fernandez de Kirchner durante &#8220;su clase magistral&#8221; en el Teatro Argentino de la Plata<\/p>\n\n\n\n<p>El jefe de Estado acompa\u00f1a las decisiones econ\u00f3micas de Massa, y&nbsp;<strong>trata de empujar su propia agenda electoral<\/strong>&nbsp;ante la voracidad que exhibe Cristina Fern\u00e1ndez de Kirchner a pocas semanas del cierre de las listas para las Primarias Abiertas Simult\u00e1neas y Obligatorias (PASO). Alberto Fern\u00e1ndez rechaza que la vicepresidenta elija al candidato presidencial y apuesta a colocar en las listas de diputados nacionales a sus ministros y secretarios m\u00e1s cercanos.<\/p>\n\n\n\n<p>Juan Manuel Olmos y Victoria Tolosa Paz negocian con una estrategia acordaba en Balcarce 50. El vicejefe de Gabinete y la ministra de Desarrollo Social tienen toda la confianza personal del Presidente, y se mueven en silencio para cerrar acuerdos definitivos con CFK, Massa y M\u00e1ximo Kirchner.<\/p>\n\n\n\n<p>En la mesa de negociaciones&nbsp;<strong>ya se discuten ciertas variables electorales&nbsp;<\/strong>que podr\u00edan desembocar en un acuerdo pol\u00edtico amplio entre Alberto Fern\u00e1ndez, Cristina y Massa. Esas variables electorales incluir\u00edan a los siguientes nombres del Gobierno, el kirchnerismo y el Frente Renovador:<\/p>\n\n\n\n<p>1.&nbsp;<strong>M\u00e1ximo Kirchner<\/strong>&nbsp;candidato a senador nacional por Buenos Aires<\/p>\n\n\n\n<p>2.&nbsp;<strong>Tolosa Paz<\/strong>&nbsp;candidata a vicegobernadora por Buenos Aires, acompa\u00f1ando a Axel Kicillof<\/p>\n\n\n\n<p>3.&nbsp;<strong>Malena Galmarini<\/strong>&nbsp;candidata a vicegobernadora por Buenos Aires, acompa\u00f1ando a Axel Kicillof<\/p>\n\n\n\n<p>4. Si la candidata es Galmarini, Tolosa Paz ser\u00eda candidata a intendente de La Plata<\/p>\n\n\n\n<p>5.&nbsp;<strong>Leandro Santoro<\/strong>&nbsp;candidato a jefe de Gobierno de la Ciudad<\/p>\n\n\n\n<p>6.&nbsp;<strong>Mat\u00edas Lammens<\/strong>&nbsp;candidato a diputado nacional en la Capital Federal<\/p>\n\n\n\n<p>7.&nbsp;<strong>Santiago Cafiero<\/strong>,&nbsp;<strong>Cerrutti<\/strong>&nbsp;y&nbsp;<strong>Vitobello<\/strong>, eventuales candidatos a diputados nacionales<\/p>\n\n\n\n<p>Al margen de los nombres y sus circunstancias, hay un asunto clave que Alberto Fern\u00e1ndez, Cristina y Massa a\u00fan no pudieron resolver. Se trata de la candidatura presidencial, que hasta ahora reclaman Juan Grabois y Daniel Scioli. Eduardo \u201cWado\u201d de Pedro recorre la Argentina y espera la bendici\u00f3n de CFK, Agust\u00edn Rossi todav\u00eda revisa su pr\u00f3xima decisi\u00f3n pol\u00edtica y Massa juega a las cartas y espera la inflaci\u00f3n de mayo.<\/p>\n\n\n\n<p>Cuarenta y cinco d\u00edas de espera que\u00a0<strong>ser\u00edan eternos<\/strong>\u00a0para la Casa Rosada y el Frente de Todos.<\/p>\n\n\n\n<p>Fuente: Infobae<\/p>\n","protected":false},"excerpt":{"rendered":"<div class=\"mh-excerpt\"><p>Alberto Fern\u00e1ndez no quiere convertirse en un jarr\u00f3n chino&nbsp;ni sufrir las consecuencias institucionales del S\u00edndrome del Pato Cojo. El Presidente cavila todo el d\u00eda sobre su futuro pol\u00edtico, mientras su c\u00edrculo \u00edntimo ha quedado reducido a la m\u00ednima expresi\u00f3n: la vocera Gabriela Cerruti y el secretario general Julio Vitobello. Ellos acompa\u00f1an al jefe de Estado en Olivos y la Casa Rosada, y el resto del Gobierno se entera de&nbsp;sus&nbsp;decisiones ya consumadas. El centro de gravedad del Poder Ejecutivo es compartido por Alberto Fern\u00e1ndez y Sergio Massa, en tanto que Cristina Fern\u00e1ndez de Kirchner articula desde su poder interno la hoja <a class=\"mh-excerpt-more\" href=\"http:\/\/dsrmedios.com.ar\/diario\/archivos\/32202\" title=\"Alberto Fern\u00e1ndez puja para intervenir en la agenda econ\u00f3mica y participar en la negociaci\u00f3n electoral del Frente de Todos\">[Leer m\u00e1s]<\/a><\/p>\n<\/div>","protected":false},"author":6,"featured_media":32203,"comment_status":"open","ping_status":"closed","sticky":false,"template":"","format":"standard","meta":{"_jetpack_newsletter_access":""},"categories":[6],"tags":[],"jetpack_featured_media_url":"http:\/\/dsrmedios.com.ar\/diario\/wp-content\/uploads\/2023\/04\/descarga-81.jpg","jetpack_sharing_enabled":true,"jetpack_shortlink":"https:\/\/wp.me\/p9fihK-8no","_links":{"self":[{"href":"http:\/\/dsrmedios.com.ar\/diario\/wp-json\/wp\/v2\/posts\/32202"}],"collection":[{"href":"http:\/\/dsrmedios.com.ar\/diario\/wp-json\/wp\/v2\/posts"}],"about":[{"href":"http:\/\/dsrmedios.com.ar\/diario\/wp-json\/wp\/v2\/types\/post"}],"author":[{"embeddable":true,"href":"http:\/\/dsrmedios.com.ar\/diario\/wp-json\/wp\/v2\/users\/6"}],"replies":[{"embeddable":true,"href":"http:\/\/dsrmedios.com.ar\/diario\/wp-json\/wp\/v2\/comments?post=32202"}],"version-history":[{"count":1,"href":"http:\/\/dsrmedios.com.ar\/diario\/wp-json\/wp\/v2\/posts\/32202\/revisions"}],"predecessor-version":[{"id":32204,"href":"http:\/\/dsrmedios.com.ar\/diario\/wp-json\/wp\/v2\/posts\/32202\/revisions\/32204"}],"wp:featuredmedia":[{"embeddable":true,"href":"http:\/\/dsrmedios.com.ar\/diario\/wp-json\/wp\/v2\/media\/32203"}],"wp:attachment":[{"href":"http:\/\/dsrmedios.com.ar\/diario\/wp-json\/wp\/v2\/media?parent=32202"}],"wp:term":[{"taxonomy":"category","embeddable":true,"href":"http:\/\/dsrmedios.com.ar\/diario\/wp-json\/wp\/v2\/categories?post=32202"},{"taxonomy":"post_tag","embeddable":true,"href":"http:\/\/dsrmedios.com.ar\/diario\/wp-json\/wp\/v2\/tags?post=32202"}],"curies":[{"name":"wp","href":"https:\/\/api.w.org\/{rel}","templated":true}]}}