{"id":3220,"date":"2017-12-27T09:24:33","date_gmt":"2017-12-27T12:24:33","guid":{"rendered":"http:\/\/dsrmedios.com.ar\/diario\/?p=3220"},"modified":"2017-12-27T09:24:33","modified_gmt":"2017-12-27T12:24:33","slug":"fiesta-de-fin-de-ano-de-la-casa-del-nino-de-nuestra-ciudad","status":"publish","type":"post","link":"http:\/\/dsrmedios.com.ar\/diario\/archivos\/3220","title":{"rendered":"Fiesta de fin de a\u00f1o de la Casa del Ni\u00f1o de nuestra ciudad"},"content":{"rendered":"<p>La Casa del Ni\u00f1o del Municipio celebr\u00f3 el fin de a\u00f1o con un acto abierto a la comunidad.\u00a0 Docentes, directivos, familias y ni\u00f1os \u00a0compartieron la celebraci\u00f3n en la que se entregaron distinciones y se reconoci\u00f3 a los nuevos egresados.<br \/>\nPatricia Donate de la Secretar\u00eda de Desarrollo Social del Municipio acompa\u00f1\u00f3 la jornada y se\u00f1al\u00f3 \u201cSiempre es una alegr\u00eda acompa\u00f1ar a la Casa del Ni\u00f1o que adem\u00e1s desde lo \u00a0personal tienen un significado importante para mi\u201d, dijo en referencia a su pasado como docente y directivo de la instituci\u00f3n.<\/p>\n","protected":false},"excerpt":{"rendered":"<div class=\"mh-excerpt\"><p>La Casa del Ni\u00f1o del Municipio celebr\u00f3 el fin de a\u00f1o con un acto abierto a la comunidad.\u00a0 Docentes, directivos, familias y ni\u00f1os \u00a0compartieron la celebraci\u00f3n en la que se entregaron distinciones y se reconoci\u00f3 a los nuevos egresados. Patricia Donate de la Secretar\u00eda de Desarrollo Social del Municipio acompa\u00f1\u00f3 la jornada y se\u00f1al\u00f3 \u201cSiempre es una alegr\u00eda acompa\u00f1ar a la Casa del Ni\u00f1o que adem\u00e1s desde lo \u00a0personal tienen un significado importante para mi\u201d, dijo en referencia a su pasado como docente y directivo de la instituci\u00f3n.<\/p>\n<\/div>","protected":false},"author":5,"featured_media":3221,"comment_status":"open","ping_status":"closed","sticky":false,"template":"","format":"standard","meta":{"_jetpack_newsletter_access":""},"categories":[18,5],"tags":[],"jetpack_featured_media_url":"http:\/\/dsrmedios.com.ar\/diario\/wp-content\/uploads\/2017\/12\/casaes.jpg","jetpack_sharing_enabled":true,"jetpack_shortlink":"https:\/\/wp.me\/p9fihK-PW","_links":{"self":[{"href":"http:\/\/dsrmedios.com.ar\/diario\/wp-json\/wp\/v2\/posts\/3220"}],"collection":[{"href":"http:\/\/dsrmedios.com.ar\/diario\/wp-json\/wp\/v2\/posts"}],"about":[{"href":"http:\/\/dsrmedios.com.ar\/diario\/wp-json\/wp\/v2\/types\/post"}],"author":[{"embeddable":true,"href":"http:\/\/dsrmedios.com.ar\/diario\/wp-json\/wp\/v2\/users\/5"}],"replies":[{"embeddable":true,"href":"http:\/\/dsrmedios.com.ar\/diario\/wp-json\/wp\/v2\/comments?post=3220"}],"version-history":[{"count":1,"href":"http:\/\/dsrmedios.com.ar\/diario\/wp-json\/wp\/v2\/posts\/3220\/revisions"}],"predecessor-version":[{"id":3222,"href":"http:\/\/dsrmedios.com.ar\/diario\/wp-json\/wp\/v2\/posts\/3220\/revisions\/3222"}],"wp:featuredmedia":[{"embeddable":true,"href":"http:\/\/dsrmedios.com.ar\/diario\/wp-json\/wp\/v2\/media\/3221"}],"wp:attachment":[{"href":"http:\/\/dsrmedios.com.ar\/diario\/wp-json\/wp\/v2\/media?parent=3220"}],"wp:term":[{"taxonomy":"category","embeddable":true,"href":"http:\/\/dsrmedios.com.ar\/diario\/wp-json\/wp\/v2\/categories?post=3220"},{"taxonomy":"post_tag","embeddable":true,"href":"http:\/\/dsrmedios.com.ar\/diario\/wp-json\/wp\/v2\/tags?post=3220"}],"curies":[{"name":"wp","href":"https:\/\/api.w.org\/{rel}","templated":true}]}}