{"id":32199,"date":"2023-04-30T11:00:58","date_gmt":"2023-04-30T14:00:58","guid":{"rendered":"http:\/\/dsrmedios.com.ar\/diario\/?p=32199"},"modified":"2023-04-30T11:01:02","modified_gmt":"2023-04-30T14:01:02","slug":"el-papa-francisco-advirtio-sobre-el-uso-de-los-algoritmos-puede-representar-un-riesgo-de-desestabilizacion-de-lo-humano","status":"publish","type":"post","link":"http:\/\/dsrmedios.com.ar\/diario\/archivos\/32199","title":{"rendered":"El papa Francisco advirti\u00f3 sobre el uso de los algoritmos: \u201cPuede representar un riesgo de desestabilizaci\u00f3n de lo humano\u201d"},"content":{"rendered":"\n<p>El&nbsp;<strong>papa Francisco<\/strong>&nbsp;advirti\u00f3 este domingo sobre el uso de los&nbsp;<strong>algoritmos \u201cque puede representar un ulterior riesgo de desestabilizaci\u00f3n de lo humano\u201d<\/strong>, en un discurso en el que reflexion\u00f3 sobre las nuevas tecnolog\u00edas al visitar la Facultad de Inform\u00e1tica y Ciencias Bi\u00f3nicas de la universidad Cat\u00f3lica \u201cP\u00e9ter P\u00e1zm\u00e1ny\u201d de Budapest, en el&nbsp;<strong>\u00faltimo acto de su visita de tres d\u00edas a Hungr\u00eda<\/strong>.<\/p>\n\n\n\n<p>En este discurso dirigido al mundo acad\u00e9mico y universitario, el Papa abord\u00f3 el uso de las tecnolog\u00edas destacando sus riesgos y para ello us\u00f3 las palabras de<strong>&nbsp;Romano Guardini,<\/strong>&nbsp;quien fue un \u201cgran intelectual y hombre de fe\u201d y que en sus reflexiones \u201cno demoniza la t\u00e9cnica, que permite vivir mejor, comunicar y tener muchas ventajas, pero que&nbsp;<strong>advierte del riesgo de que se vuelva reguladora, si no dominadora, de la vida<\/strong>\u201d.<\/p>\n\n\n\n<p>Francisco alert\u00f3 de que<strong>&nbsp;a veces el uso de las tecnolog\u00edas puede llevar \u201ca la falta de l\u00edmites\u201d, en la l\u00f3gica del \u201cse puede hacer, por tanto, es l\u00edcito\u201d.<\/strong><\/p>\n\n\n\n<p>\u201cPensemos tambi\u00e9n en la voluntad de poner en el centro de todo no a la persona y sus relaciones, sino al individuo centrado en sus propias necesidades, \u00e1vido por acumular y voraz por aferrar la realidad\u201d, critic\u00f3 el papa en esta universidad cat\u00f3lica.<\/p>\n\n\n\n<p>Pero adem\u00e1s alert\u00f3 de la consecuencia de que tambi\u00e9n&nbsp;<strong>puedan erosionar \u201clos v\u00ednculos comunitarios\u201d.<\/strong><\/p>\n\n\n\n<p>\u201c<strong>Cu\u00e1ntos individuos aislados, muy de redes sociales y poco sociales, recurren, como en un c\u00edrculo vicioso, a los consuelos de la t\u00e9cnica para llenar el vac\u00edo que experimentan<\/strong>\u201d, se\u00f1al\u00f3.<\/p>\n\n\n\n<p><img decoding=\"async\" loading=\"lazy\" alt=\"(Reuters)\" height=\"2795\" width=\"4192\" class=\"\" src=\"https:\/\/cloudfront-us-east-1.images.arcpublishing.com\/infobae\/LESJR43T76YGRAUNLHGBV3AGIE.jpg\" srcset=\"https:\/\/www.infobae.com\/new-resizer\/TOcd-19LOPguygUALAa6MaYwUcQ=\/420x280\/filters:format(webp):quality(85)\/cloudfront-us-east-1.images.arcpublishing.com\/infobae\/LESJR43T76YGRAUNLHGBV3AGIE.jpg 420w,https:\/\/www.infobae.com\/new-resizer\/udl76yEb5q5PQZNPsFce9JR_AQU=\/768x512\/filters:format(webp):quality(85)\/cloudfront-us-east-1.images.arcpublishing.com\/infobae\/LESJR43T76YGRAUNLHGBV3AGIE.jpg 768w,https:\/\/www.infobae.com\/new-resizer\/jitoamyGCQbSqR62PN1uSp4sMcg=\/992x661\/filters:format(webp):quality(85)\/cloudfront-us-east-1.images.arcpublishing.com\/infobae\/LESJR43T76YGRAUNLHGBV3AGIE.jpg 992w,https:\/\/www.infobae.com\/new-resizer\/UFIe7tdbIajE7XlE2_-9p0mq6Do=\/1200x800\/filters:format(webp):quality(85)\/cloudfront-us-east-1.images.arcpublishing.com\/infobae\/LESJR43T76YGRAUNLHGBV3AGIE.jpg 1200w,https:\/\/www.infobae.com\/new-resizer\/TQl60PIy1CM0bn4_9mylZ2lSDos=\/1440x960\/filters:format(webp):quality(85)\/cloudfront-us-east-1.images.arcpublishing.com\/infobae\/LESJR43T76YGRAUNLHGBV3AGIE.jpg 1440w\">(Reuters)<\/p>\n\n\n\n<p>Y aunque observ\u00f3 que \u201cno quer\u00eda generar pesimismo\u201d, pues \u201cser\u00eda contrario a la fe que tengo la alegr\u00eda de profesar\u201d s\u00ed que quiso llamar la atenci\u00f3n sobre esta \u201carrogancia de ser y de tener\u201d y ante \u201cel cierto uso de los algoritmos que puede representar un ulterior riesgo de desestabilizaci\u00f3n de lo humano\u201d.<\/p>\n\n\n\n<p>Y para ratificar sus advertencias, el papa cit\u00f3 el libro \u201cSe\u00f1or del mundo\u201d de Robert Benson, que \u201cdescribe un futuro dominado por la t\u00e9cnica y en el que todo, en nombre del progreso, est\u00e1 uniformado; en todas partes se predica un nuevo humanismo que suprime las diferencias, anulando la vida de los pueblos y aboliendo las religiones\u201d.<\/p>\n\n\n\n<p>Aunque el Papa tambi\u00e9n indic\u00f3 que \u201ccon la ayuda de la ciencia no queremos s\u00f3lo entender,&nbsp;<strong>queremos tambi\u00e9n hacer lo correcto, es decir, construir una civilizaci\u00f3n humana y solidaria, una cultura y un ambiente sostenibles<\/strong>\u201d.<\/p>\n\n\n\n<p>Al referirse a que \u201cHungr\u00eda ha visto sucederse que se impon\u00edan como verdad, pero no daban libertad\u201d, el Papa habl\u00f3&nbsp;<strong>del paso del comunismo al consumismo.<\/strong><\/p>\n\n\n\n<p>\u201c<strong>En ambos \u2018ismos\u2019 hay una falsa idea de libertad<\/strong>; la del comunismo era una libertad forzada, limitada desde fuera, decidida por otro; la del consumismo es una&nbsp;<strong>libertad libertina, hedonista<\/strong>, aplanada, que nos vuelve esclavos del consumo y de las cosas\u201d, manifest\u00f3.<\/p>\n\n\n\n<p>Finalmente, el papa abog\u00f3 por un conocimiento \u201cque nunca se desvincule del amor, relacional, humilde y abierto, concreto y comunitario, valiente y constructivo\u201d y que \u201cesto es lo que las universidades est\u00e1n llamadas a cultivar y la fe a alimentar\u201d.<\/p>\n\n\n\n<p>Fuente: Infobae<\/p>\n","protected":false},"excerpt":{"rendered":"<div class=\"mh-excerpt\"><p>El&nbsp;papa Francisco&nbsp;advirti\u00f3 este domingo sobre el uso de los&nbsp;algoritmos \u201cque puede representar un ulterior riesgo de desestabilizaci\u00f3n de lo humano\u201d, en un discurso en el que reflexion\u00f3 sobre las nuevas tecnolog\u00edas al visitar la Facultad de Inform\u00e1tica y Ciencias Bi\u00f3nicas de la universidad Cat\u00f3lica \u201cP\u00e9ter P\u00e1zm\u00e1ny\u201d de Budapest, en el&nbsp;\u00faltimo acto de su visita de tres d\u00edas a Hungr\u00eda. En este discurso dirigido al mundo acad\u00e9mico y universitario, el Papa abord\u00f3 el uso de las tecnolog\u00edas destacando sus riesgos y para ello us\u00f3 las palabras de&nbsp;Romano Guardini,&nbsp;quien fue un \u201cgran intelectual y hombre de fe\u201d y que en sus reflexiones <a class=\"mh-excerpt-more\" href=\"http:\/\/dsrmedios.com.ar\/diario\/archivos\/32199\" title=\"El papa Francisco advirti\u00f3 sobre el uso de los algoritmos: \u201cPuede representar un riesgo de desestabilizaci\u00f3n de lo humano\u201d\">[Leer m\u00e1s]<\/a><\/p>\n<\/div>","protected":false},"author":6,"featured_media":32200,"comment_status":"open","ping_status":"closed","sticky":false,"template":"","format":"standard","meta":{"_jetpack_newsletter_access":""},"categories":[6],"tags":[],"jetpack_featured_media_url":"http:\/\/dsrmedios.com.ar\/diario\/wp-content\/uploads\/2023\/04\/I4JQCU64POR6BYNUHEJAZX6MAQ.jpg","jetpack_sharing_enabled":true,"jetpack_shortlink":"https:\/\/wp.me\/p9fihK-8nl","_links":{"self":[{"href":"http:\/\/dsrmedios.com.ar\/diario\/wp-json\/wp\/v2\/posts\/32199"}],"collection":[{"href":"http:\/\/dsrmedios.com.ar\/diario\/wp-json\/wp\/v2\/posts"}],"about":[{"href":"http:\/\/dsrmedios.com.ar\/diario\/wp-json\/wp\/v2\/types\/post"}],"author":[{"embeddable":true,"href":"http:\/\/dsrmedios.com.ar\/diario\/wp-json\/wp\/v2\/users\/6"}],"replies":[{"embeddable":true,"href":"http:\/\/dsrmedios.com.ar\/diario\/wp-json\/wp\/v2\/comments?post=32199"}],"version-history":[{"count":1,"href":"http:\/\/dsrmedios.com.ar\/diario\/wp-json\/wp\/v2\/posts\/32199\/revisions"}],"predecessor-version":[{"id":32201,"href":"http:\/\/dsrmedios.com.ar\/diario\/wp-json\/wp\/v2\/posts\/32199\/revisions\/32201"}],"wp:featuredmedia":[{"embeddable":true,"href":"http:\/\/dsrmedios.com.ar\/diario\/wp-json\/wp\/v2\/media\/32200"}],"wp:attachment":[{"href":"http:\/\/dsrmedios.com.ar\/diario\/wp-json\/wp\/v2\/media?parent=32199"}],"wp:term":[{"taxonomy":"category","embeddable":true,"href":"http:\/\/dsrmedios.com.ar\/diario\/wp-json\/wp\/v2\/categories?post=32199"},{"taxonomy":"post_tag","embeddable":true,"href":"http:\/\/dsrmedios.com.ar\/diario\/wp-json\/wp\/v2\/tags?post=32199"}],"curies":[{"name":"wp","href":"https:\/\/api.w.org\/{rel}","templated":true}]}}