{"id":32171,"date":"2023-04-29T19:06:18","date_gmt":"2023-04-29T22:06:18","guid":{"rendered":"http:\/\/dsrmedios.com.ar\/diario\/?p=32171"},"modified":"2023-04-29T19:06:21","modified_gmt":"2023-04-29T22:06:21","slug":"tras-el-acto-de-cfk-kicillof-se-aferra-a-su-reeleccion-y-se-desmarca-de-la-presion-para-encabezar-la-boleta-nacional-2","status":"publish","type":"post","link":"http:\/\/dsrmedios.com.ar\/diario\/archivos\/32171","title":{"rendered":"Tras el acto de CFK, Kicillof se aferra a su reelecci\u00f3n y se desmarca de la presi\u00f3n para encabezar la boleta nacional"},"content":{"rendered":"\n<p>Cuando el jueves pasado, la vicepresidenta,<strong>&nbsp;Cristina Kirchner<\/strong>, le contest\u00f3 a la militancia que lleg\u00f3 hasta el Teatro Argentino de La Plata que<strong>&nbsp;\u201cno se hagan los rulos\u201d, ante el c\u00e1ntico de una \u201cCristina presidenta\u2026\u201d<\/strong>, la respuesta se interpret\u00f3 casi como una humorada. Fue al inicio del discurso. Pero con el correr de su alocuci\u00f3n la titular del Senado dio algunas se\u00f1ales m\u00e1s concretas:&nbsp;<strong>\u201cNo, presidenta no\u201d o \u201cyo ya viv\u00ed, ya di lo que ten\u00eda que dar, yo ya viv\u00ed\u201d<\/strong>. Entonces<strong>&nbsp;algunas alarmas se empezaron a encender<\/strong>. \u00bfFue una ratificaci\u00f3n de que no ser\u00e1 candidata a nada, como hab\u00eda dicho a fines del a\u00f1o pasado? La respuesta solo la tiene ella, coinciden en la dirigencia peronista. La sensaci\u00f3n, sin embargo, es queaunque todav\u00eda falta para terminar de definir las candidaturas, el&nbsp;<strong>escenario de una CFK presidenciable es complejo<\/strong>. Entonces,&nbsp;<strong>se empieza a mirar alrededor y los nombres que asoman no son demasiados.<\/strong><\/p>\n\n\n\n<p>Ante este panorama, que el oficialismo todav\u00eda puede sobrellevar en la discusi\u00f3n interna -muchos de los que participaron del acto de CFK aseguran que a\u00fan hay tiempo-, es el nombre del mandatario bonaerense,\u00a0<strong>Axel Kicillof<\/strong>, el que asoma por el peso propio de gestionar la provincia de mayor representaci\u00f3n electoral del pa\u00eds y los buenos resultados de algunas encuestas bonaerenses.<strong>\u00a0Pero el plan del gobernador es otro.<\/strong><\/p>\n\n\n\n<p><strong>Este viernes volvi\u00f3 a ratificar que pr\u00e1cticamente est\u00e1 cerrada su candidatura a la gobernaci\u00f3n<\/strong>. Durante una recorrida de gesti\u00f3n por la Segunda secci\u00f3n electoral, Kicillof contest\u00f3 ante la pregunta de&nbsp;<strong>cu\u00e1ndo se va a ordenar el Frente de Todos<\/strong>&nbsp;en lo que respecta a candidaturas:&nbsp;<strong>\u201cEn la Provincia ya estamos, s\u00ed, por supuesto\u201d.<\/strong><\/p>\n\n\n\n<p>\u201cHab\u00eda algunos dirigentes que estaban pensando en competir, en hacer una PASO y lo dije el otro d\u00eda saliendo del PJ Nacional que&nbsp;<strong>quien quiera venir a una PASO con un mejor proyecto perfecto\u2026bienvenido, o bienvenida\u201d<\/strong>, agreg\u00f3. La aclaraci\u00f3n del g\u00e9nero femenino no fue inocente.<\/p>\n\n\n\n<p>Sin nombrarla, hac\u00eda referencia a la ministra de Desarrollo Social de la Naci\u00f3n,<strong>&nbsp;Victoria Tolosa Paz,<\/strong>&nbsp;que hace exactamente una semana atr\u00e1s realiz\u00f3 un plenario de su espacio \u201cCamino a la Victoria\u201d, en el que pidi\u00f3 una instancia de Primarias en todas las categor\u00edas junto al n\u00facleo duro del presidente&nbsp;<strong>Alberto Fern\u00e1ndez<\/strong>. Algo que el kirchnerismo prefiere evitar.<\/p>\n\n\n\n<p>Sin embargo, este jueves, la responsable de la asistencia social del pa\u00eds estuvo presente en la charla que brind\u00f3&nbsp;<strong>Cristina Kirchner<\/strong>&nbsp;e incluso fue mencionada por la titular del Senado. \u201cEn la provincia la estrategia no est\u00e1 cerrada y tenemos que ser capaces de avanzar en la estrategia electoral que les convenga a los bonaerenses.&nbsp;<strong>C\u00f3mo no me voy a imaginar trabajando con Axel Kicillof que es el gobernador que milit\u00e9 para que llegara<\/strong>, que acompa\u00f1\u00e9 en la elecci\u00f3n intermedia y que en cualquier escenario voy a acompa\u00f1ar\u201d, hab\u00eda matizado la funcionaria antes del acto que encabez\u00f3 en Ensenada.<\/p>\n\n\n\n<p>Ante la consulta de&nbsp;<strong>Infobae<\/strong>,&nbsp;<strong>un intendente de peso del conurbano<\/strong>&nbsp;que este jueves estuvo en el Teatro Argentino cree que<strong>&nbsp;Cristina Kirchner no ser\u00e1 candidata y que todo se podr\u00eda acomodar con una Primaria.<\/strong>&nbsp;Tiempo atr\u00e1s, fue un grupo de jefes comunales del conurbano el que barajaba la posibilidad de que el actual mandatario provincial pelee por el puesto mayor.<\/p>\n\n\n\n<p>Seg\u00fan pudo reconstruir este medio,&nbsp;<strong>Kicillof coincidi\u00f3 al cien por ciento con el contenido del discurso de la Vicepresidenta<\/strong>&nbsp;y los lineamientos que puso sobre la mesa para \u201cdiscutir un plan de gobierno\u201d.&nbsp;<strong>Luego del acto se cruzaron mensajes<\/strong>. La ex mandataria lo felicit\u00f3 por el estado edilicio de la sala Ginastera que fue reinaugurada hace una semana, tras seis a\u00f1os de inactividad producto de los problemas de infraestructura que presentaba.<\/p>\n\n\n\n<figure class=\"wp-block-image\"><img decoding=\"async\" src=\"https:\/\/cloudfront-us-east-1.images.arcpublishing.com\/infobae\/UZHI6MIVDNBAZE66HS5PENNDE4.jpeg\" alt=\"infobae\"\/><\/figure>\n\n\n\n<p>Cuando Kicillof se ubic\u00f3 en su butaca junto al diputado nacional y presidente del PJ bonaerense,&nbsp;<strong>M\u00e1ximo Kirchner<\/strong>, la militancia core\u00f3 su nombre. Con Cristina Kirchner, Kicillof&nbsp;<strong>fue el \u00fanico \u201cbendecido\u201d por el p\u00fablico<\/strong>.<\/p>\n\n\n\n<p>Como la mayor\u00eda de la dirigencia, el mandatario bonaerense tambi\u00e9n cree que&nbsp;<strong>el camino interno se acomod\u00f3 tras la decisi\u00f3n de Alberto Fern\u00e1ndez de no buscar la reelecci\u00f3n<\/strong>. \u201cProdujo una situaci\u00f3n que&nbsp;<strong>ahora s\u00ed nos permite dar una perspectiva de diferentes candidaturas<\/strong>.<strong>&nbsp;Hay quienes creemos que deber\u00eda ser Cristina<\/strong>, pero es algo que debe resolver el Frente y la propia Vicepresidenta\u201d, advirti\u00f3 este viernes desde San Andr\u00e9s de Giles.<\/p>\n\n\n\n<p>Este viernes fue el cumplea\u00f1os del ministro de Econom\u00eda,<strong>&nbsp;Sergio Massa<\/strong>. Kicillof fue uno de los que le dedic\u00f3 un saludo virtual. Una&nbsp;<em>historia&nbsp;<\/em>desde su cuenta de Instagram, con una foto de ambos. Desde la cuenta del ministro se respondi\u00f3 sugestivamente: \u201c<strong>Gracias Pum Pim Pam\u2026 \u00bfarranca el Clio de vuelta?\u201d.<\/strong><\/p>\n\n\n\n<p>La referencia de Massa hace alusi\u00f3n al auto del Jefe de Asesores del gobernador,<strong>\u00a0Carlos Bianco<\/strong>, que fue el veh\u00edculo que utiliz\u00f3 Kicillof para recorrer la provincia durante la campa\u00f1a 2019. Una estrategia que sali\u00f3 bien. Al Clio en cuesti\u00f3n se lo puede ver estacionado en la playa de estacionamiento de la gobernaci\u00f3n bonaerense al lado de los veh\u00edculos oficiales.\u00a0<strong>\u201cEl Clio est\u00e1 en condiciones de recorrer la Provincia\u201d,<\/strong>\u00a0contestaron al lado de Kicillof ante la consulta de<strong>\u00a0Infobae<\/strong>. En La Plata no hay hoja de ruta nacional, por ahora.<\/p>\n\n\n\n<p>Fuente: Infobae<\/p>\n","protected":false},"excerpt":{"rendered":"<div class=\"mh-excerpt\"><p>Cuando el jueves pasado, la vicepresidenta,&nbsp;Cristina Kirchner, le contest\u00f3 a la militancia que lleg\u00f3 hasta el Teatro Argentino de La Plata que&nbsp;\u201cno se hagan los rulos\u201d, ante el c\u00e1ntico de una \u201cCristina presidenta\u2026\u201d, la respuesta se interpret\u00f3 casi como una humorada. Fue al inicio del discurso. Pero con el correr de su alocuci\u00f3n la titular del Senado dio algunas se\u00f1ales m\u00e1s concretas:&nbsp;\u201cNo, presidenta no\u201d o \u201cyo ya viv\u00ed, ya di lo que ten\u00eda que dar, yo ya viv\u00ed\u201d. Entonces&nbsp;algunas alarmas se empezaron a encender. \u00bfFue una ratificaci\u00f3n de que no ser\u00e1 candidata a nada, como hab\u00eda dicho a fines del <a class=\"mh-excerpt-more\" href=\"http:\/\/dsrmedios.com.ar\/diario\/archivos\/32171\" title=\"Tras el acto de CFK, Kicillof se aferra a su reelecci\u00f3n y se desmarca de la presi\u00f3n para encabezar la boleta nacional\">[Leer m\u00e1s]<\/a><\/p>\n<\/div>","protected":false},"author":6,"featured_media":32172,"comment_status":"open","ping_status":"closed","sticky":false,"template":"","format":"standard","meta":{"_jetpack_newsletter_access":""},"categories":[6],"tags":[],"jetpack_featured_media_url":"http:\/\/dsrmedios.com.ar\/diario\/wp-content\/uploads\/2023\/04\/CBE3RGM6TJCXPLMJY3DXRMIVRE-1.jpg","jetpack_sharing_enabled":true,"jetpack_shortlink":"https:\/\/wp.me\/p9fihK-8mT","_links":{"self":[{"href":"http:\/\/dsrmedios.com.ar\/diario\/wp-json\/wp\/v2\/posts\/32171"}],"collection":[{"href":"http:\/\/dsrmedios.com.ar\/diario\/wp-json\/wp\/v2\/posts"}],"about":[{"href":"http:\/\/dsrmedios.com.ar\/diario\/wp-json\/wp\/v2\/types\/post"}],"author":[{"embeddable":true,"href":"http:\/\/dsrmedios.com.ar\/diario\/wp-json\/wp\/v2\/users\/6"}],"replies":[{"embeddable":true,"href":"http:\/\/dsrmedios.com.ar\/diario\/wp-json\/wp\/v2\/comments?post=32171"}],"version-history":[{"count":1,"href":"http:\/\/dsrmedios.com.ar\/diario\/wp-json\/wp\/v2\/posts\/32171\/revisions"}],"predecessor-version":[{"id":32173,"href":"http:\/\/dsrmedios.com.ar\/diario\/wp-json\/wp\/v2\/posts\/32171\/revisions\/32173"}],"wp:featuredmedia":[{"embeddable":true,"href":"http:\/\/dsrmedios.com.ar\/diario\/wp-json\/wp\/v2\/media\/32172"}],"wp:attachment":[{"href":"http:\/\/dsrmedios.com.ar\/diario\/wp-json\/wp\/v2\/media?parent=32171"}],"wp:term":[{"taxonomy":"category","embeddable":true,"href":"http:\/\/dsrmedios.com.ar\/diario\/wp-json\/wp\/v2\/categories?post=32171"},{"taxonomy":"post_tag","embeddable":true,"href":"http:\/\/dsrmedios.com.ar\/diario\/wp-json\/wp\/v2\/tags?post=32171"}],"curies":[{"name":"wp","href":"https:\/\/api.w.org\/{rel}","templated":true}]}}