{"id":3217,"date":"2017-12-27T09:21:33","date_gmt":"2017-12-27T12:21:33","guid":{"rendered":"http:\/\/dsrmedios.com.ar\/diario\/?p=3217"},"modified":"2017-12-27T09:21:33","modified_gmt":"2017-12-27T12:21:33","slug":"se-conocieron-los-ganadores-del-concurso-activar-mi-primer-proyecto-del-municipio-de-adolfo-alsina","status":"publish","type":"post","link":"http:\/\/dsrmedios.com.ar\/diario\/archivos\/3217","title":{"rendered":"Se conocieron los ganadores del concurso Activar mi primer Proyecto del municipio de Adolfo Alsina"},"content":{"rendered":"<p>Se dieron a conocer los ganadores de la primera edici\u00f3n del concurso &#8220;Activar. Mi primer Proyecto&#8221;.<br \/>\nLos tres ganadores son alumnos del curso de torner\u00eda en madera que se dict\u00f3 en Rivera: Kees, Dar\u00edo Oscar , L\u00f3pez, Ra\u00fal y P\u00e9rez, V\u00edctor Manuel.<br \/>\nEl concurso \u201cActivar: Nuestro Primer Proyecto\u201d se aprob\u00f3 este a\u00f1o para apoyar el esfuerzo de los emprendedores locales que se han formado en los cursos de Formaci\u00f3n Profesional y\/o Capacitaci\u00f3n Laboral Agraria.<span class=\"text_exposed_show\"><br \/>\nEl objetivo de este concurso es brindar apoyo econ\u00f3mico para fomentar emprendimientos que generen empleo genuino a partir de un fondo especial de asistencia econ\u00f3mica.<\/span><\/p>\n","protected":false},"excerpt":{"rendered":"<div class=\"mh-excerpt\"><p>Se dieron a conocer los ganadores de la primera edici\u00f3n del concurso &#8220;Activar. Mi primer Proyecto&#8221;. Los tres ganadores son alumnos del curso de torner\u00eda en madera que se dict\u00f3 en Rivera: Kees, Dar\u00edo Oscar , L\u00f3pez, Ra\u00fal y P\u00e9rez, V\u00edctor Manuel. El concurso \u201cActivar: Nuestro Primer Proyecto\u201d se aprob\u00f3 este a\u00f1o para apoyar el esfuerzo de los emprendedores locales que se han formado en los cursos de Formaci\u00f3n Profesional y\/o Capacitaci\u00f3n Laboral Agraria. El objetivo de este concurso es brindar apoyo econ\u00f3mico para fomentar emprendimientos que generen empleo genuino a partir de un fondo especial de asistencia econ\u00f3mica.<\/p>\n<\/div>","protected":false},"author":5,"featured_media":3218,"comment_status":"open","ping_status":"closed","sticky":false,"template":"","format":"standard","meta":{"_jetpack_newsletter_access":""},"categories":[18,5],"tags":[],"jetpack_featured_media_url":"http:\/\/dsrmedios.com.ar\/diario\/wp-content\/uploads\/2017\/12\/proyecto.jpg","jetpack_sharing_enabled":true,"jetpack_shortlink":"https:\/\/wp.me\/p9fihK-PT","_links":{"self":[{"href":"http:\/\/dsrmedios.com.ar\/diario\/wp-json\/wp\/v2\/posts\/3217"}],"collection":[{"href":"http:\/\/dsrmedios.com.ar\/diario\/wp-json\/wp\/v2\/posts"}],"about":[{"href":"http:\/\/dsrmedios.com.ar\/diario\/wp-json\/wp\/v2\/types\/post"}],"author":[{"embeddable":true,"href":"http:\/\/dsrmedios.com.ar\/diario\/wp-json\/wp\/v2\/users\/5"}],"replies":[{"embeddable":true,"href":"http:\/\/dsrmedios.com.ar\/diario\/wp-json\/wp\/v2\/comments?post=3217"}],"version-history":[{"count":1,"href":"http:\/\/dsrmedios.com.ar\/diario\/wp-json\/wp\/v2\/posts\/3217\/revisions"}],"predecessor-version":[{"id":3219,"href":"http:\/\/dsrmedios.com.ar\/diario\/wp-json\/wp\/v2\/posts\/3217\/revisions\/3219"}],"wp:featuredmedia":[{"embeddable":true,"href":"http:\/\/dsrmedios.com.ar\/diario\/wp-json\/wp\/v2\/media\/3218"}],"wp:attachment":[{"href":"http:\/\/dsrmedios.com.ar\/diario\/wp-json\/wp\/v2\/media?parent=3217"}],"wp:term":[{"taxonomy":"category","embeddable":true,"href":"http:\/\/dsrmedios.com.ar\/diario\/wp-json\/wp\/v2\/categories?post=3217"},{"taxonomy":"post_tag","embeddable":true,"href":"http:\/\/dsrmedios.com.ar\/diario\/wp-json\/wp\/v2\/tags?post=3217"}],"curies":[{"name":"wp","href":"https:\/\/api.w.org\/{rel}","templated":true}]}}