{"id":32168,"date":"2023-04-29T19:00:55","date_gmt":"2023-04-29T22:00:55","guid":{"rendered":"http:\/\/dsrmedios.com.ar\/diario\/?p=32168"},"modified":"2023-04-29T19:00:59","modified_gmt":"2023-04-29T22:00:59","slug":"un-gobernador-del-pj-pidio-que-wado-de-pedro-sea-uno-de-los-candidatos-en-las-paso","status":"publish","type":"post","link":"http:\/\/dsrmedios.com.ar\/diario\/archivos\/32168","title":{"rendered":"Un gobernador del PJ pidi\u00f3 que \u201cWado\u201d De Pedro sea uno de los candidatos en las PASO"},"content":{"rendered":"\n<p>El gobernador de La Rioja, el peronista&nbsp;<strong>Ricardo Quintela<\/strong>, propuso que el ministro del Interior,&nbsp;<strong>Eduardo \u201cWado\u201d De Pedro,<\/strong>&nbsp;sea uno de los candidatos que tenga el Frente de Todos para competir en las PASO. Lo hizo en un acto que ambos compartieron en el interior de esa provincia.<\/p>\n\n\n\n<p>\u201cTenemos que ofrecer&nbsp;<strong>una camada<\/strong>&nbsp;de mujeres y hombres j\u00f3venes para que entre todos podamos decidir. Y vos sos uno. S\u00e9 que recorri\u00f3 toda la Rep\u00fablica Argentina, provincia por provincia, distrito por distrito, que conoce la realidad, sabe lo que es el federalismo, sabe lo que hay que hacer y c\u00f3mo conformar equipos para que lleven adelante un programa de gobierno\u201d, afirm\u00f3 el mandatario.<\/p>\n\n\n\n<p><img decoding=\"async\" loading=\"lazy\" alt=\"El respaldo del mandatario provincial al actual ministro del Interior \" height=\"1335\" width=\"1920\" class=\"\" src=\"https:\/\/cloudfront-us-east-1.images.arcpublishing.com\/infobae\/OISCNKG5TRGPBJ5L63GPDEZAII.jpg\" srcset=\"https:\/\/www.infobae.com\/new-resizer\/2Q0USGxbV0VPKSBJ_ILv_BvNkFo=\/420x280\/filters:format(webp):quality(85)\/cloudfront-us-east-1.images.arcpublishing.com\/infobae\/OISCNKG5TRGPBJ5L63GPDEZAII.jpg 420w,https:\/\/www.infobae.com\/new-resizer\/G3pn9b0hSoBxja3RU9VE7XdVU9o=\/768x512\/filters:format(webp):quality(85)\/cloudfront-us-east-1.images.arcpublishing.com\/infobae\/OISCNKG5TRGPBJ5L63GPDEZAII.jpg 768w,https:\/\/www.infobae.com\/new-resizer\/57Q2h3ob-CdBpZKty7YkKv_N0jY=\/992x661\/filters:format(webp):quality(85)\/cloudfront-us-east-1.images.arcpublishing.com\/infobae\/OISCNKG5TRGPBJ5L63GPDEZAII.jpg 992w,https:\/\/www.infobae.com\/new-resizer\/IKAeItl0cFNBN17PosuwPN9j7CU=\/1200x800\/filters:format(webp):quality(85)\/cloudfront-us-east-1.images.arcpublishing.com\/infobae\/OISCNKG5TRGPBJ5L63GPDEZAII.jpg 1200w,https:\/\/www.infobae.com\/new-resizer\/oSkoxRW6vyIiHoHRX2dTkUzwGTA=\/1440x960\/filters:format(webp):quality(85)\/cloudfront-us-east-1.images.arcpublishing.com\/infobae\/OISCNKG5TRGPBJ5L63GPDEZAII.jpg 1440w\">El respaldo del mandatario provincial al actual ministro del Interior<\/p>\n\n\n\n<p>En el acto que compartieron en la tarde del viernes en Chamical, Ricardo Quintela manifest\u00f3, dirigi\u00e9ndose al funcionario: \u201cNo nos pod\u00e9s privar, ni a los riojanos, ni a los argentinos, de\u00a0<strong>tenerte como oferta electoral para que podamos decidir libremente con nuestro voto<\/strong>\u201d<\/p>\n\n\n\n<p>La declaraci\u00f3n se produce en momentos en que el Frente de Todos enfrenta un escenario de&nbsp;<strong>incertidumbre&nbsp;<\/strong>sobre cu\u00e1l ser\u00e1 su propuesta electoral para las primarias de agosto pr\u00f3ximo. Despu\u00e9s de que el jueves Cristina Kirchner evitara referirse a una eventual postulaci\u00f3n suya \u2014<strong>\u201dYo ya di todo\u201d<\/strong>, dijo en el acto en La Plata\u2014 las especulaciones sobre qui\u00e9nes ir\u00e1n a las PASO se multiplican. \u201cWado\u201d De Pedro es uno de los que podr\u00edan&nbsp;<strong>competir<\/strong>, como una opci\u00f3n K pura, mientras asoman como alternativas diversos gobernadores y funcionales.<\/p>\n\n\n\n<p><img decoding=\"async\" loading=\"lazy\" alt=\"Ricardo Quintela, gobernador de La Rioja, junto a Wado de Pedro, ministro del Interior\" height=\"1080\" width=\"1920\" class=\"\" src=\"https:\/\/cloudfront-us-east-1.images.arcpublishing.com\/infobae\/P7QAEDKRA5GU5HVWFTPLOGI3KA.jpg\" srcset=\"https:\/\/www.infobae.com\/new-resizer\/C-3ihmt0BrbvGMSZfH9jcly8vUY=\/420x236\/filters:format(webp):quality(85)\/cloudfront-us-east-1.images.arcpublishing.com\/infobae\/P7QAEDKRA5GU5HVWFTPLOGI3KA.jpg 420w,https:\/\/www.infobae.com\/new-resizer\/IhwJ4SQWngPkBXS2ldY4MDbA_7U=\/768x432\/filters:format(webp):quality(85)\/cloudfront-us-east-1.images.arcpublishing.com\/infobae\/P7QAEDKRA5GU5HVWFTPLOGI3KA.jpg 768w,https:\/\/www.infobae.com\/new-resizer\/S2EH505msEW04sXwjHdZk8yvKyE=\/992x558\/filters:format(webp):quality(85)\/cloudfront-us-east-1.images.arcpublishing.com\/infobae\/P7QAEDKRA5GU5HVWFTPLOGI3KA.jpg 992w,https:\/\/www.infobae.com\/new-resizer\/dqUwyN4iGNSOBf_zluBjdYhBSfM=\/1200x675\/filters:format(webp):quality(85)\/cloudfront-us-east-1.images.arcpublishing.com\/infobae\/P7QAEDKRA5GU5HVWFTPLOGI3KA.jpg 1200w,https:\/\/www.infobae.com\/new-resizer\/H3wLpMTVsfKalHbengQ6PfUPH1Q=\/1440x810\/filters:format(webp):quality(85)\/cloudfront-us-east-1.images.arcpublishing.com\/infobae\/P7QAEDKRA5GU5HVWFTPLOGI3KA.jpg 1440w\">Ricardo Quintela, gobernador de La Rioja, junto a Wado de Pedro, ministro del Interior<\/p>\n\n\n\n<h2>Obras y pol\u00edtica<\/h2>\n\n\n\n<p>De Pedro acompa\u00f1\u00f3 el viernes al gobernador Quintela en la&nbsp;<strong>inauguraci\u00f3n&nbsp;<\/strong>de la primera etapa del Parque E\u00f3lico Arauco III, que consta de 19 aerogeneradores que inyectan energ\u00eda limpia para la provincia.<\/p>\n\n\n\n<p>Seg\u00fan se inform\u00f3 oficialmente, el Parque, en esta tercera etapa, sumar\u00e1 una potencia de 64,6 Mw al Sistema Energ\u00e9tico Nacional y que, con una inversi\u00f3n de US$ 120 millones, generar\u00e1 300 puestos nuevos de trabajo y se convertir\u00e1 en el principal generador de energ\u00eda renovable del NOA, NEA y Cuyo, con el objetivo de generar el 100% del abastecimiento el\u00e9ctrico de la provincia.<\/p>\n\n\n\n<p>Para los pr\u00f3ximos meses se prev\u00e9, adem\u00e1s, la inauguraci\u00f3n de la Cuarta Etapa de PEA II y el inicio de la construcci\u00f3n de su primer parque solar de 50 MW Arauco Solar I, el primer parque h\u00edbrido de la Argentina.<\/p>\n\n\n\n<p>M\u00e1s all\u00e1 de las cuestiones electorales, el ministro del Interior se\u00f1al\u00f3 que \u201cestas son obras que van a engrandecer el esp\u00edritu federal de la Naci\u00f3n Argentina\u201d y se puso a disposici\u00f3n para seguir avanzando en este tipo de obras estrat\u00e9gicas: \u201cCuenten conmigo para discutir, pensar y proyectar un modelo de pa\u00eds que siga generando trabajo\u201d.<\/p>\n\n\n\n<p>\u201cEn los \u00faltimos 40 a\u00f1os estamos orgullosos de que recuperamos la democracia, pero tambi\u00e9n tenemos que ver lo que falta y tenemos que poder acordar, sin prejuicios, cu\u00e1l es el modelo productivo de la Argentina, cu\u00e1l fue el modelo que construy\u00f3 escuelas, universidades, industrias, cu\u00e1ndo la gente pudo llevar la comida a su casa, cu\u00e1ndo los trabajadores y trabajadoras pudieron tener mayor poder adquisitivo y darle a sus hijos y a su familia una mejor vida. Eso es lo que tenemos que discutir hoy\u201d, afirm\u00f3 el ministro.<\/p>\n\n\n\n<p>Fuente: Infobae<\/p>\n","protected":false},"excerpt":{"rendered":"<div class=\"mh-excerpt\"><p>El gobernador de La Rioja, el peronista&nbsp;Ricardo Quintela, propuso que el ministro del Interior,&nbsp;Eduardo \u201cWado\u201d De Pedro,&nbsp;sea uno de los candidatos que tenga el Frente de Todos para competir en las PASO. Lo hizo en un acto que ambos compartieron en el interior de esa provincia. \u201cTenemos que ofrecer&nbsp;una camada&nbsp;de mujeres y hombres j\u00f3venes para que entre todos podamos decidir. Y vos sos uno. S\u00e9 que recorri\u00f3 toda la Rep\u00fablica Argentina, provincia por provincia, distrito por distrito, que conoce la realidad, sabe lo que es el federalismo, sabe lo que hay que hacer y c\u00f3mo conformar equipos para que lleven <a class=\"mh-excerpt-more\" href=\"http:\/\/dsrmedios.com.ar\/diario\/archivos\/32168\" title=\"Un gobernador del PJ pidi\u00f3 que \u201cWado\u201d De Pedro sea uno de los candidatos en las PASO\">[Leer m\u00e1s]<\/a><\/p>\n<\/div>","protected":false},"author":6,"featured_media":32169,"comment_status":"open","ping_status":"closed","sticky":false,"template":"","format":"standard","meta":{"_jetpack_newsletter_access":""},"categories":[6],"tags":[],"jetpack_featured_media_url":"http:\/\/dsrmedios.com.ar\/diario\/wp-content\/uploads\/2023\/04\/24-quintela.webp","jetpack_sharing_enabled":true,"jetpack_shortlink":"https:\/\/wp.me\/p9fihK-8mQ","_links":{"self":[{"href":"http:\/\/dsrmedios.com.ar\/diario\/wp-json\/wp\/v2\/posts\/32168"}],"collection":[{"href":"http:\/\/dsrmedios.com.ar\/diario\/wp-json\/wp\/v2\/posts"}],"about":[{"href":"http:\/\/dsrmedios.com.ar\/diario\/wp-json\/wp\/v2\/types\/post"}],"author":[{"embeddable":true,"href":"http:\/\/dsrmedios.com.ar\/diario\/wp-json\/wp\/v2\/users\/6"}],"replies":[{"embeddable":true,"href":"http:\/\/dsrmedios.com.ar\/diario\/wp-json\/wp\/v2\/comments?post=32168"}],"version-history":[{"count":1,"href":"http:\/\/dsrmedios.com.ar\/diario\/wp-json\/wp\/v2\/posts\/32168\/revisions"}],"predecessor-version":[{"id":32170,"href":"http:\/\/dsrmedios.com.ar\/diario\/wp-json\/wp\/v2\/posts\/32168\/revisions\/32170"}],"wp:featuredmedia":[{"embeddable":true,"href":"http:\/\/dsrmedios.com.ar\/diario\/wp-json\/wp\/v2\/media\/32169"}],"wp:attachment":[{"href":"http:\/\/dsrmedios.com.ar\/diario\/wp-json\/wp\/v2\/media?parent=32168"}],"wp:term":[{"taxonomy":"category","embeddable":true,"href":"http:\/\/dsrmedios.com.ar\/diario\/wp-json\/wp\/v2\/categories?post=32168"},{"taxonomy":"post_tag","embeddable":true,"href":"http:\/\/dsrmedios.com.ar\/diario\/wp-json\/wp\/v2\/tags?post=32168"}],"curies":[{"name":"wp","href":"https:\/\/api.w.org\/{rel}","templated":true}]}}