{"id":32162,"date":"2023-04-29T13:23:20","date_gmt":"2023-04-29T16:23:20","guid":{"rendered":"http:\/\/dsrmedios.com.ar\/diario\/?p=32162"},"modified":"2023-04-29T13:23:24","modified_gmt":"2023-04-29T16:23:24","slug":"horacio-verbitsky-saco-a-relucir-su-machismo-y-violento-a-victoria-tolosa-paz","status":"publish","type":"post","link":"http:\/\/dsrmedios.com.ar\/diario\/archivos\/32162","title":{"rendered":"Horacio Verbitsky sac\u00f3 a relucir su machismo y violent\u00f3 a Victoria Tolosa Paz"},"content":{"rendered":"\n<p>En pleno siglo XXI y con los fuertes avances de los \u00faltimos a\u00f1os en materia de g\u00e9nero con la sanci\u00f3n de leyes que dieron cuenta del rol que las mujeres ocupan en la sociedad moderna, para algunos a\u00fan es dif\u00edcil adaptarse a esa realidad y lo expresan a trav\u00e9s de violencia y descalificaciones anacr\u00f3nicas.<\/p>\n\n\n\n<p>Este es el caso del periodista\u00a0<strong>Horacio Verbitsky<\/strong>, quien en sus an\u00e1lisis tom\u00f3 como blanco a la ministra de Desarrollo Social de la Naci\u00f3n,\u00a0<a rel=\"noreferrer noopener\" href=\"https:\/\/infocielo.com\/Victoria-Tolosa-Paz\" target=\"_blank\"><strong>Victoria Tolosa Paz<\/strong><\/a>, contra quien lanz\u00f3 adjetivos que distan de una evaluaci\u00f3n pol\u00edtica de la funcionaria, sino que son un ejemplo de la\u00a0<strong>violencia pol\u00edtica\u00a0<\/strong>que sufren mujeres y disidencias en ese plano social.<\/p>\n\n\n\n<p><strong>\u201cChica pl\u00e1stica\u201d; \u201cMadame Albistur\u201d y \u201cProtegida\u201d,<\/strong>&nbsp;son algunas de las descalificaciones que el reconocido periodista y escritor lanz\u00f3 sobre la ministra. Calificativos que no us\u00f3 con ning\u00fan var\u00f3n.<\/p>\n\n\n\n<p>Eso queda claro en una de las \u00faltimas notas en donde el periodista refiere al&nbsp;<a href=\"https:\/\/infocielo.com\/victoria-tolosa-paz\/en-un-masivo-acto-victoria-tolosa-paz-defendio-las-paso-la-necesidad-organizar-al-peronismo-n761086\" target=\"_blank\" rel=\"noreferrer noopener\">acto que Tolosa Paz realizara en Ensenada la semana pasada<\/a>. All\u00ed menciona a quienes compartieron escenario con ella con nombre y apellido, Santiago Cafiero, Agust\u00edn Rossi y An\u00edbal Fern\u00e1ndez; pero a la funcionaria -y protagonista de ese acto- la menciona como \u201cchica pl\u00e1stica\u201d.<\/p>\n\n\n\n<p>Lo curioso es que la exministra de las Mujeres, G\u00e9nero y Diversidad,&nbsp;<strong>Elizabeth G\u00f3mez Alcorta<\/strong>, se mostr\u00f3 con el periodista -con quien trabaja en conjunto hace muchos a\u00f1os- luego de esas expresiones machistas que tuvo hacia una dirigente con la que comparte el mismo frente pol\u00edtico.<\/p>\n\n\n\n<p>Sobre el caso se expres\u00f3 la soci\u00f3loga e historiadora feminista y asesora de Presidencia,&nbsp;<strong>Dora Barrancos<\/strong>, quien le record\u00f3 a Verbitsky (y al resto de los colegas en forma de advertencia) que&nbsp;<strong>\u201coponerse a alguna candidatura femenina no puede significar lenguaje humillante\u201d.<\/strong><\/p>\n\n\n\n<p>El exsecretario de Medios y esposo de la funcionaria,&nbsp;<strong>Enrique \u201cPepe\u201d Albistur,<\/strong>&nbsp;tambi\u00e9n se expres\u00f3 sobre los degradantes dichos del periodista a quien calific\u00f3 como \u201cuna basura de persona\u201d.<\/p>\n\n\n\n<p><strong>\u201cMe parece que es el mismo sorete de siempre Verbitsky. Que en este caso se pasa de machirulo. Y no s\u00e9 por qu\u00e9 algunos sectores del peronismo y de la militancia le tienen respeto, ser\u00e1 porque no lo conocen, porque es una basura de persona\u201d,<\/strong>&nbsp;lanz\u00f3 Albistur en di\u00e1logo con AM990.<\/p>\n\n\n\n<p>Vale recordar que la violencia pol\u00edtica por razones de g\u00e9nero se encuentra incorporada en la Ley 26.485 de Protecci\u00f3n Integral para prevenir, sancionar y erradicar la violencia contra las mujeres desde noviembre de 2019. Esto fue porque este tipo de violencia constituye un obst\u00e1culo que impide la plena participaci\u00f3n y el ejercicio de los derechos pol\u00edticos de mujeres y diversidades.<\/p>\n\n\n\n<p>Fuente: Infocielo<\/p>\n","protected":false},"excerpt":{"rendered":"<div class=\"mh-excerpt\"><p>En pleno siglo XXI y con los fuertes avances de los \u00faltimos a\u00f1os en materia de g\u00e9nero con la sanci\u00f3n de leyes que dieron cuenta del rol que las mujeres ocupan en la sociedad moderna, para algunos a\u00fan es dif\u00edcil adaptarse a esa realidad y lo expresan a trav\u00e9s de violencia y descalificaciones anacr\u00f3nicas. Este es el caso del periodista\u00a0Horacio Verbitsky, quien en sus an\u00e1lisis tom\u00f3 como blanco a la ministra de Desarrollo Social de la Naci\u00f3n,\u00a0Victoria Tolosa Paz, contra quien lanz\u00f3 adjetivos que distan de una evaluaci\u00f3n pol\u00edtica de la funcionaria, sino que son un ejemplo de la\u00a0violencia pol\u00edtica\u00a0que <a class=\"mh-excerpt-more\" href=\"http:\/\/dsrmedios.com.ar\/diario\/archivos\/32162\" title=\"Horacio Verbitsky sac\u00f3 a relucir su machismo y violent\u00f3 a Victoria Tolosa Paz\">[Leer m\u00e1s]<\/a><\/p>\n<\/div>","protected":false},"author":6,"featured_media":32163,"comment_status":"open","ping_status":"closed","sticky":false,"template":"","format":"standard","meta":{"_jetpack_newsletter_access":""},"categories":[6],"tags":[],"jetpack_featured_media_url":"http:\/\/dsrmedios.com.ar\/diario\/wp-content\/uploads\/2023\/04\/screenshot_20210219-152022_galleryjpg.webp","jetpack_sharing_enabled":true,"jetpack_shortlink":"https:\/\/wp.me\/p9fihK-8mK","_links":{"self":[{"href":"http:\/\/dsrmedios.com.ar\/diario\/wp-json\/wp\/v2\/posts\/32162"}],"collection":[{"href":"http:\/\/dsrmedios.com.ar\/diario\/wp-json\/wp\/v2\/posts"}],"about":[{"href":"http:\/\/dsrmedios.com.ar\/diario\/wp-json\/wp\/v2\/types\/post"}],"author":[{"embeddable":true,"href":"http:\/\/dsrmedios.com.ar\/diario\/wp-json\/wp\/v2\/users\/6"}],"replies":[{"embeddable":true,"href":"http:\/\/dsrmedios.com.ar\/diario\/wp-json\/wp\/v2\/comments?post=32162"}],"version-history":[{"count":1,"href":"http:\/\/dsrmedios.com.ar\/diario\/wp-json\/wp\/v2\/posts\/32162\/revisions"}],"predecessor-version":[{"id":32164,"href":"http:\/\/dsrmedios.com.ar\/diario\/wp-json\/wp\/v2\/posts\/32162\/revisions\/32164"}],"wp:featuredmedia":[{"embeddable":true,"href":"http:\/\/dsrmedios.com.ar\/diario\/wp-json\/wp\/v2\/media\/32163"}],"wp:attachment":[{"href":"http:\/\/dsrmedios.com.ar\/diario\/wp-json\/wp\/v2\/media?parent=32162"}],"wp:term":[{"taxonomy":"category","embeddable":true,"href":"http:\/\/dsrmedios.com.ar\/diario\/wp-json\/wp\/v2\/categories?post=32162"},{"taxonomy":"post_tag","embeddable":true,"href":"http:\/\/dsrmedios.com.ar\/diario\/wp-json\/wp\/v2\/tags?post=32162"}],"curies":[{"name":"wp","href":"https:\/\/api.w.org\/{rel}","templated":true}]}}