{"id":32159,"date":"2023-04-29T13:21:42","date_gmt":"2023-04-29T16:21:42","guid":{"rendered":"http:\/\/dsrmedios.com.ar\/diario\/?p=32159"},"modified":"2023-04-29T13:21:46","modified_gmt":"2023-04-29T16:21:46","slug":"por-las-agresiones-a-docentes-los-gremios-fueron-a-pedir-acciones-a-provincia","status":"publish","type":"post","link":"http:\/\/dsrmedios.com.ar\/diario\/archivos\/32159","title":{"rendered":"Por las agresiones a docentes, los gremios fueron a pedir acciones a Provincia"},"content":{"rendered":"\n<p>Los diversos casos de agresiones f\u00edsicas contra maestras en los jardines de infantes y escuelas de la Provincia de Buenos Aires despert\u00f3 la preocupaci\u00f3n de los&nbsp;<strong>gremios docentes<\/strong>, que fueron a pedir acciones a la Direcci\u00f3n General de Cultura y Educaci\u00f3n que comanda&nbsp;<strong>Alberto Sileoni.<\/strong><\/p>\n\n\n\n<p>El gremio SUTEBA manifest\u00f3 su malestar\u00a0<strong>&#8220;ante las diversas situaciones de conflicto en el \u00e1mbito escolar, sobre todo en el Nivel Inicial&#8221;.\u00a0<\/strong>Por eso, la secretaria Gremial de la entidad, Marcela Escobar, se present\u00f3 ante las autoridades bonaerenses con representantes de los CES y Jardines de La Matanza, Esteban Echeverr\u00eda, Almirante Brown y Moreno.<\/p>\n\n\n\n<p>&#8220;Los funcionarios recibieron nuestros reclamos y el planteo respecto de la necesidad de que se resuelva en forma urgente el acuerdo paritario de resguardo y reparaci\u00f3n, que ampliar\u00eda las herramientas disponibles para abordar y prevenir las situaciones de conflicto&#8221;, explic\u00f3 el gremio.<\/p>\n\n\n\n<p>Adem\u00e1s, reforzaron el&nbsp;<strong>pedido de creaci\u00f3n de cargos faltantes<\/strong>, al tiempo que se plante\u00f3 la &#8220;importancia de la convocatoria a Jornadas Institucionales&#8221; para poder&nbsp;<strong>realizar evaluaciones y planificaciones respecto de las pol\u00edticas de cuidado y abordaje de situaciones de conflicto.<\/strong><\/p>\n\n\n\n<figure class=\"wp-block-image\"><img decoding=\"async\" src=\"https:\/\/media.infocielo.com\/p\/7ff771cf3d1c5cac53a4f89255a68e84\/adjuntos\/299\/imagenes\/001\/564\/0001564663\/887x0\/smart\/los-gremios-docentes-aceptaron-la-oferta-salarial-la-provincia.jpg\" alt=\"Los gremios docentes encendieron las alarmas ante los casos de agresi&oacute;n f&iacute;sica a las educadoras y pidieron activar un plan de acci&oacute;n a la Provincia.\"\/><\/figure>\n\n\n\n<p>Los gremios docentes encendieron las alarmas ante los casos de agresi\u00f3n f\u00edsica a las educadoras y pidieron activar un plan de acci\u00f3n a la Provincia.<\/p>\n\n\n\n<p><strong>&#8220;Seguiremos exigiendo todo lo necesario para avanzar en la soluci\u00f3n de esta problem\u00e1tica, porque sabemos que solo la organizaci\u00f3n hace posible conquistar derechos&#8221;,<\/strong>&nbsp;plantearon.<\/p>\n\n\n\n<p>Uno de los \u00faltimos casos que llam\u00f3 la atenci\u00f3n por la brutalidad ocurri\u00f3 en&nbsp;<a href=\"https:\/\/infocielo.com\/necochea\/necochea-clases-una-salvaje-agresion-una-docente-n758502\" target=\"_blank\" rel=\"noreferrer noopener\">marzo en la ciudad bonaerense de Necochea<\/a>, donde los&nbsp;<strong>g<\/strong><strong>remios docentes<\/strong>&nbsp;se movilizaron y realizaron un paro de actividades como respuesta a la salvaje agresi\u00f3n contra una maestra del nivel secundario. El violento caso se registr\u00f3 en la Escuela Secundaria 7 cuando familiares de una estudiante de quinto a\u00f1o que hab\u00eda sido reprobada en un examen atacaron despiadadamente a la docente&nbsp;<strong>Morot\u00ed Arocena<\/strong>.<\/p>\n\n\n\n<p>En ese momento, el Frente de Unidad Docente Bonaerense (FUDB), junto al pedido de justicia, reclam\u00f3 protecci\u00f3n para los trabajadores de la educaci\u00f3n y\u00a0<strong>exigieron el pleno funcionamiento de la mesa intersectorial para el abordaje de conflictos en el \u00e1mbito escolar.<\/strong><\/p>\n\n\n\n<p>Fuente: Infocielo<\/p>\n","protected":false},"excerpt":{"rendered":"<div class=\"mh-excerpt\"><p>Los diversos casos de agresiones f\u00edsicas contra maestras en los jardines de infantes y escuelas de la Provincia de Buenos Aires despert\u00f3 la preocupaci\u00f3n de los&nbsp;gremios docentes, que fueron a pedir acciones a la Direcci\u00f3n General de Cultura y Educaci\u00f3n que comanda&nbsp;Alberto Sileoni. El gremio SUTEBA manifest\u00f3 su malestar\u00a0&#8220;ante las diversas situaciones de conflicto en el \u00e1mbito escolar, sobre todo en el Nivel Inicial&#8221;.\u00a0Por eso, la secretaria Gremial de la entidad, Marcela Escobar, se present\u00f3 ante las autoridades bonaerenses con representantes de los CES y Jardines de La Matanza, Esteban Echeverr\u00eda, Almirante Brown y Moreno. &#8220;Los funcionarios recibieron nuestros reclamos <a class=\"mh-excerpt-more\" href=\"http:\/\/dsrmedios.com.ar\/diario\/archivos\/32159\" title=\"Por las agresiones a docentes, los gremios fueron a pedir acciones a Provincia\">[Leer m\u00e1s]<\/a><\/p>\n<\/div>","protected":false},"author":6,"featured_media":32160,"comment_status":"open","ping_status":"closed","sticky":false,"template":"","format":"standard","meta":{"_jetpack_newsletter_access":""},"categories":[6],"tags":[],"jetpack_featured_media_url":"http:\/\/dsrmedios.com.ar\/diario\/wp-content\/uploads\/2023\/04\/dia-del-maestro-maestra-alumnos-aula-clases-1.webp","jetpack_sharing_enabled":true,"jetpack_shortlink":"https:\/\/wp.me\/p9fihK-8mH","_links":{"self":[{"href":"http:\/\/dsrmedios.com.ar\/diario\/wp-json\/wp\/v2\/posts\/32159"}],"collection":[{"href":"http:\/\/dsrmedios.com.ar\/diario\/wp-json\/wp\/v2\/posts"}],"about":[{"href":"http:\/\/dsrmedios.com.ar\/diario\/wp-json\/wp\/v2\/types\/post"}],"author":[{"embeddable":true,"href":"http:\/\/dsrmedios.com.ar\/diario\/wp-json\/wp\/v2\/users\/6"}],"replies":[{"embeddable":true,"href":"http:\/\/dsrmedios.com.ar\/diario\/wp-json\/wp\/v2\/comments?post=32159"}],"version-history":[{"count":1,"href":"http:\/\/dsrmedios.com.ar\/diario\/wp-json\/wp\/v2\/posts\/32159\/revisions"}],"predecessor-version":[{"id":32161,"href":"http:\/\/dsrmedios.com.ar\/diario\/wp-json\/wp\/v2\/posts\/32159\/revisions\/32161"}],"wp:featuredmedia":[{"embeddable":true,"href":"http:\/\/dsrmedios.com.ar\/diario\/wp-json\/wp\/v2\/media\/32160"}],"wp:attachment":[{"href":"http:\/\/dsrmedios.com.ar\/diario\/wp-json\/wp\/v2\/media?parent=32159"}],"wp:term":[{"taxonomy":"category","embeddable":true,"href":"http:\/\/dsrmedios.com.ar\/diario\/wp-json\/wp\/v2\/categories?post=32159"},{"taxonomy":"post_tag","embeddable":true,"href":"http:\/\/dsrmedios.com.ar\/diario\/wp-json\/wp\/v2\/tags?post=32159"}],"curies":[{"name":"wp","href":"https:\/\/api.w.org\/{rel}","templated":true}]}}