{"id":32156,"date":"2023-04-29T13:20:10","date_gmt":"2023-04-29T16:20:10","guid":{"rendered":"http:\/\/dsrmedios.com.ar\/diario\/?p=32156"},"modified":"2023-04-29T13:20:14","modified_gmt":"2023-04-29T16:20:14","slug":"dia-del-animal-tres-historias-que-nos-ensenan-que-debemos-convivir-mejor-con-la-naturaleza","status":"publish","type":"post","link":"http:\/\/dsrmedios.com.ar\/diario\/archivos\/32156","title":{"rendered":"D\u00eda del animal: tres historias que nos ense\u00f1an que debemos convivir mejor con la naturaleza"},"content":{"rendered":"\n<p>Todos los 29 de abril se celebra en la Argentina el&nbsp;<strong>d\u00eda del animal.<\/strong>&nbsp;Esta jornada es una oportunidad para hablar del&nbsp;<strong>cuidado&nbsp;<\/strong>y&nbsp;<strong>respeto&nbsp;<\/strong>por la vida de la fauna silvestre, con la que convivimos de una forma cada vez m\u00e1s cercana y que sufre los impactos de nuestro modo de vida. Pero, \u00bfc\u00f3mo se ven afectados por la presencia de seres humanos?<\/p>\n\n\n\n<p>El crecimiento de urbanizaciones, el corrimiento de la frontera agropecuaria, los incendios, la caza o los atropellamientos los pone en peligro. Para el bienestar de todos, debemos&nbsp;<strong>reaprender a convivir con la naturaleza<\/strong>, ya que los encuentros con la vida silvestre son cada vez m\u00e1s frecuentes y, al afectarla, tambi\u00e9n nos ocasionamos un da\u00f1o.<\/p>\n\n\n\n<p>A trav\u00e9s de&nbsp;<strong>tres historias<\/strong>&nbsp;de animales, que llegaron al&nbsp;<strong>Centro de Recuperaci\u00f3n de Especies de Fundaci\u00f3n Temaik\u00e8n<\/strong>&nbsp;(CRET), podemos ver lo importante que es cuidar la vida silvestre y convivir armoniosamente con ella. M\u00e1s all\u00e1 de compartir un mismo espacio, el&nbsp;<strong>bienestar&nbsp;<\/strong>de los&nbsp;<strong>animales&nbsp;<\/strong>tambi\u00e9n se vincula con&nbsp;<strong>nuestra salud.<\/strong><\/p>\n\n\n\n<h2>Cachorros de gato mont\u00e9s: hu\u00e9rfanos con quemaduras por incendios forestales<\/h2>\n\n\n\n<p><img decoding=\"async\" loading=\"lazy\" alt=\"Dos gatos monteses fueron hallados y rescatados luego de un incendio forestal \/ Gentileza: Temaik\u00e8n \" height=\"1080\" width=\"1920\" class=\"\" src=\"https:\/\/cloudfront-us-east-1.images.arcpublishing.com\/infobae\/PNMZAGDWS5FEHJ6Q3IMNLK6K7I.jpg\" srcset=\"https:\/\/www.infobae.com\/new-resizer\/CsX-3xLTQbskEZe3IaW3_IVcFj0=\/420x236\/filters:format(webp):quality(85)\/cloudfront-us-east-1.images.arcpublishing.com\/infobae\/PNMZAGDWS5FEHJ6Q3IMNLK6K7I.jpg 420w,https:\/\/www.infobae.com\/new-resizer\/i9zBVt_S5sNPXQ0E_LzSucv71jY=\/768x432\/filters:format(webp):quality(85)\/cloudfront-us-east-1.images.arcpublishing.com\/infobae\/PNMZAGDWS5FEHJ6Q3IMNLK6K7I.jpg 768w,https:\/\/www.infobae.com\/new-resizer\/vzPLAbfLoePAopLEmeXxHmCDI_0=\/992x558\/filters:format(webp):quality(85)\/cloudfront-us-east-1.images.arcpublishing.com\/infobae\/PNMZAGDWS5FEHJ6Q3IMNLK6K7I.jpg 992w,https:\/\/www.infobae.com\/new-resizer\/zUOdb3ZywC8xtpmLUkn8WueNhxM=\/1200x675\/filters:format(webp):quality(85)\/cloudfront-us-east-1.images.arcpublishing.com\/infobae\/PNMZAGDWS5FEHJ6Q3IMNLK6K7I.jpg 1200w,https:\/\/www.infobae.com\/new-resizer\/0ya7vJ2dS3bWMsgI7OqHDtzq3Ys=\/1440x810\/filters:format(webp):quality(85)\/cloudfront-us-east-1.images.arcpublishing.com\/infobae\/PNMZAGDWS5FEHJ6Q3IMNLK6K7I.jpg 1440w\">Dos gatos monteses fueron hallados y rescatados luego de un incendio forestal \/ Gentileza: Temaik\u00e8n<\/p>\n\n\n\n<p>En enero de este a\u00f1o, el Parque Nacional Ciervo de los Pantanos, ubicado en el norte de la provincia de Buenos Aires, sufri\u00f3 un&nbsp;<strong>incendio&nbsp;<\/strong>en parte de su reserva. Esta zona alberga a una gran diversidad de fauna y flora del Delta. Lamentablemente, los incendios son muy frecuentes en verano y muchas veces se originan de forma intencional y se agravan en un contexto de sequ\u00eda.<\/p>\n\n\n\n<p>En este escenario, una familia de\u00a0<strong>gatos monteses mel\u00e1nicos<\/strong>\u00a0(<em>Leopardus geoffroyi<\/em>) fue v\u00edctima de esta problem\u00e1tica: una mam\u00e1 hab\u00eda parido hac\u00eda pocos d\u00edas a sus cachorros, cuando el fuego los alcanz\u00f3. La gata no fue encontrada por los guardaparques, pero encontraron a sus dos cachorros de entre 15 y 20 d\u00edas de vida, que llegaron a la Fundaci\u00f3n Temaik\u00e8n y tuvieron atenci\u00f3n m\u00e9dica inmediata en la\u00a0<em>nursery\u00a0<\/em>del Hospital Veterinario.<\/p>\n\n\n\n<p>Los cachorros fueron recibidos por profesionales del CRET, que observaron su pelo quemado por el fuego y una secreci\u00f3n en los ojos. Pesaban aproximadamente 200 gramos, apenas pod\u00edan ver y tuvieron que ser alimentados a mamadera. En esta etapa, todos los profesionales del CRET usaron m\u00e1scaras cada vez que estuvieron en contacto con los gatos, para que los cachorros no vieran los rostros de las personas y as\u00ed&nbsp;<strong>evitar la impronta.<\/strong>&nbsp;Es decir, que asocien su comida y cuidado con la presencia de humanos.<\/p>\n\n\n\n<p>Los hermanos contin\u00faan en recuperaci\u00f3n y&nbsp;<strong>aislamiento humano<\/strong>. Ya no est\u00e1n m\u00e1s en la&nbsp;<em>nursery<\/em>, fueron trasladados a un recinto del CRET lejos del contacto con personas y van creciendo con comportamientos propios de su especie, incorporaron nuevos alimentos a su dieta y, al mismo tiempo, a trav\u00e9s de distintos est\u00edmulos, se les va ense\u00f1ando a desarrollar sus<strong>&nbsp;instintos de caza&nbsp;<\/strong>y&nbsp;<strong>supervivencia<\/strong>, ya que el plan para ellos es que, una vez que se considere que est\u00e1n aptos de salud y comportamiento, puedan volver a su h\u00e1bitat natural.<\/p>\n\n\n\n<h2>Un zorro gris en la familia<\/h2>\n\n\n\n<p><img decoding=\"async\" loading=\"lazy\" alt=\"Un cachorro de zorro color gris fue hallado por unos ni\u00f1os y adoptados por una familia, que luego advirti\u00f3 que no se trataba de un perro \/  Gentileza: Temaik\u00e8n \n\" height=\"2560\" width=\"1920\" class=\"\" src=\"https:\/\/cloudfront-us-east-1.images.arcpublishing.com\/infobae\/J23D33C74FFETEDNYDXKZFVYJI.jpg\" srcset=\"https:\/\/www.infobae.com\/new-resizer\/kVAN6LLP1lxQycf8OEaqFSlxNQM=\/420x560\/filters:format(webp):quality(85)\/cloudfront-us-east-1.images.arcpublishing.com\/infobae\/J23D33C74FFETEDNYDXKZFVYJI.jpg 420w,https:\/\/www.infobae.com\/new-resizer\/x-Pj0omDFVXtii6INR9HDfjDe3s=\/768x1024\/filters:format(webp):quality(85)\/cloudfront-us-east-1.images.arcpublishing.com\/infobae\/J23D33C74FFETEDNYDXKZFVYJI.jpg 768w,https:\/\/www.infobae.com\/new-resizer\/wo2P9O6eRgz_Gu-lY9fKhuOxoi0=\/992x1323\/filters:format(webp):quality(85)\/cloudfront-us-east-1.images.arcpublishing.com\/infobae\/J23D33C74FFETEDNYDXKZFVYJI.jpg 992w,https:\/\/www.infobae.com\/new-resizer\/vQLiZq97goc_zi04B-urH_xI1z0=\/1200x1600\/filters:format(webp):quality(85)\/cloudfront-us-east-1.images.arcpublishing.com\/infobae\/J23D33C74FFETEDNYDXKZFVYJI.jpg 1200w\">Un cachorro de zorro color gris fue hallado por unos ni\u00f1os y adoptados por una familia, que luego advirti\u00f3 que no se trataba de un perro \/ Gentileza: Temaik\u00e8n<\/p>\n\n\n\n<p>Una familia de Merlo, provincia de Buenos Aires, adopt\u00f3 un cachorro que estaba en manos de un grupo de chicos que lo hab\u00eda encontrado solo. Lo tuvieron algunas semanas como mascota, aliment\u00e1ndolo a mamadera porque todav\u00eda no inger\u00eda s\u00f3lidos, hasta que notaron un&nbsp;<strong>comportamiento m\u00e1s agresivo<\/strong>&nbsp;de lo com\u00fan, ya que gru\u00f1\u00eda mucho.<\/p>\n\n\n\n<p>Al mismo tiempo, el animal iba tomando una forma distinta a la de un perro, su hocico se alarg\u00f3 m\u00e1s de lo normal. Era un&nbsp;<strong>cachorro de zorro gris<\/strong>&nbsp;(<em>Lycalopex griseus<\/em>), una especie propia de nuestra regi\u00f3n y que de peque\u00f1o tiene mucha similitud con un perro.<\/p>\n\n\n\n<p>Pero, \u00bfpor qu\u00e9 lleg\u00f3 el zorro a manos de una familia? Seguramente, los chicos que lo encontraron no prestaron atenci\u00f3n a si su mam\u00e1 estaba cerca o bien el animal sali\u00f3 a explorar el terreno y como las\u00a0<strong>urbanizaciones se extienden cada vez m\u00e1s<\/strong>, es m\u00e1s frecuente que se produzcan esta clase de encuentros. La familia adoptante, al darse cuenta de que ten\u00edan un zorro de mascota, decidi\u00f3 ponerse en contacto con la Fundaci\u00f3n.<\/p>\n\n\n\n<p>El zorro ingres\u00f3 al CRET con buen estado general, con aproximadamente 3 meses de vida y con un peso de 1,200 kg. Se le realiz\u00f3 el chequeo veterinario de rutina donde adem\u00e1s se analizaron posibles enfermedades y, al igual que todos los animales que llegan al Centro de Rescate, se le estableci\u00f3 una cuarentena que cumpli\u00f3 junto a otros zorros cachorros que tambi\u00e9n hab\u00edan llegado para esa \u00e9poca, con distintos or\u00edgenes.<\/p>\n\n\n\n<p>Los profesionales decidieron<strong>&nbsp;criarlos todos juntos<\/strong>, ya que de esa forma se los ayuda a identificarse con otros de su especie y desarrollar los comportamientos esperados de un animal silvestre.<\/p>\n\n\n\n<p>Ellos, al igual que todos los animales que tienen posibilidades de volver a su h\u00e1bitat, tuvieron una estad\u00eda en aislamiento humano, monitoreados a trav\u00e9s de c\u00e1maras. Todos, inclusive el zorro que estuvo en una casa algunas semanas, crecieron saludables y con sus instintos de supervivencia desarrollados. En este caso, todos pudieron volver a la&nbsp;<strong>naturaleza&nbsp;<\/strong>y fueron&nbsp;<strong>reinsertados&nbsp;<\/strong>hace unos d\u00edas en un predio en la zona norte de la provincia de Buenos Aires.<\/p>\n\n\n\n<h2>Ciervo de los pantanos: en peligro por la caza en el Delta<\/h2>\n\n\n\n<p><img decoding=\"async\" loading=\"lazy\" alt=\"El ciervo de los pantanos es una especie que esta constantemente amenazada por la caza incesante de los humanos\" height=\"2560\" width=\"1920\" class=\"\" src=\"https:\/\/cloudfront-us-east-1.images.arcpublishing.com\/infobae\/GRSUNT323RHE5JEATVJ4PUQIJU.jpg\" srcset=\"https:\/\/www.infobae.com\/new-resizer\/ITvnEXh-5jX4TmVVkKBc2cTHvd4=\/420x560\/filters:format(webp):quality(85)\/cloudfront-us-east-1.images.arcpublishing.com\/infobae\/GRSUNT323RHE5JEATVJ4PUQIJU.jpg 420w,https:\/\/www.infobae.com\/new-resizer\/0yLu5wKbFSkw8aTui9ipNmFH1Ec=\/768x1024\/filters:format(webp):quality(85)\/cloudfront-us-east-1.images.arcpublishing.com\/infobae\/GRSUNT323RHE5JEATVJ4PUQIJU.jpg 768w,https:\/\/www.infobae.com\/new-resizer\/65Cr7tyuqm1TEp2Z1Mjl_A-lb3k=\/992x1323\/filters:format(webp):quality(85)\/cloudfront-us-east-1.images.arcpublishing.com\/infobae\/GRSUNT323RHE5JEATVJ4PUQIJU.jpg 992w,https:\/\/www.infobae.com\/new-resizer\/2s1-wNawdlOlSeMoaS_DWx8fUyE=\/1200x1600\/filters:format(webp):quality(85)\/cloudfront-us-east-1.images.arcpublishing.com\/infobae\/GRSUNT323RHE5JEATVJ4PUQIJU.jpg 1200w\">El ciervo de los pantanos es una especie que esta constantemente amenazada por la caza incesante de los humanos<\/p>\n\n\n\n<p>Hace algunas semanas, la Fundaci\u00f3n recibi\u00f3 un llamado de alerta porque en una isla del&nbsp;<strong>Delta&nbsp;<\/strong>los vecinos observaron un&nbsp;<strong>ciervo de los pantanos&nbsp;<\/strong>(<em>Blastocerus dichotomus<\/em>) con una&nbsp;<strong>herida&nbsp;<\/strong>muy grande en su lomo. El equipo de Temaik\u00e8n fue al rescate de este c\u00e9rvido, que es el m\u00e1s grande de Sudam\u00e9rica.<\/p>\n\n\n\n<p>La poblaci\u00f3n que se encuentra en la provincia de Buenos Aires es la m\u00e1s austral de esta especie que est\u00e1 en<strong>&nbsp;Peligro de Extinci\u00f3n<\/strong>, v\u00edctima de la cacer\u00eda (ya que todav\u00eda se los mata por su carne, cuero y astas), ataque de perros cimarrones, accidentes o tr\u00e1fico ilegal.<\/p>\n\n\n\n<p>En este caso se trataba de un ejemplar joven cercano al a\u00f1o de edad, macho, que estaba en shock por el tama\u00f1o de su herida, probablemente provocada por una bala. Al estar con esa zona abierta, las moscas pusieron huevos y las larvas fueron comiendo su tejido blando como piel, m\u00fasculos y tendones. Estuvo as\u00ed varios d\u00edas, lo que fue agravando su estado de salud.<\/p>\n\n\n\n<p><img decoding=\"async\" loading=\"lazy\" alt=\"A pesar de que el ciervo fue rescatado y los profesionales trataron incansablemente de tratar sus heridas, no logr\u00f3 sobrevivir\" height=\"1440\" width=\"1080\" class=\"\" src=\"https:\/\/cloudfront-us-east-1.images.arcpublishing.com\/infobae\/JYYGB56WRJE4JAYZVWRJJHAMRM.jpg\" srcset=\"https:\/\/www.infobae.com\/new-resizer\/A7OJC8ee-OeKjJXaIleceu_AEzw=\/420x560\/filters:format(webp):quality(85)\/cloudfront-us-east-1.images.arcpublishing.com\/infobae\/JYYGB56WRJE4JAYZVWRJJHAMRM.jpg 420w,https:\/\/www.infobae.com\/new-resizer\/SXLlVXgBztYIzSHutQV4X-e2QBg=\/768x1024\/filters:format(webp):quality(85)\/cloudfront-us-east-1.images.arcpublishing.com\/infobae\/JYYGB56WRJE4JAYZVWRJJHAMRM.jpg 768w,https:\/\/www.infobae.com\/new-resizer\/vlWb52tuUQ4oQVBzCh14p7Yzcbs=\/992x1323\/filters:format(webp):quality(85)\/cloudfront-us-east-1.images.arcpublishing.com\/infobae\/JYYGB56WRJE4JAYZVWRJJHAMRM.jpg 992w,https:\/\/www.infobae.com\/new-resizer\/Nt1QXazoVlVrksBZp1-XXorBHEU=\/1200x1600\/filters:format(webp):quality(85)\/cloudfront-us-east-1.images.arcpublishing.com\/infobae\/JYYGB56WRJE4JAYZVWRJJHAMRM.jpg 1200w\">A pesar de que el ciervo fue rescatado y los profesionales trataron incansablemente de tratar sus heridas, no logr\u00f3 sobrevivir<\/p>\n\n\n\n<p>Luego del operativo realizado para encontrarlo, fue trasladado al Centro donde se lo asisti\u00f3 para&nbsp;<strong>estabilizarlo&nbsp;<\/strong>y se le limpi\u00f3 la herida. Pero algo agrav\u00f3 su situaci\u00f3n: los an\u00e1lisis de sangre del ciervo mostraron que sus niveles de prote\u00ednas eran muy bajos, lo que afectaba su salud.<\/p>\n\n\n\n<p>El ciervo estuvo algunos d\u00edas bajo un&nbsp;<strong>cuidado intensivo<\/strong>&nbsp;y el equipo de profesionales del CRET hizo lo posible para salvar a este valioso animal, pero&nbsp;<strong>lamentablemente no sobrevivi\u00f3.<\/strong>&nbsp;M\u00e1s all\u00e1 de su deficiente estado de salud, la herida desencaden\u00f3 este triste final que es muy com\u00fan para esta especie, ya que todav\u00eda son&nbsp;<strong>v\u00edctimas de la caza<\/strong>.<\/p>\n\n\n\n<p>En estas tres historias de rescate de Fundaci\u00f3n Temaik\u00e8n se puede ver c\u00f3mo se trabaja para mitigar las consecuencias de una\u00a0<strong>mala convivencia entre personas y animales<\/strong>. Los seres humanos estamos insertos en ambientes biodiversos y debemos aprender a compartir esos espacios, por el respeto a la vida de todo ser vivo y porque, como aprendimos a partir de la \u00faltima pandemia, la salud de ellos es tambi\u00e9n nuestra.<\/p>\n\n\n\n<p>Fuente: Infobae<\/p>\n","protected":false},"excerpt":{"rendered":"<div class=\"mh-excerpt\"><p>Todos los 29 de abril se celebra en la Argentina el&nbsp;d\u00eda del animal.&nbsp;Esta jornada es una oportunidad para hablar del&nbsp;cuidado&nbsp;y&nbsp;respeto&nbsp;por la vida de la fauna silvestre, con la que convivimos de una forma cada vez m\u00e1s cercana y que sufre los impactos de nuestro modo de vida. Pero, \u00bfc\u00f3mo se ven afectados por la presencia de seres humanos? El crecimiento de urbanizaciones, el corrimiento de la frontera agropecuaria, los incendios, la caza o los atropellamientos los pone en peligro. Para el bienestar de todos, debemos&nbsp;reaprender a convivir con la naturaleza, ya que los encuentros con la vida silvestre son cada <a class=\"mh-excerpt-more\" href=\"http:\/\/dsrmedios.com.ar\/diario\/archivos\/32156\" title=\"D\u00eda del animal: tres historias que nos ense\u00f1an que debemos convivir mejor con la naturaleza\">[Leer m\u00e1s]<\/a><\/p>\n<\/div>","protected":false},"author":6,"featured_media":32157,"comment_status":"open","ping_status":"closed","sticky":false,"template":"","format":"standard","meta":{"_jetpack_newsletter_access":""},"categories":[43],"tags":[],"jetpack_featured_media_url":"http:\/\/dsrmedios.com.ar\/diario\/wp-content\/uploads\/2023\/04\/6EXMgCKI.jpg","jetpack_sharing_enabled":true,"jetpack_shortlink":"https:\/\/wp.me\/p9fihK-8mE","_links":{"self":[{"href":"http:\/\/dsrmedios.com.ar\/diario\/wp-json\/wp\/v2\/posts\/32156"}],"collection":[{"href":"http:\/\/dsrmedios.com.ar\/diario\/wp-json\/wp\/v2\/posts"}],"about":[{"href":"http:\/\/dsrmedios.com.ar\/diario\/wp-json\/wp\/v2\/types\/post"}],"author":[{"embeddable":true,"href":"http:\/\/dsrmedios.com.ar\/diario\/wp-json\/wp\/v2\/users\/6"}],"replies":[{"embeddable":true,"href":"http:\/\/dsrmedios.com.ar\/diario\/wp-json\/wp\/v2\/comments?post=32156"}],"version-history":[{"count":1,"href":"http:\/\/dsrmedios.com.ar\/diario\/wp-json\/wp\/v2\/posts\/32156\/revisions"}],"predecessor-version":[{"id":32158,"href":"http:\/\/dsrmedios.com.ar\/diario\/wp-json\/wp\/v2\/posts\/32156\/revisions\/32158"}],"wp:featuredmedia":[{"embeddable":true,"href":"http:\/\/dsrmedios.com.ar\/diario\/wp-json\/wp\/v2\/media\/32157"}],"wp:attachment":[{"href":"http:\/\/dsrmedios.com.ar\/diario\/wp-json\/wp\/v2\/media?parent=32156"}],"wp:term":[{"taxonomy":"category","embeddable":true,"href":"http:\/\/dsrmedios.com.ar\/diario\/wp-json\/wp\/v2\/categories?post=32156"},{"taxonomy":"post_tag","embeddable":true,"href":"http:\/\/dsrmedios.com.ar\/diario\/wp-json\/wp\/v2\/tags?post=32156"}],"curies":[{"name":"wp","href":"https:\/\/api.w.org\/{rel}","templated":true}]}}