{"id":32141,"date":"2023-04-29T11:26:16","date_gmt":"2023-04-29T14:26:16","guid":{"rendered":"http:\/\/dsrmedios.com.ar\/diario\/?p=32141"},"modified":"2023-04-29T11:26:20","modified_gmt":"2023-04-29T14:26:20","slug":"jose-luis-espert-no-descarto-ser-candidato-a-presidente-y-competir-contra-larreta-y-bullrich","status":"publish","type":"post","link":"http:\/\/dsrmedios.com.ar\/diario\/archivos\/32141","title":{"rendered":"Jos\u00e9 Luis Espert: \u201cNo descarto ser candidato a presidente y competir contra Larreta y Bullrich\u201d"},"content":{"rendered":"\n<p>En medio de las negociaciones para sellar su incorporaci\u00f3n a Juntos por el Cambio, el diputado nacional por la provincia de Buenos Aires y l\u00edder de Avanza Libertad,&nbsp;<strong>Jos\u00e9 Luis Espert<\/strong>, se mostr\u00f3 esperanzado en poder \u201cengrosar\u201d el espacio opositor al kirchnerismo de cara a las pr\u00f3ximas elecciones. Y si bien la idea inicial de su desembarco en la coalici\u00f3n es de cara a una PASO para competir como precandidato a gobernador bonaerense, el dirigente libertario no descart\u00f3 la posibilidad de postularse en otra primaria para los comicios presidenciales.<\/p>\n\n\n\n<p>\u201cSi es que terminara en buen puerto la confluencia con Juntos por el Cambio en un nuevo espacio opositor,&nbsp;<strong>no descarto en una nueva PASO ser candidato a presidente&nbsp;<\/strong>y competir contra (Horacio) Rodr\u00edguez Larreta y (Patricia) Bullrich\u201d, declar\u00f3 hoy por la ma\u00f1ana Espert en declaraciones radiales.<\/p>\n\n\n\n<p>Con el apoyo que recibi\u00f3 en los \u00faltimos d\u00edas de los principales dirigentes que integran JxC, Espert asegur\u00f3 que las chances son altas de que en los pr\u00f3ximos d\u00edas se oficialice su desembarco en la coalici\u00f3n opositora. \u201c<strong>Estamos conversando en muy buenos t\u00e9rminos<\/strong>&nbsp;para que Juntos por el Cambio y el liberalismo confluyamos en un nuevo espacio opositor, y en ese nuevo espacio el liberalismo tenga una silla como hoy tienen el PRO, el radicalismo, la Coalici\u00f3n C\u00edvica y el peronismo que representa (Miguel \u00c1ngel) Pichetto\u201d, se\u00f1al\u00f3 durante una entrevista para radio&nbsp;<em>Mitre<\/em>.<\/p>\n\n\n\n<p>\u201cLa idea es ingresar para engrosar el espacio opositor al kirchnerismo, y competir\u201d, puntualiz\u00f3 Espert.<\/p>\n\n\n\n<p><\/p>\n\n\n\n<p>Sobre este nuevo escenario pol\u00edtico dentro de la oposici\u00f3n, los l\u00edderes del PRO se reunieron ayer por la ma\u00f1ana y&nbsp;<a href=\"https:\/\/www.infobae.com\/politica\/2023\/04\/28\/en-la-cumbre-del-pro-no-hablaron-de-candidaturas-y-acordaron-una-reunion-de-jxc-con-economistas-y-jose-luis-espert\/\" target=\"_blank\" rel=\"noreferrer noopener\"><em>acordaron que el pr\u00f3ximo martes se anuncie el arribo del liberal<\/em><em>Espert a la coalici\u00f3n<\/em><\/a><em>.<\/em>&nbsp;Del encuentro llevado a cabo en la casa del ex ministro de Trabajo Jorge Triaca, en el partido bonaerense de San Isidro. participaron&nbsp;<strong>Mauricio Macri, Horacio Rodr\u00edguez Larreta, Patricia Bullrich&nbsp;<\/strong>y<strong>&nbsp;Mar\u00eda Eugenia Vidal,&nbsp;<\/strong>adem\u00e1s de&nbsp;<strong>Federico Angelini, Cristian Ritondo, Diego Santilli&nbsp;<\/strong>y<strong>&nbsp;Fernando de Andreis.<\/strong><\/p>\n\n\n\n<p><img decoding=\"async\" loading=\"lazy\" alt=\"Los l\u00edderes del PRO avalaron la incorporaci\u00f3n de Jos\u00e9 Luis Espert a Juntos por el Cambio. \" height=\"1080\" width=\"1920\" class=\"\" src=\"https:\/\/cloudfront-us-east-1.images.arcpublishing.com\/infobae\/IQZWIGESYJGQRF23UPISZ2VFFE.jpg\" srcset=\"https:\/\/www.infobae.com\/new-resizer\/R4jntX14g6jKlCM4OuOxzbThDdg=\/420x236\/filters:format(webp):quality(85)\/cloudfront-us-east-1.images.arcpublishing.com\/infobae\/IQZWIGESYJGQRF23UPISZ2VFFE.jpg 420w,https:\/\/www.infobae.com\/new-resizer\/VKuXukce4hqEDFLQ2T-1htW-SzE=\/768x432\/filters:format(webp):quality(85)\/cloudfront-us-east-1.images.arcpublishing.com\/infobae\/IQZWIGESYJGQRF23UPISZ2VFFE.jpg 768w,https:\/\/www.infobae.com\/new-resizer\/g1ItsbIYOL9P-6rnCDZoL7o0qPk=\/992x558\/filters:format(webp):quality(85)\/cloudfront-us-east-1.images.arcpublishing.com\/infobae\/IQZWIGESYJGQRF23UPISZ2VFFE.jpg 992w,https:\/\/www.infobae.com\/new-resizer\/IDJRuxJ3xPuC2deNcAElhhnYO0Y=\/1200x675\/filters:format(webp):quality(85)\/cloudfront-us-east-1.images.arcpublishing.com\/infobae\/IQZWIGESYJGQRF23UPISZ2VFFE.jpg 1200w,https:\/\/www.infobae.com\/new-resizer\/BpPp--Vogct6LNl65fzK8CtAMng=\/1440x810\/filters:format(webp):quality(85)\/cloudfront-us-east-1.images.arcpublishing.com\/infobae\/IQZWIGESYJGQRF23UPISZ2VFFE.jpg 1440w\">Los l\u00edderes del PRO avalaron la incorporaci\u00f3n de Jos\u00e9 Luis Espert a Juntos por el Cambio.<\/p>\n\n\n\n<p>A pesar de que en el encuentro no se habl\u00f3 de candidaturas, s\u00ed se acord\u00f3 que esos ocho dirigentes que fueron a la casa de Triaca formar\u00e1n parte de \u201cuna mesa de di\u00e1logo permanente\u201den el PRO para darle continuidad al espacio de debate que se abri\u00f3 y tratar de prevenir enfrentamientos.<\/p>\n\n\n\n<p>\u201cRecib\u00ed una carta de @jlespert, del espacio&nbsp;<strong>Avanza Libertad<\/strong>, en que expresa su preocupaci\u00f3n por la crisis econ\u00f3mica de un gobierno sin rumbo. En ella propone ampliar el espacio opositor, sum\u00e1ndose a Juntos por el Cambio para aunar esfuerzos y llevar adelante las pol\u00edticas de estado que permitan superar la decadencia y promover el progreso y desarrollo sostenido del pa\u00eds\u201d, escribi\u00f3 el pasado mi\u00e9rcoles&nbsp;<strong>Maximiliano Ferraro<\/strong>, presidente de la<strong>&nbsp;CC, en su cuenta de Twitter.<\/strong><\/p>\n\n\n\n<p>Luego, el tambi\u00e9n diputado nacional por la Ciudad de Buenos Aires, expres\u00f3 que la coalici\u00f3n opositora \u201cdebe ser siempre un espacio amplio, que sume a todos aquellos que defiendan la democracia, la libertad, el humanismo y los valores republicanos. Por eso apoyo la propuesta de Avanza Libertad de sumarse a nuestro espacio. El pa\u00eds necesita de cada uno de nosotros para salir adelante\u201d.<\/p>\n\n\n\n<p><strong>Pichetto<\/strong>, precandidato presidencial por Encuentro Republicano Federal, se manifest\u00f3 en la misma l\u00ednea en&nbsp;<em>Radio Mitre:&nbsp;<\/em>\u201cAyer tuvimos una reuni\u00f3n y yo tengo una mirada totalmente positiva, me parece que&nbsp;<strong>es interesante sumar a Jos\u00e9 Luis Espert&nbsp;<\/strong>con su partido que&nbsp;<strong>aporta una mirada liberal y consolida el frente opositor<\/strong>\u201d, se\u00f1al\u00f3 el ex senador nacional.<\/p>\n\n\n\n<p><img decoding=\"async\" loading=\"lazy\" alt=\"Miguel \u00c1ngel Pichetto tambi\u00e9n respald\u00f3 el desembarco de Espert en JxC. \" height=\"1080\" width=\"1920\" class=\"\" src=\"https:\/\/cloudfront-us-east-1.images.arcpublishing.com\/infobae\/NUUSD36WJRH4FAHAPPPXY6VP5Q.jpg\" srcset=\"https:\/\/www.infobae.com\/new-resizer\/TKUP8DX3G9zsCnsNZM8I7MTtgaQ=\/420x236\/filters:format(webp):quality(85)\/cloudfront-us-east-1.images.arcpublishing.com\/infobae\/NUUSD36WJRH4FAHAPPPXY6VP5Q.jpg 420w,https:\/\/www.infobae.com\/new-resizer\/GHEERw-cjoZQ0y5wZER78JVbf3I=\/768x432\/filters:format(webp):quality(85)\/cloudfront-us-east-1.images.arcpublishing.com\/infobae\/NUUSD36WJRH4FAHAPPPXY6VP5Q.jpg 768w,https:\/\/www.infobae.com\/new-resizer\/WOtGn9O4cd2gY-aFmOyZKisrSUg=\/992x558\/filters:format(webp):quality(85)\/cloudfront-us-east-1.images.arcpublishing.com\/infobae\/NUUSD36WJRH4FAHAPPPXY6VP5Q.jpg 992w,https:\/\/www.infobae.com\/new-resizer\/szIWHH8xiL36OoTY_Eopek_Rn3I=\/1200x675\/filters:format(webp):quality(85)\/cloudfront-us-east-1.images.arcpublishing.com\/infobae\/NUUSD36WJRH4FAHAPPPXY6VP5Q.jpg 1200w,https:\/\/www.infobae.com\/new-resizer\/BFIaQ8n-JsiN-poyNiWyAajAnP8=\/1440x810\/filters:format(webp):quality(85)\/cloudfront-us-east-1.images.arcpublishing.com\/infobae\/NUUSD36WJRH4FAHAPPPXY6VP5Q.jpg 1440w\">Miguel \u00c1ngel Pichetto tambi\u00e9n respald\u00f3 el desembarco de Espert en JxC.<\/p>\n\n\n\n<p>Asimismo, Espert recibi\u00f3 el gui\u00f1o desde la UCR. El gobernador de la provincia de Jujuy, Gerardo Morales, consider\u00f3 en un tuit que \u201cpara dar vuelta la Argentina hace falta un espacio pol\u00edtico formado con gente capaz, trabajadora y decidida. Salir de esta crisis requiere madurez y unidad. Por eso, como presidente de la Uni\u00f3n C\u00edvica Radical, saludo la incorporaci\u00f3n de Jos\u00e9 Luis Espert y Avanza Libertad a Juntos por el Cambio\u201d.<\/p>\n\n\n\n<p>Y en otro posteo, el l\u00edder del radicalismo agreg\u00f3: \u201cS\u00e9 de su enorme preocupaci\u00f3n por la fr\u00e1gil situaci\u00f3n del pa\u00eds, y creo que es necesaria la ampliaci\u00f3n de Juntos por el Cambio con espacios que est\u00e9n comprometidos con nuestra ciudadan\u00eda. Con orden y capacidad de gesti\u00f3n, vamos a revertir el desastre que nos deja este gobierno\u201d.<\/p>\n\n\n\n<p>Al conocer las posturas de los presidentes de la CC y la UCR, Espert les agradeci\u00f3 por \u201crespetar sus diferencias\u201d y habl\u00f3 de \u201cpotenciar los puntos\u201d que los unen.<\/p>\n\n\n\n<p>\u201cEstamos en un momento clave de la historia, donde la gente pide unidad para derrotar al kirchnerismo. Podemos discutir los puntos que nos diferencian, pero debemos potenciar aquellos que nos unen\u201d, le escribi\u00f3 el libertario a Ferraro y Morales.<\/p>\n\n\n\n<p>Fuente: Infobae<\/p>\n","protected":false},"excerpt":{"rendered":"<div class=\"mh-excerpt\"><p>En medio de las negociaciones para sellar su incorporaci\u00f3n a Juntos por el Cambio, el diputado nacional por la provincia de Buenos Aires y l\u00edder de Avanza Libertad,&nbsp;Jos\u00e9 Luis Espert, se mostr\u00f3 esperanzado en poder \u201cengrosar\u201d el espacio opositor al kirchnerismo de cara a las pr\u00f3ximas elecciones. Y si bien la idea inicial de su desembarco en la coalici\u00f3n es de cara a una PASO para competir como precandidato a gobernador bonaerense, el dirigente libertario no descart\u00f3 la posibilidad de postularse en otra primaria para los comicios presidenciales. \u201cSi es que terminara en buen puerto la confluencia con Juntos por <a class=\"mh-excerpt-more\" href=\"http:\/\/dsrmedios.com.ar\/diario\/archivos\/32141\" title=\"Jos\u00e9 Luis Espert: \u201cNo descarto ser candidato a presidente y competir contra Larreta y Bullrich\u201d\">[Leer m\u00e1s]<\/a><\/p>\n<\/div>","protected":false},"author":6,"featured_media":32142,"comment_status":"open","ping_status":"closed","sticky":false,"template":"","format":"standard","meta":{"_jetpack_newsletter_access":""},"categories":[6],"tags":[],"jetpack_featured_media_url":"http:\/\/dsrmedios.com.ar\/diario\/wp-content\/uploads\/2023\/04\/260053198_4541128702607156_563794243065574846_n-e1682556046311.webp","jetpack_sharing_enabled":true,"jetpack_shortlink":"https:\/\/wp.me\/p9fihK-8mp","_links":{"self":[{"href":"http:\/\/dsrmedios.com.ar\/diario\/wp-json\/wp\/v2\/posts\/32141"}],"collection":[{"href":"http:\/\/dsrmedios.com.ar\/diario\/wp-json\/wp\/v2\/posts"}],"about":[{"href":"http:\/\/dsrmedios.com.ar\/diario\/wp-json\/wp\/v2\/types\/post"}],"author":[{"embeddable":true,"href":"http:\/\/dsrmedios.com.ar\/diario\/wp-json\/wp\/v2\/users\/6"}],"replies":[{"embeddable":true,"href":"http:\/\/dsrmedios.com.ar\/diario\/wp-json\/wp\/v2\/comments?post=32141"}],"version-history":[{"count":1,"href":"http:\/\/dsrmedios.com.ar\/diario\/wp-json\/wp\/v2\/posts\/32141\/revisions"}],"predecessor-version":[{"id":32143,"href":"http:\/\/dsrmedios.com.ar\/diario\/wp-json\/wp\/v2\/posts\/32141\/revisions\/32143"}],"wp:featuredmedia":[{"embeddable":true,"href":"http:\/\/dsrmedios.com.ar\/diario\/wp-json\/wp\/v2\/media\/32142"}],"wp:attachment":[{"href":"http:\/\/dsrmedios.com.ar\/diario\/wp-json\/wp\/v2\/media?parent=32141"}],"wp:term":[{"taxonomy":"category","embeddable":true,"href":"http:\/\/dsrmedios.com.ar\/diario\/wp-json\/wp\/v2\/categories?post=32141"},{"taxonomy":"post_tag","embeddable":true,"href":"http:\/\/dsrmedios.com.ar\/diario\/wp-json\/wp\/v2\/tags?post=32141"}],"curies":[{"name":"wp","href":"https:\/\/api.w.org\/{rel}","templated":true}]}}