{"id":32132,"date":"2023-04-29T11:15:46","date_gmt":"2023-04-29T14:15:46","guid":{"rendered":"http:\/\/dsrmedios.com.ar\/diario\/?p=32132"},"modified":"2023-04-29T11:15:50","modified_gmt":"2023-04-29T14:15:50","slug":"la-tripledemia-que-preocupa-a-los-expertos-este-invierno-el-coctel-de-gripe-covid-y-virus-sincicial-respiratorio","status":"publish","type":"post","link":"http:\/\/dsrmedios.com.ar\/diario\/archivos\/32132","title":{"rendered":"La \u201ctripledemia\u201d que preocupa a los expertos este invierno: el c\u00f3ctel de gripe, Covid y virus sincicial respiratorio"},"content":{"rendered":"\n<p><strong>Tres enfermedades. Tres virus diferentes,<\/strong>&nbsp;pero en simult\u00e1neo. Eso es la tripledemia que tanto&nbsp;<strong>preocupa a los m\u00e9dicos<\/strong>&nbsp;y cient\u00edficos este a\u00f1o de cara al invierno que se asoma en Argentina.<\/p>\n\n\n\n<figure class=\"wp-block-image\"><img decoding=\"async\" src=\"https:\/\/cloudfront-us-east-1.images.arcpublishing.com\/infobae\/SBNNSKKESVHLHHPTZQ4WL45ANU.jpg\" alt=\"\"\/><\/figure>\n\n\n\n<p>Te puede interesar:<strong>Fern\u00e1n Quir\u00f3s: \u201cHay que terminar con los l\u00edderes mesi\u00e1nicos\u201d<\/strong><\/p>\n\n\n\n<p>El fen\u00f3meno, que ya se registr\u00f3 en los EEUU y Europa hace pocos meses, es la combinaci\u00f3n de casos de tres infecciones virales al mismo tiempo en una regi\u00f3n. Tan preocupante es que las autoridades de la&nbsp;<strong>Organizaci\u00f3n Panamericana de la Salud (OPS) emitieron un alerta<\/strong>&nbsp;en noviembre \u00faltimo cuando el invierno boreal estaba por empezar, a fin de extremar cuidados en la poblaci\u00f3n, especialmente en los reci\u00e9n nacidos y adultos mayores, o personas con alguna condici\u00f3n de riesgo previa.<\/p>\n\n\n\n<p>\u201cEl aumento de solo una infecci\u00f3n respiratoria es motivo de preocupaci\u00f3n.&nbsp;<strong>Cuando dos o tres empiezan a afectar a una poblaci\u00f3n de forma simult\u00e1nea, esto deber\u00eda ponernos a todos en alerta.&nbsp;<\/strong>Y respecto al COVID la situaci\u00f3n puede cambiar r\u00e1pidamente. Siempre corremos el riesgo de un resurgimiento.&nbsp;<strong>No podemos bajar la guardia<\/strong>\u201d, advirti\u00f3 la OPS, que llam\u00f3 a los pa\u00edses a implementar medidas que han probado ser eficaces para mantener la seguridad de las comunidades, como las vacunas, la vigilancia por medio de testeos, el uso de mascarillas o barbijos y el distanciamiento social.<\/p>\n\n\n\n<p><img decoding=\"async\" loading=\"lazy\" alt=\"La pandemia por COVID y la emergencia sanitaria postergaron investigaciones importantes en otras \u00e1reas, como la b\u00fasqueda de una vacuna contra el Virus Sincicial Respiratorio\n\" height=\"1079\" width=\"1920\" class=\"\" src=\"https:\/\/cloudfront-us-east-1.images.arcpublishing.com\/infobae\/BF5Q4HSERND5HBWUU75ZEPCLFI.jpg\" srcset=\"https:\/\/www.infobae.com\/new-resizer\/YPffqi9DYKimDWgL9v-fnExwGmo=\/420x236\/filters:format(webp):quality(85)\/cloudfront-us-east-1.images.arcpublishing.com\/infobae\/BF5Q4HSERND5HBWUU75ZEPCLFI.jpg 420w,https:\/\/www.infobae.com\/new-resizer\/P5Yygfx4fo50Esyy_rf6nyyysZE=\/768x432\/filters:format(webp):quality(85)\/cloudfront-us-east-1.images.arcpublishing.com\/infobae\/BF5Q4HSERND5HBWUU75ZEPCLFI.jpg 768w,https:\/\/www.infobae.com\/new-resizer\/sMW5AfkUXAQKbqFNC1atStJ73ug=\/992x558\/filters:format(webp):quality(85)\/cloudfront-us-east-1.images.arcpublishing.com\/infobae\/BF5Q4HSERND5HBWUU75ZEPCLFI.jpg 992w,https:\/\/www.infobae.com\/new-resizer\/sTSbF6nXfoqzY5Gu2W31qBLphlU=\/1200x675\/filters:format(webp):quality(85)\/cloudfront-us-east-1.images.arcpublishing.com\/infobae\/BF5Q4HSERND5HBWUU75ZEPCLFI.jpg 1200w,https:\/\/www.infobae.com\/new-resizer\/qNK02-I2dwpo3nNoHQDwubG4VyQ=\/1440x810\/filters:format(webp):quality(85)\/cloudfront-us-east-1.images.arcpublishing.com\/infobae\/BF5Q4HSERND5HBWUU75ZEPCLFI.jpg 1440w\">La pandemia por COVID y la emergencia sanitaria postergaron investigaciones importantes en otras \u00e1reas, como la b\u00fasqueda de una vacuna contra el Virus Sincicial Respiratorio<\/p>\n\n\n\n<p>En la zona de Sudam\u00e9rica, las detecciones de gripe han seguido aumentando en Argentina, Chile y Uruguay. Se trata de un fen\u00f3meno inusual para esa zona ya que los casos de gripe tienden a subir entre marzo y agosto cada a\u00f1o, pero en 2022 crecieron en el mes de septiembre. Los virus de la gripe A(H3N2) predominaron en Chile y Uruguay, mientras que la gripe B y la gripe A(H1N1) predominaron entre los casos analizados en Argentina.<\/p>\n\n\n\n<p>Te puede interesar:<strong>Las vacunas y los antivirales, la base para prevenir y enfrentar la meningitis<\/strong><\/p>\n\n\n\n<p><strong>\u00bfPero qu\u00e9 esta tripe amenaza y c\u00f3mo podemos protegernos?<\/strong><\/p>\n\n\n\n<p>\u2018Tripledemia\u2019 es c\u00f3mo se ha bautizado a la posible epidemia que podr\u00eda darse si se dan a la vez&nbsp;<strong>tres enfermedades: COVID-19, influenza y el virus respiratorio sincitial o VRS<\/strong>, que se suele dar en ni\u00f1os y beb\u00e9s y causa bronquiolitis y neumon\u00eda.<\/p>\n\n\n\n<p>Te puede interesar:<strong>Qu\u00e9 es el resveratrol, el compuesto de algunas frutas que puede proteger los ovarios frente a tumores<\/strong><\/p>\n\n\n\n<p>\u201cLa Argentina suele tener un solo pico epid\u00e9mico de gripe, que ocurre en los meses de oto\u00f1o e invierno. Esto es producto de lo que yo llamo<strong>&nbsp;\u2018silencio viral inmunol\u00f3gico\u2019<\/strong>&nbsp;de los \u00faltimos dos a\u00f1os, que est\u00e1 dado por el hecho de que el planeta no estuvo en contacto, durante la pandemia, con otros virus respiratorios ya que prevaleci\u00f3 el coronavirus. Sumado a la baja tasa de cobertura de la vacuna antigripal que hace que se produzcan estas tres epidemias\u201d, explic\u00f3 a&nbsp;<strong>Infobae<\/strong>, el m\u00e9dico infect\u00f3logo<strong>&nbsp;Roberto Debbag&nbsp;<\/strong>(MN 60253).<\/p>\n\n\n\n<p>Para la m\u00e9dica infect\u00f3loga&nbsp;<strong>Mar\u00eda Cecilia Niccodemi<\/strong>&nbsp;(MN 105624), \u201c<strong>la circulaci\u00f3n del virus de la influenza y sincicial es todo el a\u00f1o<\/strong>&nbsp;(por eso se vacuna una vez por a\u00f1o), y habitualmente&nbsp;<strong>el pico de circulaci\u00f3n ocurre en los meses de invierno&nbsp;<\/strong>ya que ambos sonvirus estacionales\u201d.<\/p>\n\n\n\n<p><img decoding=\"async\" loading=\"lazy\" alt=\"Pese a ser virus estacionales propios de los meses de oto\u00f1o e invierno, la influenza y el virus sincicial respiratorio est\u00e1n circulando todo el a\u00f1o\" height=\"890\" width=\"1583\" class=\"\" src=\"https:\/\/arc-anglerfish-arc2-prod-infobae.s3.amazonaws.com\/public\/XSKJTENFPNCMDDDDY4XTV2WNKE\" srcset=\"https:\/\/www.infobae.com\/new-resizer\/Cgj3VzaXFVrBs340N7U7BOc-Eo0=\/420x236\/filters:format(webp):quality(85)\/arc-anglerfish-arc2-prod-infobae.s3.amazonaws.com\/public\/XSKJTENFPNCMDDDDY4XTV2WNKE 420w,https:\/\/www.infobae.com\/new-resizer\/a_k8nkjrgtXfP_Ou9bt5_Gj9njY=\/768x432\/filters:format(webp):quality(85)\/arc-anglerfish-arc2-prod-infobae.s3.amazonaws.com\/public\/XSKJTENFPNCMDDDDY4XTV2WNKE 768w,https:\/\/www.infobae.com\/new-resizer\/BWgdGIHYZ_rrntkebYXg-rRjRME=\/992x558\/filters:format(webp):quality(85)\/arc-anglerfish-arc2-prod-infobae.s3.amazonaws.com\/public\/XSKJTENFPNCMDDDDY4XTV2WNKE 992w,https:\/\/www.infobae.com\/new-resizer\/P1ingvLz753SYTXDbKTaQdizDKM=\/1200x675\/filters:format(webp):quality(85)\/arc-anglerfish-arc2-prod-infobae.s3.amazonaws.com\/public\/XSKJTENFPNCMDDDDY4XTV2WNKE 1200w,https:\/\/www.infobae.com\/new-resizer\/mmFkYlOMUx4aF2h4Il86WI0myn8=\/1440x810\/filters:format(webp):quality(85)\/arc-anglerfish-arc2-prod-infobae.s3.amazonaws.com\/public\/XSKJTENFPNCMDDDDY4XTV2WNKE 1440w\">Pese a ser virus estacionales propios de los meses de oto\u00f1o e invierno, la influenza y el virus sincicial respiratorio est\u00e1n circulando todo el a\u00f1o<\/p>\n\n\n\n<p>\u201cLa l\u00f3gica indica que la baja circulaci\u00f3n de los otros virus respiratorios durante el tiempo que el SARS-CoV-2 fue predominante, sumado a la baja vacunaci\u00f3n antigripal hizo que ahora que el&nbsp;<strong>coronavirus ceda espacio y los otros pat\u00f3genos recuperen su lugar<\/strong>&nbsp;-ampli\u00f3 la especialista del staff del Centro M\u00e9dico Doctor Stamboulian y Sanatorio La Trinidad San Isidro-. Dada la baja circulaci\u00f3n de los otros virus durante los a\u00f1os pand\u00e9micos es l\u00f3gico que haya un repique de circulaci\u00f3n en \u00e9pocas donde normalmente no estar\u00edan en circulaci\u00f3n, como ocurri\u00f3 en 2022\u2033.<\/p>\n\n\n\n<p>Respecto a la influenza o gripe, los expertos esperan una temporada fuerte, siguiendo la tendencia del a\u00f1o pasado. Es que durante 2022,&nbsp;<strong>Argentina present\u00f3 un&nbsp;<\/strong><a href=\"https:\/\/www.infobae.com\/salud\/2023\/04\/17\/el-2022-fue-record-de-casos-de-gripe-en-argentina-la-importancia-de-reforzar-la-vacunacion\/\" target=\"_blank\" rel=\"noreferrer noopener\"><strong>r\u00e9cord&nbsp;<\/strong><\/a><strong>de casos de gripe,&nbsp;<\/strong>con un total de cerca de&nbsp;<strong>1.300.000 de casos<\/strong>. Por eso los m\u00e9dicos insisten en que es clave reforzar la&nbsp;<strong>vacunaci\u00f3n&nbsp;<\/strong>para estar protegidos.<\/p>\n\n\n\n<p>La vacunaci\u00f3n antigripal es especialmente importante para las personas que corren mayor riesgo de presentar complicaciones graves por gripe\/influenza:&nbsp;<strong>personal de salud, mayores de 65 a\u00f1os de edad, beb\u00e9s y ni\u00f1os de entre 6 y 24 meses, embarazadas y pu\u00e9rperas, personas de entre 2 y 64 a\u00f1os con&nbsp;<\/strong><a href=\"https:\/\/www.infobae.com\/salud\/2023\/03\/17\/vacunacion-antigripal-alertan-que-los-grupos-de-riesgo-deben-aplicarse-las-dosis-ante-una-temporada-de-influenza-cada-vez-mas-extensa\/\" target=\"_blank\" rel=\"noreferrer noopener\"><strong>factores de riesgo<\/strong><\/a>tales como obesidad, diabetes, enfermedades respiratorias (con mayor evidencia A para asma y EPOC), enfermedades card\u00edacas, inmunodeficiencias cong\u00e9nitas o adquiridas, pacientes oncohematol\u00f3gicos, trasplantados y\/o personas con insuficiencia renal cr\u00f3nica en di\u00e1lisis, entre otros; y personal estrat\u00e9gico.<\/p>\n\n\n\n<p><img decoding=\"async\" loading=\"lazy\" alt=\"La gripe (influenza) y el VSR registraron una mayor cantidad y son una causa importante de neumon\u00eda en personas mayores de 50 a\u00f1os y en pacientes con alteraciones en sus defensas (Getty)\n\" height=\"1079\" width=\"1920\" class=\"\" src=\"https:\/\/cloudfront-us-east-1.images.arcpublishing.com\/infobae\/7ANTK6XO4ZHTBBE7DZML6GL7WU.jpg\" srcset=\"https:\/\/www.infobae.com\/new-resizer\/vWoS1rtp6Etdfs1QAf_7OG3FJnk=\/420x236\/filters:format(webp):quality(85)\/cloudfront-us-east-1.images.arcpublishing.com\/infobae\/7ANTK6XO4ZHTBBE7DZML6GL7WU.jpg 420w,https:\/\/www.infobae.com\/new-resizer\/xbwtR_MuWATL8iDuGnGLQeXPxeg=\/768x432\/filters:format(webp):quality(85)\/cloudfront-us-east-1.images.arcpublishing.com\/infobae\/7ANTK6XO4ZHTBBE7DZML6GL7WU.jpg 768w,https:\/\/www.infobae.com\/new-resizer\/AMYILmQRSMp3DUlQUb6aTqRB3vQ=\/992x558\/filters:format(webp):quality(85)\/cloudfront-us-east-1.images.arcpublishing.com\/infobae\/7ANTK6XO4ZHTBBE7DZML6GL7WU.jpg 992w,https:\/\/www.infobae.com\/new-resizer\/89Xh5hkvfusG54nTlNeNOdr0z08=\/1200x675\/filters:format(webp):quality(85)\/cloudfront-us-east-1.images.arcpublishing.com\/infobae\/7ANTK6XO4ZHTBBE7DZML6GL7WU.jpg 1200w,https:\/\/www.infobae.com\/new-resizer\/5Hso6WwBOSY18pdoBmEDOhTJ6H8=\/1440x810\/filters:format(webp):quality(85)\/cloudfront-us-east-1.images.arcpublishing.com\/infobae\/7ANTK6XO4ZHTBBE7DZML6GL7WU.jpg 1440w\">La gripe (influenza) y el VSR registraron una mayor cantidad y son una causa importante de neumon\u00eda en personas mayores de 50 a\u00f1os y en pacientes con alteraciones en sus defensas (Getty)<\/p>\n\n\n\n<p>\u201cLa \u00e9poca fr\u00eda del a\u00f1o trae consigo un incremento significativo de las infecciones del tracto respiratorio debido a un aumento de la circulaci\u00f3n viral, ya que en esta \u00e9poca del a\u00f1o se presentan condiciones excepcionales para su&nbsp;<strong>persistencia&nbsp;<\/strong>y&nbsp;<strong>transmisi\u00f3n<\/strong>\u201d, sostuvieron expertos de la Asociaci\u00f3n Argentina de Medicina Respiratoria (AAMR), que recomienda inmunizarse contra esta enfermedad, adem\u00e1s de otros pat\u00f3genos respiratorios, para evitar complicaciones y problemas severos de salud.<\/p>\n\n\n\n<p>Es que la gripe puede incrementar el riesgo de sufrir un&nbsp;<strong>accidente cerebro vascular<\/strong>&nbsp;o neumon\u00eda hasta 8 veces, y un infarto de miocardio hasta 10 veces. Un estudio del 2018 demostr\u00f3 que, entre los adultos hospitalizados por gripe, los pacientes vacunados ten\u00edan 59% menos de probabilidades de ingresar a una unidad de cuidados intensivos en relaci\u00f3n con los no vacunados.<\/p>\n\n\n\n<p>El m\u00e9dico infect\u00f3logo&nbsp;<strong>Pablo Bonveh\u00ed<\/strong>&nbsp;<strong>es miembro de la Comisi\u00f3n de Vacunas de la Sociedad Argentina de Infectolog\u00eda (SADI)&nbsp;<\/strong>y puntualiz\u00f3 a&nbsp;<strong>Infobae<\/strong>: \u201cEl virus de la gripe tiene cambios en su composici\u00f3n a medida que se va multiplicando y esto hace que el mismo mute con el tiempo, por eso en general todos los a\u00f1os no se tienen los mismos tipos de influenza\u201d.<\/p>\n\n\n\n<p><strong>\u201cDel virus A hay dos subtipos: H1N1 que produjo la pandemia en 2009 y H3N2, que es la cepa que est\u00e1 actualmente circulando en el pa\u00eds con m\u00e1s predominancia.&nbsp;<\/strong>Del virus B, no se llaman subtipos, sino que hablamos de linajes y desde el a\u00f1o 1985 sabemos que hay dos circulantes, Yamagata y Victoria, que a su vez sufren algunas mutaciones, aunque menos que los virus A\u201d, agreg\u00f3 el experto a&nbsp;<strong>Infobae<\/strong>.<\/p>\n\n\n\n<p><img decoding=\"async\" loading=\"lazy\" alt=\"La vacuna contra la gripe se encuentra disponible en forma gratuita para los adultos mayores y para quienes padecen comorbilidades (I\u00f1aki Berasaluce - Europa Press)\n\" height=\"3333\" width=\"5000\" class=\"\" src=\"https:\/\/cloudfront-us-east-1.images.arcpublishing.com\/infobae\/2XB5JY7I5BH7ZLAO2JSX2YLFSQ.jpg\" srcset=\"https:\/\/www.infobae.com\/new-resizer\/csah9kP8ougo2x7zwB6-EhVSMTg=\/420x280\/filters:format(webp):quality(85)\/cloudfront-us-east-1.images.arcpublishing.com\/infobae\/2XB5JY7I5BH7ZLAO2JSX2YLFSQ.jpg 420w,https:\/\/www.infobae.com\/new-resizer\/jjlOhE1bAP2gtlEnjE0wf7pRz5M=\/768x512\/filters:format(webp):quality(85)\/cloudfront-us-east-1.images.arcpublishing.com\/infobae\/2XB5JY7I5BH7ZLAO2JSX2YLFSQ.jpg 768w,https:\/\/www.infobae.com\/new-resizer\/nf-mLeGlCIPDtZEyZ_jnLNrdA4U=\/992x661\/filters:format(webp):quality(85)\/cloudfront-us-east-1.images.arcpublishing.com\/infobae\/2XB5JY7I5BH7ZLAO2JSX2YLFSQ.jpg 992w,https:\/\/www.infobae.com\/new-resizer\/iodEvUx52uKQLGK3B3RYklNTcO8=\/1200x800\/filters:format(webp):quality(85)\/cloudfront-us-east-1.images.arcpublishing.com\/infobae\/2XB5JY7I5BH7ZLAO2JSX2YLFSQ.jpg 1200w,https:\/\/www.infobae.com\/new-resizer\/5jL11XdqoRxK-ntIHkPayRPFJ5A=\/1440x960\/filters:format(webp):quality(85)\/cloudfront-us-east-1.images.arcpublishing.com\/infobae\/2XB5JY7I5BH7ZLAO2JSX2YLFSQ.jpg 1440w\">La vacuna contra la gripe se encuentra disponible en forma gratuita para los adultos mayores y para quienes padecen comorbilidades (I\u00f1aki Berasaluce &#8211; Europa Press)<\/p>\n\n\n\n<p><strong>Las vacunas disponibles en Argentina son:<\/strong><\/p>\n\n\n\n<p><strong>&#8211; Vacuna trivalente:&nbsp;<\/strong>son las que protegen contra tres cepas de la gripe: A H1N1, A H3N2 e influenza B linaje Victoria. Y son las que estar\u00e1n disponibles en el sector p\u00fablico de manera gratuita para la poblaci\u00f3n priorizada.<\/p>\n\n\n\n<p><strong>&#8211; Vacuna tetravalente:&nbsp;<\/strong>protegen contra tres cepas de la gripe: A H1N1, A H3N2 e influenza B linajes Victoria y Yamagata. S\u00f3lo se accede a ellas a trav\u00e9s del sector de medicina privada y son pagas.<\/p>\n\n\n\n<p>El<strong>&nbsp;virus sincicial respiratorio<\/strong>, mejor conocido por sus siglas en ingl\u00e9s&nbsp;<strong>VSR<\/strong>, es una enfermedad que&nbsp;<strong>causa infecciones de los pulmones<\/strong>&nbsp;y&nbsp;<strong>en el aparato respiratorio<\/strong>. Es tan frecuente que&nbsp;<strong>la mayor\u00eda de los ni\u00f1os ya se han infectado<\/strong>&nbsp;cuando tienen alrededor de los dos a\u00f1os de edad, aunque&nbsp;<strong>tambi\u00e9n puede infectar a los adultos<\/strong>. El VRS es la causa m\u00e1s com\u00fan de la inflamaci\u00f3n de los pulmones (neumon\u00eda) o de las v\u00edas respiratorias pulmonares (bronquiolitis) en los beb\u00e9s. Estas complicaciones pueden ocurrir cuando el virus se extiende al aparato respiratorio inferior.<\/p>\n\n\n\n<p><img decoding=\"async\" loading=\"lazy\" alt=\"Los tres virus que est\u00e1n circulando en la regi\u00f3n de las Am\u00e9ricas implica que hay que estar en alerta,(OPS\/Archivo)\" height=\"336\" width=\"702\" class=\"\" src=\"https:\/\/cloudfront-us-east-1.images.arcpublishing.com\/infobae\/HEP44FU54BHTVDPBPXKVY6OQ24.jpg\" srcset=\"https:\/\/www.infobae.com\/new-resizer\/NL4Otmxw9Z0tEiNrxzbTgzlLea0=\/420x187\/filters:format(webp):quality(85)\/cloudfront-us-east-1.images.arcpublishing.com\/infobae\/HEP44FU54BHTVDPBPXKVY6OQ24.jpg 420w,https:\/\/www.infobae.com\/new-resizer\/LinfEKOXa_ViSQC9itjeS2NqITA=\/768x341\/filters:format(webp):quality(85)\/cloudfront-us-east-1.images.arcpublishing.com\/infobae\/HEP44FU54BHTVDPBPXKVY6OQ24.jpg 768w,https:\/\/www.infobae.com\/new-resizer\/FQW4VaVvfAjc6Cbzamwe6gFNHoA=\/992x441\/filters:format(webp):quality(85)\/cloudfront-us-east-1.images.arcpublishing.com\/infobae\/HEP44FU54BHTVDPBPXKVY6OQ24.jpg 992w,https:\/\/www.infobae.com\/new-resizer\/aL-3ARBOXwAiSUZaKSToS8l8QEM=\/1200x533\/filters:format(webp):quality(85)\/cloudfront-us-east-1.images.arcpublishing.com\/infobae\/HEP44FU54BHTVDPBPXKVY6OQ24.jpg 1200w\">Los tres virus que est\u00e1n circulando en la regi\u00f3n de las Am\u00e9ricas implica que hay que estar en alerta,(OPS\/Archivo)<\/p>\n\n\n\n<p>La&nbsp;<strong>inflamaci\u00f3n de los pulmones puede ser bastante grave para los lactantes, ni\u00f1os peque\u00f1os, adultos mayores, las personas con el sistema inmunitario debilitado, o las personas con enfermedades card\u00edacas o pulmonares cr\u00f3nicas.<\/strong>&nbsp;Si los microbios entran al espacio detr\u00e1s del t\u00edmpano, pueden causar una infecci\u00f3n del o\u00eddo medio (otitis media). Esto les ocurre con m\u00e1s frecuencia a los beb\u00e9s o ni\u00f1os peque\u00f1os.<\/p>\n\n\n\n<p>A\u00fan no hay aprobada una vacuna, pero se puede prevenir al&nbsp;<strong>ventilar los ambientes cerrados&nbsp;<\/strong>(una medida que tambi\u00e9n sirve para las otras dos infecciones),&nbsp;<strong>mantener la lactancia materna,<\/strong>&nbsp;aplicar las vacunas adecuadas para la edad, no exponer a los ni\u00f1os al humo del cigarrillo ni de estufas a le\u00f1a, practicar el lavado de manos frecuente de los ni\u00f1os y los convivientes, con agua y jab\u00f3n, mantener alejados a los beb\u00e9s de las personas que est\u00e1n resfriadas o tienen tos.<\/p>\n\n\n\n<p>En los adultos y en los ni\u00f1os mayores y sanos,&nbsp;<strong>los s\u00edntomas del VSR son leves&nbsp;<\/strong>y generalmente se parecen al&nbsp;<strong>resfriado com\u00fan,<\/strong>&nbsp;adem\u00e1s, solo se necesitan&nbsp;<strong>medidas de cuidado personal&nbsp;<\/strong>para aliviar las molestias.<\/p>\n\n\n\n<p><img decoding=\"async\" loading=\"lazy\" alt=\"El VSR puede causar una infecci\u00f3n grave en beb\u00e9s de 12 meses y m\u00e1s j\u00f3venes (ANDINA\/Renato Pajuelo)\n\" height=\"1080\" width=\"1920\" class=\"\" src=\"https:\/\/cloudfront-us-east-1.images.arcpublishing.com\/infobae\/INMQX3BTBBH6PJF7BOCHWXWUWI.jpg\" srcset=\"https:\/\/www.infobae.com\/new-resizer\/3cLgBA0N1sFni8WYOehatvTTZyU=\/420x236\/filters:format(webp):quality(85)\/cloudfront-us-east-1.images.arcpublishing.com\/infobae\/INMQX3BTBBH6PJF7BOCHWXWUWI.jpg 420w,https:\/\/www.infobae.com\/new-resizer\/CosCyk66QhNf4PvgxCHW5qc9aaQ=\/768x432\/filters:format(webp):quality(85)\/cloudfront-us-east-1.images.arcpublishing.com\/infobae\/INMQX3BTBBH6PJF7BOCHWXWUWI.jpg 768w,https:\/\/www.infobae.com\/new-resizer\/AH6PZMrbmG5dfo5W7hb7-KGij-A=\/992x558\/filters:format(webp):quality(85)\/cloudfront-us-east-1.images.arcpublishing.com\/infobae\/INMQX3BTBBH6PJF7BOCHWXWUWI.jpg 992w,https:\/\/www.infobae.com\/new-resizer\/LLF98Yq_982cBGk5S5SnzEj66e8=\/1200x675\/filters:format(webp):quality(85)\/cloudfront-us-east-1.images.arcpublishing.com\/infobae\/INMQX3BTBBH6PJF7BOCHWXWUWI.jpg 1200w,https:\/\/www.infobae.com\/new-resizer\/f9XB72UZr23mZuuFac0Y8wSl2-g=\/1440x810\/filters:format(webp):quality(85)\/cloudfront-us-east-1.images.arcpublishing.com\/infobae\/INMQX3BTBBH6PJF7BOCHWXWUWI.jpg 1440w\">El VSR puede causar una infecci\u00f3n grave en beb\u00e9s de 12 meses y m\u00e1s j\u00f3venes (ANDINA\/Renato Pajuelo)<\/p>\n\n\n\n<p>El VSR&nbsp;<strong>puede causar una infecci\u00f3n grave<\/strong>&nbsp;en algunas personas, incluyendo a&nbsp;<strong>los beb\u00e9s de 12 meses y m\u00e1s j\u00f3venes<\/strong>, especialmente los&nbsp;<strong>prematuros<\/strong>, y en los&nbsp;<strong>adultos mayores<\/strong>, en la gente con&nbsp;<strong>enfermedades card\u00edacas<\/strong>&nbsp;y&nbsp;<strong>pulmonares<\/strong>, o cualquiera con&nbsp;<strong>un sistema inmunitario d\u00e9bil<\/strong>.<\/p>\n\n\n\n<p>Tanto el&nbsp;<strong>VRS&nbsp;<\/strong>como la enfermedad por&nbsp;<strong>COVID-19<\/strong>&nbsp;son tipos de virus respiratorios, por lo que&nbsp;<strong>algunos s\u00edntomas de ambas enfermedades suelen ser similares<\/strong>. En los ni\u00f1os, la COVID-19 con frecuencia resulta en s\u00edntomas leves, como<strong>&nbsp;fiebre, nariz que gotea y tos<\/strong>. En los adultos con la COVID-19, los s\u00edntomas pueden ser&nbsp;<strong>m\u00e1s graves e incluir problemas para respirar<\/strong>.<\/p>\n\n\n\n<p>Tener el VRS puede reducir la inmunidad y<strong>&nbsp;aumentar el riesgo de contagio de coronavirus<\/strong>. Estas infecciones pueden presentarse juntas, lo que puede hacer que&nbsp;<strong>empeore el COVID.<\/strong><\/p>\n\n\n\n<p><img decoding=\"async\" loading=\"lazy\" alt=\"Desde Moderna aseguraron que esta vacuna contra el VSR se realiza sobre la misma plataforma de la inmunizaci\u00f3n contra el COVID  (REUTERS\/Ramzi Boudina)\" height=\"3456\" width=\"5184\" class=\"\" src=\"https:\/\/cloudfront-us-east-1.images.arcpublishing.com\/infobae\/UHIET2BU3HX5Y6PRKZUBZFLFIE.jpg\" srcset=\"https:\/\/www.infobae.com\/new-resizer\/8twoZ9dAroQM7qbfOl5iHnOzzZs=\/420x280\/filters:format(webp):quality(85)\/cloudfront-us-east-1.images.arcpublishing.com\/infobae\/UHIET2BU3HX5Y6PRKZUBZFLFIE.jpg 420w,https:\/\/www.infobae.com\/new-resizer\/xw8-tUh-83fOfgs-rmw_rgJsE5g=\/768x512\/filters:format(webp):quality(85)\/cloudfront-us-east-1.images.arcpublishing.com\/infobae\/UHIET2BU3HX5Y6PRKZUBZFLFIE.jpg 768w,https:\/\/www.infobae.com\/new-resizer\/IaDGW3qLvhTxwkPQmHxQTKTiX0c=\/992x661\/filters:format(webp):quality(85)\/cloudfront-us-east-1.images.arcpublishing.com\/infobae\/UHIET2BU3HX5Y6PRKZUBZFLFIE.jpg 992w,https:\/\/www.infobae.com\/new-resizer\/ifwkVJegSO7Uk2t_nZt6JVj_4ns=\/1200x800\/filters:format(webp):quality(85)\/cloudfront-us-east-1.images.arcpublishing.com\/infobae\/UHIET2BU3HX5Y6PRKZUBZFLFIE.jpg 1200w,https:\/\/www.infobae.com\/new-resizer\/Y2DG07exGKgCYjbDg63E1reBkdo=\/1440x960\/filters:format(webp):quality(85)\/cloudfront-us-east-1.images.arcpublishing.com\/infobae\/UHIET2BU3HX5Y6PRKZUBZFLFIE.jpg 1440w\">Desde Moderna aseguraron que esta vacuna contra el VSR se realiza sobre la misma plataforma de la inmunizaci\u00f3n contra el COVID (REUTERS\/Ramzi Boudina)<\/p>\n\n\n\n<p><strong>Tres vacunas en desarrollo<\/strong><\/p>\n\n\n\n<p>Contar con una&nbsp;<strong>vacuna&nbsp;<\/strong>contra el&nbsp;<strong>virus sincicial respiratorio&nbsp;<\/strong>(<strong>VSR<\/strong>) es un objetivo que el sistema cient\u00edfico persigue desde hace a\u00f1os. La enfermedad respiratoria es la que m\u00e1s&nbsp;<strong>reci\u00e9n nacidos&nbsp;<\/strong>hospitaliza en el mundo, y la que m\u00e1s neumon\u00edas de origen viral caus\u00f3 a lo largo de la historia, con altas tasas de mortalidad en adultos mayores.<\/p>\n\n\n\n<p>Actualmente hay tres laboratorios que est\u00e1n desarrollando vacunas contra el VSR. Un panel de asesores externos de la Administraci\u00f3n de Alimentos y Medicamentos (<strong>FDA<\/strong>, por sus siglas en ingl\u00e9s) de los EEUU recomend\u00f3 en marzo la aprobaci\u00f3n de la vacuna de GSK (GlaxoSmithKline) para su uso en adultos mayores de 60 a\u00f1os. Y lo propio hizo con la otra formulaci\u00f3n en carrera por convertirse en la primera vacuna contra el VSR perteneciente al laboratorio Pfizer.<\/p>\n\n\n\n<p>La vacuna&nbsp;<strong>GSK<\/strong>, por su parte, tuvo una<strong>&nbsp;efectividad de casi el 83%&nbsp;<\/strong>en la enfermedad de las v\u00edas respiratorias inferiores en un estudio de aproximadamente 25.000 pacientes -la mitad vacunado con la vacuna y la mitad con un placebo-, seg\u00fan los datos que la compa\u00f1\u00eda proporcion\u00f3 a la FDA. No se informaron muertes por RSV entre los pacientes en ninguno de los dos estudios.<\/p>\n\n\n\n<p><img decoding=\"async\" loading=\"lazy\" alt=\"Los grupos de riesgo deben vacunarse con el fin de evitar complicaciones\" height=\"433\" width=\"770\" class=\"\" src=\"https:\/\/cloudfront-us-east-1.images.arcpublishing.com\/infobae\/6EOEY2UV3JAXZIP4EPLEEZYSCQ.jpg\" srcset=\"https:\/\/www.infobae.com\/new-resizer\/90FBSBlpKYPNhCQqk37CEM-3YVs=\/420x236\/filters:format(webp):quality(85)\/cloudfront-us-east-1.images.arcpublishing.com\/infobae\/6EOEY2UV3JAXZIP4EPLEEZYSCQ.jpg 420w,https:\/\/www.infobae.com\/new-resizer\/UU-3XmlDeyqYZFBtv9xcsXgZhBo=\/768x432\/filters:format(webp):quality(85)\/cloudfront-us-east-1.images.arcpublishing.com\/infobae\/6EOEY2UV3JAXZIP4EPLEEZYSCQ.jpg 768w,https:\/\/www.infobae.com\/new-resizer\/cUrWNsxK85M1bg77GSmsA2wKuFc=\/992x558\/filters:format(webp):quality(85)\/cloudfront-us-east-1.images.arcpublishing.com\/infobae\/6EOEY2UV3JAXZIP4EPLEEZYSCQ.jpg 992w,https:\/\/www.infobae.com\/new-resizer\/nwIbguIKqiDP2jEgpU4Z2pzpqL8=\/1200x675\/filters:format(webp):quality(85)\/cloudfront-us-east-1.images.arcpublishing.com\/infobae\/6EOEY2UV3JAXZIP4EPLEEZYSCQ.jpg 1200w,https:\/\/www.infobae.com\/new-resizer\/QraCMK4dM3_QWOjb7yQ83K2NECA=\/1440x810\/filters:format(webp):quality(85)\/cloudfront-us-east-1.images.arcpublishing.com\/infobae\/6EOEY2UV3JAXZIP4EPLEEZYSCQ.jpg 1440w\">Los grupos de riesgo deben vacunarse con el fin de evitar complicaciones<\/p>\n\n\n\n<p>En tanto, del ensayo de&nbsp;<strong>Pfizer&nbsp;<\/strong>participaron unos 34.000 pacientes, la mitad de los cuales recibi\u00f3 un placebo. Se concluy\u00f3 que la vacuna tiene una<strong>&nbsp;eficacia de casi el 67%&nbsp;<\/strong>en la prevenci\u00f3n de enfermedades del tracto respiratorio inferior relacionadas con el RSV, que pueden provocar neumon\u00eda. Esa vacuna fue casi un 86% efectiva en el tratamiento de la enfermedad con tres o m\u00e1s s\u00edntomas, seg\u00fan los mismos datos.<\/p>\n\n\n\n<p>En enero \u00faltimo, la empresa biotecnol\u00f3gica&nbsp;<strong>Moderna&nbsp;<\/strong>anunci\u00f3 que su&nbsp;<strong>vacuna ARNm-1345&nbsp;<\/strong>contra el&nbsp;<strong>virus respiratorio sincicial (VRS)<\/strong>, responsable de provocar la&nbsp;<strong>bronquiolitis<\/strong>, cumpli\u00f3 \u201ccon los criterios primarios de eficacia en un ensayo de fase 3 en adultos mayores\u201d, parte del cual se desarrolla en la Argentina.<\/p>\n\n\n\n<p>El director m\u00e9dico de Moderna,<a href=\"https:\/\/www.infobae.com\/america\/ciencia-america\/2023\/04\/17\/paul-burton-director-de-moderna-la-vacuna-arn-mensajero-va-a-dar-respuesta-efectiva-a-varias-enfermedades-que-hoy-no-tienen-tratamiento\/\" target=\"_blank\" rel=\"noreferrer noopener\"><strong>&nbsp;Paul Burton&nbsp;<\/strong><\/a>adelant\u00f3 a&nbsp;<strong>Infobae&nbsp;<\/strong>este mes los avances del laboratorio frente a esta enfermedad y tambi\u00e9n otras de car\u00e1cter respiratorio y no respiratorio. Sobre el VSR, Burton precis\u00f3 que el estudio cl\u00ednico realizado en aproximadamente 37.000 adultos de 60 a\u00f1os o m\u00e1s en&nbsp;<strong>22 pa\u00edses<\/strong>,<strong>&nbsp;incluidos los EE.UU y Argentina<\/strong>, demostr\u00f3 una<strong>&nbsp;eficacia del 83,7%<\/strong>&nbsp;en la enfermedad del tracto respiratorio inferior por VRS, definida por 2 o m\u00e1s s\u00edntomas en adultos mayores. El siguiente paso es que la FDA apruebe cada una de las vacunas, lo que podr\u00eda llevar algunos meses, aunque&nbsp;<strong>la agencia suele seguir las recomendaciones del comit\u00e9 asesor<\/strong>.<\/p>\n\n\n\n<p>Las enfermedades respiratorias son una importante prioridad de salud p\u00fablica, dado que tienen un impacto sanitario significativo y son una de las principales causas de hospitalizaci\u00f3n grave.<\/p>\n\n\n\n<p>Fuente: Infocielo<\/p>\n","protected":false},"excerpt":{"rendered":"<div class=\"mh-excerpt\"><p>Tres enfermedades. Tres virus diferentes,&nbsp;pero en simult\u00e1neo. Eso es la tripledemia que tanto&nbsp;preocupa a los m\u00e9dicos&nbsp;y cient\u00edficos este a\u00f1o de cara al invierno que se asoma en Argentina. Te puede interesar:Fern\u00e1n Quir\u00f3s: \u201cHay que terminar con los l\u00edderes mesi\u00e1nicos\u201d El fen\u00f3meno, que ya se registr\u00f3 en los EEUU y Europa hace pocos meses, es la combinaci\u00f3n de casos de tres infecciones virales al mismo tiempo en una regi\u00f3n. Tan preocupante es que las autoridades de la&nbsp;Organizaci\u00f3n Panamericana de la Salud (OPS) emitieron un alerta&nbsp;en noviembre \u00faltimo cuando el invierno boreal estaba por empezar, a fin de extremar cuidados en la <a class=\"mh-excerpt-more\" href=\"http:\/\/dsrmedios.com.ar\/diario\/archivos\/32132\" title=\"La \u201ctripledemia\u201d que preocupa a los expertos este invierno: el c\u00f3ctel de gripe, Covid y virus sincicial respiratorio\">[Leer m\u00e1s]<\/a><\/p>\n<\/div>","protected":false},"author":6,"featured_media":32133,"comment_status":"open","ping_status":"closed","sticky":false,"template":"","format":"standard","meta":{"_jetpack_newsletter_access":""},"categories":[43],"tags":[],"jetpack_featured_media_url":"http:\/\/dsrmedios.com.ar\/diario\/wp-content\/uploads\/2023\/04\/6P3N6BQHDZDBXL4CQWG7OL65RU.jpg","jetpack_sharing_enabled":true,"jetpack_shortlink":"https:\/\/wp.me\/p9fihK-8mg","_links":{"self":[{"href":"http:\/\/dsrmedios.com.ar\/diario\/wp-json\/wp\/v2\/posts\/32132"}],"collection":[{"href":"http:\/\/dsrmedios.com.ar\/diario\/wp-json\/wp\/v2\/posts"}],"about":[{"href":"http:\/\/dsrmedios.com.ar\/diario\/wp-json\/wp\/v2\/types\/post"}],"author":[{"embeddable":true,"href":"http:\/\/dsrmedios.com.ar\/diario\/wp-json\/wp\/v2\/users\/6"}],"replies":[{"embeddable":true,"href":"http:\/\/dsrmedios.com.ar\/diario\/wp-json\/wp\/v2\/comments?post=32132"}],"version-history":[{"count":1,"href":"http:\/\/dsrmedios.com.ar\/diario\/wp-json\/wp\/v2\/posts\/32132\/revisions"}],"predecessor-version":[{"id":32134,"href":"http:\/\/dsrmedios.com.ar\/diario\/wp-json\/wp\/v2\/posts\/32132\/revisions\/32134"}],"wp:featuredmedia":[{"embeddable":true,"href":"http:\/\/dsrmedios.com.ar\/diario\/wp-json\/wp\/v2\/media\/32133"}],"wp:attachment":[{"href":"http:\/\/dsrmedios.com.ar\/diario\/wp-json\/wp\/v2\/media?parent=32132"}],"wp:term":[{"taxonomy":"category","embeddable":true,"href":"http:\/\/dsrmedios.com.ar\/diario\/wp-json\/wp\/v2\/categories?post=32132"},{"taxonomy":"post_tag","embeddable":true,"href":"http:\/\/dsrmedios.com.ar\/diario\/wp-json\/wp\/v2\/tags?post=32132"}],"curies":[{"name":"wp","href":"https:\/\/api.w.org\/{rel}","templated":true}]}}