{"id":32129,"date":"2023-04-29T08:55:01","date_gmt":"2023-04-29T11:55:01","guid":{"rendered":"http:\/\/dsrmedios.com.ar\/diario\/?p=32129"},"modified":"2023-04-29T08:55:03","modified_gmt":"2023-04-29T11:55:03","slug":"sin-una-estrategia-unificada-el-pro-debate-como-enfrentar-al-kirchnerismo-en-la-provincia-de-buenos-aires","status":"publish","type":"post","link":"http:\/\/dsrmedios.com.ar\/diario\/archivos\/32129","title":{"rendered":"Sin una estrategia unificada, el PRO debate c\u00f3mo enfrentar al kirchnerismo en la provincia de Buenos Aires"},"content":{"rendered":"\n<p>M\u00e1s all\u00e1 de la se\u00f1al de&nbsp;<strong>tregua<\/strong>&nbsp;que buscaron dar los principales l\u00edderes del PRO con la foto conjunta luego de la reuni\u00f3n presencial que mantuvieron ayer, a\u00fan no logran unificar una estrategia para enfrentar al kirchnerismo en la provincia de Buenos Aires, el principal distrito electoral del pa\u00eds que concentra casi el 40% del electorado.<\/p>\n\n\n\n<p>Reflejo de las tensiones en la disputa por la presidencia entre&nbsp;<strong>Horacio Rodr\u00edguez Larreta&nbsp;<\/strong>y&nbsp;<strong>Patricia Bullrich<\/strong>, a menos de dos meses del cierre de candidaturas, el partido tiene cinco precandidatos en carrera. Y esta semana se abri\u00f3 la posibilidad, incluso, de llegar a contar a&nbsp;<strong>Jos\u00e9 Luis Espert<\/strong>&nbsp;entre los aspirantes a enfrentar a&nbsp;<strong>Axel Kicillof<\/strong>&nbsp;bajo el paraguas de Juntos. A la amplitud de la oferta electoral, se suman las diferentes posiciones de hasta d\u00f3nde deber\u00eda llegar la competencia interna por los cargos.<\/p>\n\n\n\n<p>Larreta lanz\u00f3 a&nbsp;<strong>Diego Santilli<\/strong>&nbsp;-muchos dentro de su propio partido dicen \u201cprematuramente\u201d- en febrero pasado como su \u00fanico candidato. Hay consenso en que hoy es el que m\u00e1s mide en las encuestas, en forma individual, dentro de la oferta de Juntos.<\/p>\n\n\n\n<p>A sabiendas de que arranc\u00f3 corriendo desde atr\u00e1s en el estrat\u00e9gico distrito bonaerense, y dispuesta a reforzar su despliegue territorial especialmente en el Conurbano, Bullrich viene sosteniendo a sus tres precandidatos a gobernador, con los que se muestra en distintas recorridas. Ellos son el intendente de Lan\u00fas,&nbsp;<strong>N\u00e9stor Grindetti<\/strong>, ahora de licencia por un mes al asumir la conducci\u00f3n del Club Independiente, el ex jefe comunal de San Miguel y actual senador provincial&nbsp;<strong>Joaqu\u00edn De la Torre<\/strong>; y el intendente de Capit\u00e1n Sarmiento,&nbsp;<strong>Javier Iguacel<\/strong>.<\/p>\n\n\n\n<p><img decoding=\"async\" loading=\"lazy\" alt=\"Bullrich durante una recorrida en la provincia de Buenos Aires \" height=\"854\" width=\"1280\" class=\"\" src=\"https:\/\/cloudfront-us-east-1.images.arcpublishing.com\/infobae\/AZOYGPIBMZH7BFTILIMSYVSBKI.jpeg\" srcset=\"https:\/\/www.infobae.com\/new-resizer\/sf_MWFD0zCOXGV2w_3K_fppz8a8=\/420x280\/filters:format(webp):quality(85)\/cloudfront-us-east-1.images.arcpublishing.com\/infobae\/AZOYGPIBMZH7BFTILIMSYVSBKI.jpeg 420w,https:\/\/www.infobae.com\/new-resizer\/-rvBhiDOyAX3b2ZxuWZ-JogED4Q=\/768x512\/filters:format(webp):quality(85)\/cloudfront-us-east-1.images.arcpublishing.com\/infobae\/AZOYGPIBMZH7BFTILIMSYVSBKI.jpeg 768w,https:\/\/www.infobae.com\/new-resizer\/PgQnUV_hQGpN9HM0xEgMZ0eh1dQ=\/992x661\/filters:format(webp):quality(85)\/cloudfront-us-east-1.images.arcpublishing.com\/infobae\/AZOYGPIBMZH7BFTILIMSYVSBKI.jpeg 992w,https:\/\/www.infobae.com\/new-resizer\/ZhwJdOHb-IM_uEizahxeeWb-QXs=\/1200x800\/filters:format(webp):quality(85)\/cloudfront-us-east-1.images.arcpublishing.com\/infobae\/AZOYGPIBMZH7BFTILIMSYVSBKI.jpeg 1200w,https:\/\/www.infobae.com\/new-resizer\/mUE5YUcAFUJ-66s23x8owq2jObM=\/1440x960\/filters:format(webp):quality(85)\/cloudfront-us-east-1.images.arcpublishing.com\/infobae\/AZOYGPIBMZH7BFTILIMSYVSBKI.jpeg 1440w\">Bullrich durante una recorrida en la provincia de Buenos Aires<\/p>\n\n\n\n<p>En las huestes de De la Torre se muestran confiados y aseguran que \u201cla diferencia (en intenci\u00f3n de voto) de \u00e9l con el Colorado no es la que dicen\u201d, y que el nombre del postulante a gobernador \u201cno es lo que importa\u201d. Explican que en un escenario de elecciones simult\u00e1neas, los que traccionan la boleta son los extremos: los candidatos a presidente y a intendente. Entonces, ser\u00eda Bullrich y el candidato a jefe comunal los que generen el efecto \u201carrastre\u201d del resto de los cargos.<\/p>\n\n\n\n<p>De la Torre maneja encuestas que la muestran a la ex ministra arriba de Larreta en distritos del Gran Buenos Aires como&nbsp;<strong>San Isidro, San Miguel, Quilmes, Berazategui&nbsp;<\/strong>o<strong>&nbsp;Merlo<\/strong>, por una diferencia que va de los cinco a los doce puntos. Sus n\u00fameros fueron muy precisos en pasadas elecciones, y se ufana de ser uno de los que mejor ausculta el territorio. No es el \u00fanico que ve a Bullrich arriba. Desde los distintos aliados de la ex ministra aseguran que ella viene creciendo en el Conurbano, que Larreta se estanc\u00f3 y empez\u00f3 a bajar, y que&nbsp;<strong>Javier Milei&nbsp;<\/strong>viene en alza. Todos coinciden en que el libertario hoy le saca m\u00e1s votos al Frente de Todos &#8211; especialmente, en el sector de hombres j\u00f3venes, de menos recursos &#8211; que a Juntos.<\/p>\n\n\n\n<p>Otras mediciones del sector de Larreta, le dan a Bullrich una situaci\u00f3n de paridad en la Primera Secci\u00f3n electoral y en la Octava (La Plata); abajo en la Tercera Secci\u00f3n (incluye La Matanza), y arriba en el interior de la Provincia.<\/p>\n\n\n\n<p>M\u00e1s all\u00e1 de que \u201c<strong>los tres mosqueteros<\/strong>\u201d &#8211; como se los conoce a Grindetti, De la Torre e Iguacel &#8211; son los candidatos oficializados por Bullrich, hay una mayor\u00eda en el PRO que admite que no mueven el amper\u00edmetro en las encuestas.&nbsp;<strong>La fecha que se fij\u00f3 Bullrich para decidir ser\u00eda mediados de mayo<\/strong>.<\/p>\n\n\n\n<p><img decoding=\"async\" loading=\"lazy\" alt=\"La foto que publicaron al mismo tiempo esta semana Ritondo y Jorge Macri, alineado con Bullrich en la interna presidencial del PRO\" height=\"1080\" width=\"2124\" class=\"\" src=\"https:\/\/cloudfront-us-east-1.images.arcpublishing.com\/infobae\/6ANWVC3ALBFT5ATULIMCHHKO5E.jpg\" srcset=\"https:\/\/www.infobae.com\/new-resizer\/CoG0tWQuhO-URWYs4YJVg1VIdU0=\/420x236\/filters:format(webp):quality(85)\/cloudfront-us-east-1.images.arcpublishing.com\/infobae\/6ANWVC3ALBFT5ATULIMCHHKO5E.jpg 420w,https:\/\/www.infobae.com\/new-resizer\/YmNzXJ0sL6gT55kXLggCMdM01VE=\/768x432\/filters:format(webp):quality(85)\/cloudfront-us-east-1.images.arcpublishing.com\/infobae\/6ANWVC3ALBFT5ATULIMCHHKO5E.jpg 768w,https:\/\/www.infobae.com\/new-resizer\/5Vqujw39syJuOvHQyg0a1ccCPac=\/992x558\/filters:format(webp):quality(85)\/cloudfront-us-east-1.images.arcpublishing.com\/infobae\/6ANWVC3ALBFT5ATULIMCHHKO5E.jpg 992w,https:\/\/www.infobae.com\/new-resizer\/AZuwONHQumizXNmFoTHIK7-dF3A=\/1200x675\/filters:format(webp):quality(85)\/cloudfront-us-east-1.images.arcpublishing.com\/infobae\/6ANWVC3ALBFT5ATULIMCHHKO5E.jpg 1200w,https:\/\/www.infobae.com\/new-resizer\/CHelbM6ccobMSb6exabSTTdS3j8=\/1440x810\/filters:format(webp):quality(85)\/cloudfront-us-east-1.images.arcpublishing.com\/infobae\/6ANWVC3ALBFT5ATULIMCHHKO5E.jpg 1440w\">La foto que publicaron al mismo tiempo esta semana Ritondo y Jorge Macri, alineado con Bullrich en la interna presidencial del PRO<\/p>\n\n\n\n<p>Frente a este panorama, en el equipo de campa\u00f1a de la ex ministra no descartan la posibilidad de que termine siendo&nbsp;<strong>Cristian Ritondo&nbsp;<\/strong>el candidato, por su mayor intenci\u00f3n de voto y nivel de conocimiento en la Provincia que \u201clos tres mosqueteros\u201d, aunque detr\u00e1s de Santilli. Esa variante se concretar\u00eda cuando&nbsp;<strong>Mar\u00eda Eugenia Vida<\/strong>l anuncie, finalmente, que se baja de su precandidatura presidencial, algo que todos dan casi ya por descontado. Es una cuesti\u00f3n de tiempo, aseguran, y suceder\u00eda en el mes que comienza.<\/p>\n\n\n\n<p>La estructura de Ritondo en la Provincia, con un centenar de dirigentes territoriales que le responden, una decena de legisladores provinciales y media docena de diputados nacionales podr\u00edan inclinar la balanza a su favor. El actual jefe de bloque del PRO en la C\u00e1mara baja y ex ministro de Seguridad de Vidal viene trabajando en la Provincia desde hace tiempo, ya que nunca ocult\u00f3 su aspiraci\u00f3n a competir por la sucesi\u00f3n de Axel Kicillof. En sus oficinas frente al Congreso, el recibidor tiene impreso en letras gigantes \u201cCR 2023\u2033 sobre el espejo.<\/p>\n\n\n\n<p><strong>La f\u00f3rmula de la \u201cY\u201d, la \u201cV\u201d o la \u201cI\u201d<\/strong><\/p>\n\n\n\n<p>En este contexto, como viene contando&nbsp;<strong>Infobae,<\/strong>&nbsp;los intendentes bonaerenses del PRO &#8211; que&nbsp;<strong>hoy suman 22<\/strong>&#8211; y los dirigentes \u201csin tierra\u201d (que no gobiernan pero aspiran a competir por el municipio, con chances de ganar), presionan para encontrar la mejor estrategia que les garantice un triunfo en sus distritos. Para eso apelan a que se unifique la estrategia electoral en la Provincia y&nbsp;<strong>se defina si habr\u00e1 un candidato a gobernador del PRO o, a lo sumo dos<\/strong>, algo sobre lo que a\u00fan no hay acuerdo en el partido, ni entre los aspirantes a la Casa Rosada.<\/p>\n\n\n\n<p><img decoding=\"async\" loading=\"lazy\" alt=\"Rodr\u00edguez Larreta y Bullrich al llegar a la reuni\u00f3n del PRO ayer en San Isidro\" height=\"1080\" width=\"1920\" class=\"\" src=\"https:\/\/cloudfront-us-east-1.images.arcpublishing.com\/infobae\/BLBECBH37FDBXLSQG5EAGAWZRQ.png\" srcset=\"https:\/\/www.infobae.com\/new-resizer\/JWtDvOFpK5sE0A_IG5uBt4SSLhc=\/420x236\/filters:format(webp):quality(85)\/cloudfront-us-east-1.images.arcpublishing.com\/infobae\/BLBECBH37FDBXLSQG5EAGAWZRQ.png 420w,https:\/\/www.infobae.com\/new-resizer\/ayfCWYFF_WrJlWwQugpGEUDS6Cs=\/768x432\/filters:format(webp):quality(85)\/cloudfront-us-east-1.images.arcpublishing.com\/infobae\/BLBECBH37FDBXLSQG5EAGAWZRQ.png 768w,https:\/\/www.infobae.com\/new-resizer\/-EXmcU5muTfWKrOivj44z-WcUzA=\/992x558\/filters:format(webp):quality(85)\/cloudfront-us-east-1.images.arcpublishing.com\/infobae\/BLBECBH37FDBXLSQG5EAGAWZRQ.png 992w,https:\/\/www.infobae.com\/new-resizer\/X5xEYFcMugBcJRb78tRxmkKhn5Y=\/1200x675\/filters:format(webp):quality(85)\/cloudfront-us-east-1.images.arcpublishing.com\/infobae\/BLBECBH37FDBXLSQG5EAGAWZRQ.png 1200w,https:\/\/www.infobae.com\/new-resizer\/3iZ0Ruq2RwpRHeEQCn-m9wpT_Hw=\/1440x810\/filters:format(webp):quality(85)\/cloudfront-us-east-1.images.arcpublishing.com\/infobae\/BLBECBH37FDBXLSQG5EAGAWZRQ.png 1440w\">Rodr\u00edguez Larreta y Bullrich al llegar a la reuni\u00f3n del PRO ayer en San Isidro<\/p>\n\n\n\n<p>Una f\u00f3rmula posible es&nbsp;<strong>el formato de la \u201cV\u201d corta<\/strong>, en el que un candidato a intendente \u00fanico va en las dos boletas que llevan precandidato a gobernador y a presidente (la de Larreta con Santilli, y la de Bullrich con quien finalmente elija). As\u00ed, los jefes comunales se aseguran&nbsp;<strong>no tener interna en sus municipios<\/strong>, aunque deben maniobrar en un escenario donde se medir\u00e1n las&nbsp;<strong>lealtades<\/strong>. Por este motivo, muchos intendentes est\u00e1n haciendo un fino equilibrio, mirando encuestas, sin hacer expl\u00edcito su apoyo en uno u otro sentido.<\/p>\n\n\n\n<p>Rodr\u00edguez Larreta habilit\u00f3 este esquema a los intendentes hace dos semanas, en una recorrida por el interior bonaerense, para que \u201c<strong>se cuelguen de quien quieran<\/strong>\u201d. Es la opci\u00f3n que hoy prefiere. Sus colaboradores explican que se cambi\u00f3 la estrategia para \u201ccontener\u201d a los intendentes, pero en el entorno de Bullrich interpretaron que el alcalde porte\u00f1o est\u00e1 tratando de evitar \u201cuna fuga de adhesiones\u201d hacia su adversaria interna.&nbsp;<strong>En el PRO temen que las peleas internas erosionen su performance electoral<\/strong>. Las encuestas siguen registrando&nbsp;<strong>un estancamiento o baja de la imagen de sus l\u00edderes y de Juntos por el Cambio cuando trascienden las disputas<\/strong>. En contraposici\u00f3n, el que registra una suba es Milei.<\/p>\n\n\n\n<p>El otro formato es la&nbsp;<strong>\u201cY\u201d griega<\/strong>, en la cual se comparte el candidato a intendente y a gobernador en las dos boletas, y la disputa solo se da a nivel presidencial. Es el esquema que prefiere&nbsp;<strong>la mayor\u00eda de los intendentes del PRO<\/strong>, para&nbsp;<strong>preservar sus territorios y evitar fracturas<\/strong>, tanto los alineados con Santilli, como los que responden al ala bullrichista y a Ritondo.<\/p>\n\n\n\n<p>Tal como cont\u00f3<strong>&nbsp;Infobae<\/strong>, en un encuentro de Bullrich con intendentes del partido que tuvo lugar el jueves, la ex ministra de Seguridad les exigi\u00f3 \u201c<strong>neutralidad<\/strong>\u201d en la disputa presidencial para \u201cbajarles su boleta presidencial\u201d,&nbsp;<strong>una manifestaci\u00f3n expl\u00edcita de apoyo<\/strong>, y que no usen su aparato municipal en favor de Larreta.<\/p>\n\n\n\n<p><\/p>\n\n\n\n<p>Mientras Larreta cree que la candidatura de Santilli podr\u00eda sumarle entre 3 y 4 puntos m\u00e1s en su carrera a la presidencia &#8211; por los n\u00fameros que recoge el \u201cColorado\u201d en sus encuestas, por ejemplo, en la Tercera Secci\u00f3n electoral-, Bullrich le advirti\u00f3 a su equipo que, si no tiene candidato a gobernador propio,&nbsp;<strong>teme que los fiscales de Santilli y\/o los intendentes pro-Larreta no le \u201ccuiden\u201d sus boletas<\/strong>. Este argumento es rechazado enf\u00e1ticamente por intendentes del PRO y el entorno del candidato del jefe de Gobierno porte\u00f1o. \u201cEs una cuesti\u00f3n pragm\u00e1tica. Nadie le va a esconder su boleta si ellos tambi\u00e9n van en ella\u201d, replican en el ala larretista.<\/p>\n\n\n\n<p><strong>Lo que todos los intendentes quieren evitar es un escenario de \u201cI\u201d latina<\/strong>. \u00bfQu\u00e9 implica? Que tendr\u00e1n&nbsp;<strong>internas en sus distritos<\/strong>. Si bien tanto en los equipos de Larreta como de Bullrich aseguran que no es la mejor opci\u00f3n, por el aumento de esquirlas en la disputa interna, se\u00f1alan que \u201c<strong>se ver\u00e1 en cada caso<\/strong>\u201d seg\u00fan si gobierna uno propio o no, o si el candidato garantiza unidad. \u201cTenemos candidatos en todos los distritos para ir a internas\u201d, se envalentonan cerca de la ex ministra. Por lo bajo, especulan que \u201cpara lograr la V, hay que pelear la I\u201d.<\/p>\n\n\n\n<p>En esa estrategia, la precandidata del PRO le encarg\u00f3 a&nbsp;<strong>Sebasti\u00e1n Garc\u00eda de Luca<\/strong>&nbsp;el armado de una estructura propia para dar la pelea en los municipios gobernados por intendentes que ya manifestaron su alineamiento con Santilli y\/o Larreta. Es el caso, por ejemplo, de&nbsp;<strong>Diego Valenzuela<\/strong>&nbsp;en Tres de Febrero;&nbsp;<strong>Ezequiel Galli,<\/strong>&nbsp;en Olavarr\u00eda;<strong>&nbsp;Gustavo Peri\u00e9<\/strong>, en Ramallo;&nbsp;<strong>Camilo Etchevarren<\/strong>, en Dolores;&nbsp;<strong>Sebasti\u00e1n Abella<\/strong>, en Campana.<\/p>\n\n\n\n<p><strong>La amenaza del desdoblamiento<\/strong><\/p>\n\n\n\n<p>Si bien todo indica que el grado de pelea interna entre Bullrich y Larreta hace dif\u00edcil imaginar que lleven a las PASO un \u00fanico precandidato a gobernador bonaerense,&nbsp;<strong>un decreto de Kicillof encendi\u00f3 alertas&nbsp;<\/strong>sobre un posible futuro desdoblamiento de las elecciones generales para gobernador.<\/p>\n\n\n\n<p><img decoding=\"async\" loading=\"lazy\" alt=\"Axel Kicillof tiene abierta la posibilidad de desdoblar las elecciones generales\" height=\"1080\" width=\"1920\" class=\"\" src=\"https:\/\/cloudfront-us-east-1.images.arcpublishing.com\/infobae\/CVHXNQMLABEBDLZGSX3XFOICAU.jpg\" srcset=\"https:\/\/www.infobae.com\/new-resizer\/TE_rnftkF0Qd_3hwKWBCWAw37EI=\/420x236\/filters:format(webp):quality(85)\/cloudfront-us-east-1.images.arcpublishing.com\/infobae\/CVHXNQMLABEBDLZGSX3XFOICAU.jpg 420w,https:\/\/www.infobae.com\/new-resizer\/p1IclMWN4XMyuz3veVB-a_ILjMI=\/768x432\/filters:format(webp):quality(85)\/cloudfront-us-east-1.images.arcpublishing.com\/infobae\/CVHXNQMLABEBDLZGSX3XFOICAU.jpg 768w,https:\/\/www.infobae.com\/new-resizer\/RHMwzUtkhsakniIFiBo2XF1NyQY=\/992x558\/filters:format(webp):quality(85)\/cloudfront-us-east-1.images.arcpublishing.com\/infobae\/CVHXNQMLABEBDLZGSX3XFOICAU.jpg 992w,https:\/\/www.infobae.com\/new-resizer\/WbLZsd5zJ2wpr0OYvMrfcdXzkl0=\/1200x675\/filters:format(webp):quality(85)\/cloudfront-us-east-1.images.arcpublishing.com\/infobae\/CVHXNQMLABEBDLZGSX3XFOICAU.jpg 1200w,https:\/\/www.infobae.com\/new-resizer\/3wEJOT6UROosYQkSu9zljp3shMs=\/1440x810\/filters:format(webp):quality(85)\/cloudfront-us-east-1.images.arcpublishing.com\/infobae\/CVHXNQMLABEBDLZGSX3XFOICAU.jpg 1440w\">Axel Kicillof tiene abierta la posibilidad de desdoblar las elecciones generales<\/p>\n\n\n\n<p>El mandatario fij\u00f3 el&nbsp;<strong>13 de agosto para las Primarias en la Provincia<\/strong>, pero a\u00fan&nbsp;<strong>no anunci\u00f3 cu\u00e1ndo se har\u00e1n las generales<\/strong>. En Juntos temen que termine desdoblando los comicios para intentar&nbsp;<strong>asegurarse la reelecci\u00f3n.&nbsp;<\/strong>Lo contextualizanen un escenario en el que, a dos meses de esos comicios, no hay un candidato definido del Frente de Todos para la presidencia, y el agravamiento de la crisis econ\u00f3mica&nbsp;<strong>empeore el humor social<\/strong>. El actual mandatario quiere renovar su mandato en la Provincia y resiste las presiones de sectores del kirchnerismo para competir por el sill\u00f3n de Rivadavia.<\/p>\n\n\n\n<p>Si bien hist\u00f3ricamente la Provincia de Buenos Aires siempre adhiri\u00f3 a la fecha de las elecciones nacionales, Kicillof tiene\u00a0<strong>hasta el 24 de julio<\/strong>, un mes despu\u00e9s del cierre de candidaturas,\u00a0<strong>para convocar a elecciones generales concurrentes<\/strong>, al igual que hizo Rodr\u00edguez Larreta en la Ciudad de Buenos Aires: el mismo d\u00eda que las nacionales, pero por separado.<\/p>\n\n\n\n<p>Pero tambi\u00e9n tiene&nbsp;<strong>chances de convocarlas despu\u00e9s de las PASO<\/strong>, en una fecha distinta a las nacionales, seg\u00fan explicaron a<strong>&nbsp;Infobae<\/strong>&nbsp;en el PRO.<strong>&nbsp;La fecha tope es el 9 de noviembre<\/strong>, 30 d\u00edas antes del recambio de gobierno el 10 de diciembre. El tema est\u00e1 \u201cen discusi\u00f3n\u201d en el Ejecutivo bonaerense, donde miran con preocupaci\u00f3n un posible desmadre de la situaci\u00f3n econ\u00f3mica.<\/p>\n\n\n\n<p>Esta situaci\u00f3n abri\u00f3 una rendija en la &#8211; hasta ahora- posici\u00f3n irreductible de Bullrich de ir con su propio candidato a gobernador. En la hip\u00f3tesis de ganar las PASO por la tracci\u00f3n de su nombre en la boleta, el PRO y Juntos tendr\u00edan menos chances de arrebatarle la gobernaci\u00f3n a Kicillof en la general con un candidato \u201cd\u00e9bil\u201d.&nbsp;<strong>La Provincia es un juego a todo o nada<\/strong>, donde se gana o se pierde por un voto, y el crecimiento de Milei es visto con preocupaci\u00f3n. En el PRO recuerdan que, hist\u00f3ricamente, el corte de boleta en el distrito bonaerense fue bajo y que con un candidato \u201cmalo\u201d como An\u00edbal Fern\u00e1ndez, solo hubo un 5% de corte.<\/p>\n\n\n\n<p>Este escenario &#8211; a\u00fan hipot\u00e9tico &#8211; le abrir\u00eda la puerta a Bullrich a inclinarse por una figura como Ritondo &#8211; con mayor intenci\u00f3n de voto que Grindetti, De la Torre o Iguacel &#8211; o incluso, analizar la posibilidad de unificar la boleta detr\u00e1s del candidato m\u00e1s competitivo, que podr\u00eda ser Santilli, si los n\u00fameros lo siguen ubicando arriba en las encuestas. En el entorno de Bullrich admitieron que \u201c<strong>se est\u00e1 empezando a repensar la estrategia<\/strong>.&nbsp;<strong>Ella siente la responsabilidad de que tendr\u00eda que ceder siempre que todos cedan tambi\u00e9n algo<\/strong>\u201d, le dijo uno de sus hombres de confianza a&nbsp;<strong>Infobae<\/strong>.<\/p>\n\n\n\n<p><strong>Vice radical<\/strong><\/p>\n\n\n\n<p>En lo que s\u00ed coinciden tanto en el sector de Santilli como en el ala bullrichista es en que el precandidato a vicegobernador deber\u00eda provenir del radicalismo, apostando a una f\u00f3rmula cruzada, como Larreta y Bullrich barajan tambi\u00e9n a nivel nacional. El primero con<strong>&nbsp;Gerardo Morales<\/strong>, y la segunda con<strong>&nbsp;Rodolfo Su\u00e1rez<\/strong>.<\/p>\n\n\n\n<p>La UCR tiene tres precandidatos en carrera en la Provincia:&nbsp;<strong>Maximiliano Abad<\/strong>, titular del partido en la Provincia y \u201cahijado\u201d de&nbsp;<strong>Ernesto Sanz<\/strong>;&nbsp;<strong>Gustavo Posse<\/strong>, intendente de San Isidro, y alineado con&nbsp;<em><strong>Morales<\/strong><\/em><em>,&nbsp;<\/em>titular del radicalismo nacional y gobernador de Jujuy; y<strong>&nbsp;Mart\u00edn Tetaz<\/strong>, el diputado y economista referenciado en&nbsp;<strong>Mart\u00edn Lousteau<\/strong>.<\/p>\n\n\n\n<p><img decoding=\"async\" loading=\"lazy\" alt=\"Maximiliano Abad y los afiches que promueven su precandidatura en la Provincia\" height=\"774\" width=\"1032\" class=\"\" src=\"https:\/\/cloudfront-us-east-1.images.arcpublishing.com\/infobae\/OZLAKZPKTZFDXIAKQWXDJ7NQTI.jpeg\" srcset=\"https:\/\/www.infobae.com\/new-resizer\/VEfPtGGZvU8s7s531Y904uUrGhA=\/420x315\/filters:format(webp):quality(85)\/cloudfront-us-east-1.images.arcpublishing.com\/infobae\/OZLAKZPKTZFDXIAKQWXDJ7NQTI.jpeg 420w,https:\/\/www.infobae.com\/new-resizer\/lrb7NTBtn6p0vN4mE719j7CoHrM=\/768x576\/filters:format(webp):quality(85)\/cloudfront-us-east-1.images.arcpublishing.com\/infobae\/OZLAKZPKTZFDXIAKQWXDJ7NQTI.jpeg 768w,https:\/\/www.infobae.com\/new-resizer\/Y0mMsrqvMiZBRQbCbRlDyAG0LaA=\/992x744\/filters:format(webp):quality(85)\/cloudfront-us-east-1.images.arcpublishing.com\/infobae\/OZLAKZPKTZFDXIAKQWXDJ7NQTI.jpeg 992w,https:\/\/www.infobae.com\/new-resizer\/nvCyID4PK1d-69Je98Wfciz7hs8=\/1200x900\/filters:format(webp):quality(85)\/cloudfront-us-east-1.images.arcpublishing.com\/infobae\/OZLAKZPKTZFDXIAKQWXDJ7NQTI.jpeg 1200w,https:\/\/www.infobae.com\/new-resizer\/S5qtVbI8YFYncrdjhhavfo91u6o=\/1440x1080\/filters:format(webp):quality(85)\/cloudfront-us-east-1.images.arcpublishing.com\/infobae\/OZLAKZPKTZFDXIAKQWXDJ7NQTI.jpeg 1440w\">Maximiliano Abad y los afiches que promueven su precandidatura en la Provincia<\/p>\n\n\n\n<p>Abad, el que tiene m\u00e1s estructura territorial, manifest\u00f3 su intenci\u00f3n de ser precandidato a gobernador \u00e9l mismo por la UCR, y por eso a\u00fan no se defini\u00f3 p\u00fablicamente en la interna Larreta-Bullrich. Entre los allegados a la ex ministra, afirman que \u201cest\u00e1 mirando qu\u00e9 hace Patricia\u201d. Y recuerdan que su mentor es Sanz, promotor de la \u201cfoto de la Vendimia\u201d en Mendoza, en la que Bullrich pos\u00f3 con el sector del radicalismo opuesto a Morales, alineado con Larreta.<\/p>\n\n\n\n<p>Sin embargo, todos son hombres y la o las f\u00f3rmula\/s no incluir\u00edan una mujer. Entonces, algunos de los nombres que empezaron a circular son el de la diputada nacional\u00a0<strong>Karina Banfi\u00a0<\/strong>y el de la senadora provincial\u00a0<strong>\u00c9rica Revilla<\/strong>, vicepresidenta de la UCR bonaerense.<\/p>\n\n\n\n<p>Fuente: Infobae<\/p>\n","protected":false},"excerpt":{"rendered":"<div class=\"mh-excerpt\"><p>M\u00e1s all\u00e1 de la se\u00f1al de&nbsp;tregua&nbsp;que buscaron dar los principales l\u00edderes del PRO con la foto conjunta luego de la reuni\u00f3n presencial que mantuvieron ayer, a\u00fan no logran unificar una estrategia para enfrentar al kirchnerismo en la provincia de Buenos Aires, el principal distrito electoral del pa\u00eds que concentra casi el 40% del electorado. Reflejo de las tensiones en la disputa por la presidencia entre&nbsp;Horacio Rodr\u00edguez Larreta&nbsp;y&nbsp;Patricia Bullrich, a menos de dos meses del cierre de candidaturas, el partido tiene cinco precandidatos en carrera. Y esta semana se abri\u00f3 la posibilidad, incluso, de llegar a contar a&nbsp;Jos\u00e9 Luis Espert&nbsp;entre los <a class=\"mh-excerpt-more\" href=\"http:\/\/dsrmedios.com.ar\/diario\/archivos\/32129\" title=\"Sin una estrategia unificada, el PRO debate c\u00f3mo enfrentar al kirchnerismo en la provincia de Buenos Aires\">[Leer m\u00e1s]<\/a><\/p>\n<\/div>","protected":false},"author":6,"featured_media":32130,"comment_status":"open","ping_status":"closed","sticky":false,"template":"","format":"standard","meta":{"_jetpack_newsletter_access":""},"categories":[6],"tags":[],"jetpack_featured_media_url":"http:\/\/dsrmedios.com.ar\/diario\/wp-content\/uploads\/2023\/04\/descarga-73.jpg","jetpack_sharing_enabled":true,"jetpack_shortlink":"https:\/\/wp.me\/p9fihK-8md","_links":{"self":[{"href":"http:\/\/dsrmedios.com.ar\/diario\/wp-json\/wp\/v2\/posts\/32129"}],"collection":[{"href":"http:\/\/dsrmedios.com.ar\/diario\/wp-json\/wp\/v2\/posts"}],"about":[{"href":"http:\/\/dsrmedios.com.ar\/diario\/wp-json\/wp\/v2\/types\/post"}],"author":[{"embeddable":true,"href":"http:\/\/dsrmedios.com.ar\/diario\/wp-json\/wp\/v2\/users\/6"}],"replies":[{"embeddable":true,"href":"http:\/\/dsrmedios.com.ar\/diario\/wp-json\/wp\/v2\/comments?post=32129"}],"version-history":[{"count":1,"href":"http:\/\/dsrmedios.com.ar\/diario\/wp-json\/wp\/v2\/posts\/32129\/revisions"}],"predecessor-version":[{"id":32131,"href":"http:\/\/dsrmedios.com.ar\/diario\/wp-json\/wp\/v2\/posts\/32129\/revisions\/32131"}],"wp:featuredmedia":[{"embeddable":true,"href":"http:\/\/dsrmedios.com.ar\/diario\/wp-json\/wp\/v2\/media\/32130"}],"wp:attachment":[{"href":"http:\/\/dsrmedios.com.ar\/diario\/wp-json\/wp\/v2\/media?parent=32129"}],"wp:term":[{"taxonomy":"category","embeddable":true,"href":"http:\/\/dsrmedios.com.ar\/diario\/wp-json\/wp\/v2\/categories?post=32129"},{"taxonomy":"post_tag","embeddable":true,"href":"http:\/\/dsrmedios.com.ar\/diario\/wp-json\/wp\/v2\/tags?post=32129"}],"curies":[{"name":"wp","href":"https:\/\/api.w.org\/{rel}","templated":true}]}}