{"id":32115,"date":"2023-04-28T17:57:48","date_gmt":"2023-04-28T20:57:48","guid":{"rendered":"http:\/\/dsrmedios.com.ar\/diario\/?p=32115"},"modified":"2023-04-28T17:57:52","modified_gmt":"2023-04-28T20:57:52","slug":"cuanto-subieron-los-salarios-en-relacion-a-la-inflacion","status":"publish","type":"post","link":"http:\/\/dsrmedios.com.ar\/diario\/archivos\/32115","title":{"rendered":"Cu\u00e1nto subieron los salarios en relaci\u00f3n a la inflaci\u00f3n"},"content":{"rendered":"\n<p>Tras el anuncio del ministro de Econom\u00eda,&nbsp;<strong>Sergio Massa<\/strong>, de convocar a un&nbsp;<a href=\"https:\/\/infocielo.com\/sergio-massa\/sergio-massa-convocara-un-acuerdo-precios-y-salarios-90-dias-n761399\" target=\"_blank\" rel=\"noreferrer noopener\">acuerdo de precios y salarios por 90 d\u00edas<\/a>&nbsp;que desarrollar\u00e1 ma\u00f1ana, el Instituto Nacional de Estad\u00edsticas y Censos (<strong>INDEC<\/strong>) inform\u00f3 este viernes que el&nbsp;<strong>\u00cdndice de Salarios&nbsp;<\/strong>registr\u00f3 un aumento de 6 por ciento en&nbsp;<strong>febrero&nbsp;<\/strong>respecto del mes previo y alcanz\u00f3 un 97,4 por ciento en los doce meses anteriores.<\/p>\n\n\n\n<p>De esta forma, el \u00cdndice de Salarios qued\u00f3 por debajo de la\u00a0<strong>inflaci\u00f3n\u00a0<\/strong>de ese mismo periodo, la cual marc\u00f3 un alza de precios promedio del 102,5 por ciento, y de 6,6 por ciento solo en febrero.<\/p>\n\n\n\n<p>El alza de salarios registrado en el segundo mes del a\u00f1o por el INDEC, se explic\u00f3 por un incremento del&nbsp;<strong>6,9 por ciento<\/strong>&nbsp;en el sector&nbsp;<strong>privado registrado<\/strong>,&nbsp;<strong>3,8 por ciento<\/strong>&nbsp;en el&nbsp;<strong>sector p\u00fablico<\/strong>&nbsp;y de&nbsp;<strong>7,1 por ciento&nbsp;<\/strong>en el sector&nbsp;<strong>privado no registrado<\/strong>.<\/p>\n\n\n\n<p>Pese a una menor suba en febrero que en el resto de los sectores, el p\u00fablico es el \u00fanico que en los \u00faltimos doce meses se posicion\u00f3 por encima de la inflaci\u00f3n al tener un aumento de 104,2 por ciento, es decir casi dos puntos porcentuales por arriba de la inflaci\u00f3n.<\/p>\n\n\n\n<p>En tanto, en t\u00e9rminos interanuales el privado registrado marc\u00f3 un aumento de 99,3 por ciento y el privado no registrado de 80,5 por ciento.<\/p>\n\n\n\n<figure class=\"wp-block-image\"><img decoding=\"async\" src=\"https:\/\/media.infocielo.com\/p\/76633c590a27d35a0f60c7d5f1177daf\/adjuntos\/299\/imagenes\/001\/634\/0001634400\/887x0\/smart\/indice-salariospng.png\" alt=\"\"\/><\/figure>\n\n\n\n<p>Cabe se\u00f1alar que el \u00cdndice de salarios estima la evoluci\u00f3n de los salarios pagados en la econom\u00eda aislando el indicador de variaciones relacionadas con conceptos tales como la cantidad de horas trabajadas, descuentos por ausentismo, premios por productividad y todo otro concepto asociado al desempe\u00f1o o a las caracter\u00edsticas de los individuos concretos.<\/p>\n\n\n\n<p>En el caso del&nbsp;<strong>Ripte<\/strong>, que define la remuneraci\u00f3n promedio sujeta a los aportes registrados en el Sistema Integrado Previsional Argentino (<strong>SIPA<\/strong>) que perciben los trabajadores que se encuentran bajo relaci\u00f3n de dependencia,&nbsp;<a href=\"https:\/\/infocielo.com\/salarios\/los-salarios-formales-le-ganaron-la-inflacion-el-primer-trimestre-n761448\" target=\"_blank\" rel=\"noreferrer noopener\">los salarios del sector privado le ganaron a la inflaci\u00f3n en el primer trimestre del a\u00f1o<\/a>.<\/p>\n\n\n\n<p>De acuerdo a los datos del Ripte de marzo, los sueldos aumentaron 9,8 por ciento versus una inflaci\u00f3n promedio en el mes de 7,7 por ciento. As\u00ed,\u00a0<strong>los salarios tienen un alza del 23,5 por ciento ante una inflaci\u00f3n promedio del 21,7 por ciento en los tres primeros meses del a\u00f1o<\/strong>; lo que significa una mejora salarial de 1.5 puntos porcentuales.<\/p>\n\n\n\n<p>Fuente: Infocielo<\/p>\n","protected":false},"excerpt":{"rendered":"<div class=\"mh-excerpt\"><p>Tras el anuncio del ministro de Econom\u00eda,&nbsp;Sergio Massa, de convocar a un&nbsp;acuerdo de precios y salarios por 90 d\u00edas&nbsp;que desarrollar\u00e1 ma\u00f1ana, el Instituto Nacional de Estad\u00edsticas y Censos (INDEC) inform\u00f3 este viernes que el&nbsp;\u00cdndice de Salarios&nbsp;registr\u00f3 un aumento de 6 por ciento en&nbsp;febrero&nbsp;respecto del mes previo y alcanz\u00f3 un 97,4 por ciento en los doce meses anteriores. De esta forma, el \u00cdndice de Salarios qued\u00f3 por debajo de la\u00a0inflaci\u00f3n\u00a0de ese mismo periodo, la cual marc\u00f3 un alza de precios promedio del 102,5 por ciento, y de 6,6 por ciento solo en febrero. El alza de salarios registrado en el segundo <a class=\"mh-excerpt-more\" href=\"http:\/\/dsrmedios.com.ar\/diario\/archivos\/32115\" title=\"Cu\u00e1nto subieron los salarios en relaci\u00f3n a la inflaci\u00f3n\">[Leer m\u00e1s]<\/a><\/p>\n<\/div>","protected":false},"author":6,"featured_media":32116,"comment_status":"open","ping_status":"closed","sticky":false,"template":"","format":"standard","meta":{"_jetpack_newsletter_access":""},"categories":[6],"tags":[],"jetpack_featured_media_url":"http:\/\/dsrmedios.com.ar\/diario\/wp-content\/uploads\/2023\/04\/massa-cgtjpg.webp","jetpack_sharing_enabled":true,"jetpack_shortlink":"https:\/\/wp.me\/p9fihK-8lZ","_links":{"self":[{"href":"http:\/\/dsrmedios.com.ar\/diario\/wp-json\/wp\/v2\/posts\/32115"}],"collection":[{"href":"http:\/\/dsrmedios.com.ar\/diario\/wp-json\/wp\/v2\/posts"}],"about":[{"href":"http:\/\/dsrmedios.com.ar\/diario\/wp-json\/wp\/v2\/types\/post"}],"author":[{"embeddable":true,"href":"http:\/\/dsrmedios.com.ar\/diario\/wp-json\/wp\/v2\/users\/6"}],"replies":[{"embeddable":true,"href":"http:\/\/dsrmedios.com.ar\/diario\/wp-json\/wp\/v2\/comments?post=32115"}],"version-history":[{"count":1,"href":"http:\/\/dsrmedios.com.ar\/diario\/wp-json\/wp\/v2\/posts\/32115\/revisions"}],"predecessor-version":[{"id":32117,"href":"http:\/\/dsrmedios.com.ar\/diario\/wp-json\/wp\/v2\/posts\/32115\/revisions\/32117"}],"wp:featuredmedia":[{"embeddable":true,"href":"http:\/\/dsrmedios.com.ar\/diario\/wp-json\/wp\/v2\/media\/32116"}],"wp:attachment":[{"href":"http:\/\/dsrmedios.com.ar\/diario\/wp-json\/wp\/v2\/media?parent=32115"}],"wp:term":[{"taxonomy":"category","embeddable":true,"href":"http:\/\/dsrmedios.com.ar\/diario\/wp-json\/wp\/v2\/categories?post=32115"},{"taxonomy":"post_tag","embeddable":true,"href":"http:\/\/dsrmedios.com.ar\/diario\/wp-json\/wp\/v2\/tags?post=32115"}],"curies":[{"name":"wp","href":"https:\/\/api.w.org\/{rel}","templated":true}]}}