{"id":32112,"date":"2023-04-28T16:59:45","date_gmt":"2023-04-28T19:59:45","guid":{"rendered":"http:\/\/dsrmedios.com.ar\/diario\/?p=32112"},"modified":"2023-04-28T16:59:49","modified_gmt":"2023-04-28T19:59:49","slug":"los-aumentos-que-vienen-en-mayo-luz-y-gas-transporte-alquileres-y-prepagas","status":"publish","type":"post","link":"http:\/\/dsrmedios.com.ar\/diario\/archivos\/32112","title":{"rendered":"Los aumentos que vienen en mayo:\u00a0luz y gas, transporte, alquileres y prepagas"},"content":{"rendered":"\n<p>Al igual que meses anteriores,&nbsp;<strong>mayo<\/strong>&nbsp;tambi\u00e9n sacudir\u00e1 fuertemente el&nbsp;<strong>bolsillo de los consumidores<\/strong>&nbsp;en la dura batalla que tiene el gobierno por frenar la&nbsp;<strong>inflaci\u00f3n<\/strong>. Las tarifas de&nbsp;<strong>luz y gas<\/strong>, y el&nbsp;<strong>transporte<\/strong>&nbsp;encabezan la lista de aumentos que tendr\u00e1 el quinto mes de&nbsp;<strong>2023<\/strong>.<\/p>\n\n\n\n<h2>Luz y gas<\/h2>\n\n\n\n<p>El plan de la quita de subsidios de energ\u00eda el\u00e9ctrica afectar\u00e1 a los usuarios que formen del nivel de mayores ingresos. Los consumidores del&nbsp;<strong>Nivel 1 de segmentaci\u00f3n<\/strong>&nbsp;(apr\u00f3ximadamente 30%), tendr\u00e1n un incremento del&nbsp;<strong>Precio Estacional<\/strong>&nbsp;(PEST) de&nbsp;<strong>85% a 90%<\/strong>.<\/p>\n\n\n\n<p>Dentro del Nivel 1 de segmentaci\u00f3n, tambi\u00e9n est\u00e1n incluidos los&nbsp;<strong>usuarios que no hayan completado el formulario<\/strong>&nbsp;de inscripci\u00f3n a los subsidios de luz y gas. No obstante, el gobierno impulsa a los consumidores a registrarse a trav\u00e9s de la p\u00e1gina web.<\/p>\n\n\n\n<p><img decoding=\"async\" src=\"https:\/\/www.canal26.com\/media\/image\/2022\/12\/07\/526763.jpg\" alt=\"Tarifas. Foto: NA\"><em><strong>La luz y el gas aumentar\u00e1 en mayo. Foto: NA.<\/strong><\/em><\/p>\n\n\n\n<p>Por su parte, el&nbsp;<strong>gas<\/strong>&nbsp;tambi\u00e9n vendr\u00e1 con subas en el mes de mayo, donde las facturas tendr\u00e1n un&nbsp;<strong>aumento del 50%<\/strong>, a causa de eliminaci\u00f3n completa de subsidios para los hogares de nivel de mayores ingresos.<\/p>\n\n\n\n<h2>Transporte<\/h2>\n\n\n\n<p>Desde el lunes&nbsp;<strong>1 de mayo<\/strong>, el transporte p\u00fabico sufrir\u00e1 un aumento del&nbsp;<strong>7,8% en el \u00c1rea Metropolitana de Buenos Aires<\/strong>&nbsp;(AMBA). Es el tercer incremento gradual y mensual que se ajusta en el \u00edndice de inflaci\u00f3n del&nbsp;<strong>Gran Buenos Aires<\/strong>, seg\u00fan el&nbsp;<strong>INDEC<\/strong>.<\/p>\n\n\n\n<p><img decoding=\"async\" src=\"https:\/\/www.canal26.com\/media\/image\/2022\/12\/17\/527846.jpg\" alt=\"Servicio de transporte durante la final del Mundial_NA\"><em><strong>El transporte tendr\u00e1 incrementos en colectivos, trenes y subtes. Foto: NA.<\/strong><\/em><\/p>\n\n\n\n<p>De esta manera, el&nbsp;<strong>boleto m\u00ednimo de colectivo en el AMBA<\/strong>&nbsp;pasar\u00e1 a costar&nbsp;<strong>$42,67<\/strong>, mientras que el tren ir\u00e1 desde&nbsp;<strong>$20,72 y $26,82<\/strong>, depende el tipo de l\u00ednea. El&nbsp;<strong>subte<\/strong>&nbsp;seguir\u00e1 la misma l\u00ednea y, a partir del s\u00e1bado&nbsp;<strong>6 de mayo<\/strong>, valdr\u00e1&nbsp;<strong>$67<\/strong>. Por su parte, el&nbsp;<strong>Premetro $24<\/strong>.<\/p>\n\n\n\n<h2>Alquileres<\/h2>\n\n\n\n<p>A causa de la&nbsp;<strong>Ley de Alquileres<\/strong>, que se determina por un \u00edndice del&nbsp;<strong>Banco Central<\/strong>&nbsp;sobre la evoluci\u00f3n de la inflaci\u00f3n y los salarios, aquellos inquilinos que cumplan un a\u00f1o de contrato desde su \u00faltima actualizaci\u00f3n, padecer\u00e1n un&nbsp;<strong>aumento cercano 100%<\/strong>.<\/p>\n\n\n\n<h2>Colegios privados<\/h2>\n\n\n\n<p>Dentro del programa de Precios Justos, por orden del&nbsp;<strong>ministerio de Econom\u00eda<\/strong>, hasta el mes de junio, la tarifa de aumentos de los colegios privados ser\u00e1 del&nbsp;<strong>3,35%<\/strong>. A pesar de ello, el gobierno autoriz\u00f3 una suba del&nbsp;<strong>6,7%<\/strong>&nbsp;promedio en los aranceles de mayo; el doble del porcentaje pautado.<\/p>\n\n\n\n<p><img decoding=\"async\" src=\"https:\/\/www.canal26.com\/media\/image\/2022\/11\/04\/523169.jpg\" alt=\"Medicina prepaga_NA\"><em><strong>Las prepagas&nbsp;subir\u00e1n un 4,76% y 3,43% en mayo. Foto: NA.<\/strong><\/em><\/p>\n\n\n\n<h2>Prepagas<\/h2>\n\n\n\n<p>En el quinto mes de 2023, las&nbsp;<strong>prepagas subir\u00e1n un 4,76%<\/strong>&nbsp;para las personas que tengan ingresos netos o superiores a $392.562, seg\u00fan el \u00edndice de&nbsp;<strong>RIPTE<\/strong>. Por su parte, los abonados que est\u00e9n debajo de esa cifra y hayan completado la declaraci\u00f3n jurada, ser\u00e1 del&nbsp;<strong>3,43%<\/strong>.<\/p>\n\n\n\n<h2>Otros aumentos de mayo<\/h2>\n\n\n\n<p>La bajada de bandera de los taxi, que anteriormente costaba\u00a0<strong>$293<\/strong>, valdr\u00e1\u00a0<strong>$351<\/strong>; las empleadas dom\u00e9sticas que formen parte de la\u00a0<strong>Comisi\u00f3n Nacional de Trabajo en Casas Particulares<\/strong>\u00a0cobrar\u00e1 en mayo la segunda cuota del aumento que ser\u00e1 del\u00a0<strong>7%<\/strong>; naftas y gasoil tambi\u00e9n subir\u00e1n un\u00a0<strong>4%<\/strong>; y peajes un\u00a0<strong>40%<\/strong>.<\/p>\n\n\n\n<p>Fuente: Infobae<\/p>\n","protected":false},"excerpt":{"rendered":"<div class=\"mh-excerpt\"><p>Al igual que meses anteriores,&nbsp;mayo&nbsp;tambi\u00e9n sacudir\u00e1 fuertemente el&nbsp;bolsillo de los consumidores&nbsp;en la dura batalla que tiene el gobierno por frenar la&nbsp;inflaci\u00f3n. Las tarifas de&nbsp;luz y gas, y el&nbsp;transporte&nbsp;encabezan la lista de aumentos que tendr\u00e1 el quinto mes de&nbsp;2023. Luz y gas El plan de la quita de subsidios de energ\u00eda el\u00e9ctrica afectar\u00e1 a los usuarios que formen del nivel de mayores ingresos. Los consumidores del&nbsp;Nivel 1 de segmentaci\u00f3n&nbsp;(apr\u00f3ximadamente 30%), tendr\u00e1n un incremento del&nbsp;Precio Estacional&nbsp;(PEST) de&nbsp;85% a 90%. Dentro del Nivel 1 de segmentaci\u00f3n, tambi\u00e9n est\u00e1n incluidos los&nbsp;usuarios que no hayan completado el formulario&nbsp;de inscripci\u00f3n a los subsidios de luz y <a class=\"mh-excerpt-more\" href=\"http:\/\/dsrmedios.com.ar\/diario\/archivos\/32112\" title=\"Los aumentos que vienen en mayo:\u00a0luz y gas, transporte, alquileres y prepagas\">[Leer m\u00e1s]<\/a><\/p>\n<\/div>","protected":false},"author":6,"featured_media":32113,"comment_status":"open","ping_status":"closed","sticky":false,"template":"","format":"standard","meta":{"_jetpack_newsletter_access":""},"categories":[6,45],"tags":[],"jetpack_featured_media_url":"http:\/\/dsrmedios.com.ar\/diario\/wp-content\/uploads\/2023\/04\/522852.jpg","jetpack_sharing_enabled":true,"jetpack_shortlink":"https:\/\/wp.me\/p9fihK-8lW","_links":{"self":[{"href":"http:\/\/dsrmedios.com.ar\/diario\/wp-json\/wp\/v2\/posts\/32112"}],"collection":[{"href":"http:\/\/dsrmedios.com.ar\/diario\/wp-json\/wp\/v2\/posts"}],"about":[{"href":"http:\/\/dsrmedios.com.ar\/diario\/wp-json\/wp\/v2\/types\/post"}],"author":[{"embeddable":true,"href":"http:\/\/dsrmedios.com.ar\/diario\/wp-json\/wp\/v2\/users\/6"}],"replies":[{"embeddable":true,"href":"http:\/\/dsrmedios.com.ar\/diario\/wp-json\/wp\/v2\/comments?post=32112"}],"version-history":[{"count":1,"href":"http:\/\/dsrmedios.com.ar\/diario\/wp-json\/wp\/v2\/posts\/32112\/revisions"}],"predecessor-version":[{"id":32114,"href":"http:\/\/dsrmedios.com.ar\/diario\/wp-json\/wp\/v2\/posts\/32112\/revisions\/32114"}],"wp:featuredmedia":[{"embeddable":true,"href":"http:\/\/dsrmedios.com.ar\/diario\/wp-json\/wp\/v2\/media\/32113"}],"wp:attachment":[{"href":"http:\/\/dsrmedios.com.ar\/diario\/wp-json\/wp\/v2\/media?parent=32112"}],"wp:term":[{"taxonomy":"category","embeddable":true,"href":"http:\/\/dsrmedios.com.ar\/diario\/wp-json\/wp\/v2\/categories?post=32112"},{"taxonomy":"post_tag","embeddable":true,"href":"http:\/\/dsrmedios.com.ar\/diario\/wp-json\/wp\/v2\/tags?post=32112"}],"curies":[{"name":"wp","href":"https:\/\/api.w.org\/{rel}","templated":true}]}}