{"id":32096,"date":"2023-04-28T16:40:14","date_gmt":"2023-04-28T19:40:14","guid":{"rendered":"http:\/\/dsrmedios.com.ar\/diario\/?p=32096"},"modified":"2023-04-28T16:40:18","modified_gmt":"2023-04-28T19:40:18","slug":"el-gobernador-de-chubut-anuncio-que-tambien-desdoblara-las-elecciones","status":"publish","type":"post","link":"http:\/\/dsrmedios.com.ar\/diario\/archivos\/32096","title":{"rendered":"El gobernador de Chubut anunci\u00f3 que tambi\u00e9n desdoblar\u00e1 las elecciones"},"content":{"rendered":"\n<p>El gobernador de Chubut,&nbsp;<strong>Mariano Arcioni<\/strong>, anunci\u00f3 a trav\u00e9s de las redes sociales que los comicios provinciales se realizar\u00e1n el pr\u00f3ximo&nbsp;<strong>30 de julio<\/strong>. Hasta ahora 18 distritos anunciaron que har\u00e1n las elecciones<strong>&nbsp;desdobladas de las nacionales.<\/strong><\/p>\n\n\n\n<p>\u201c<strong>La agenda de las y los chubutenses debe ser la prioridad y tener la atenci\u00f3n exclusiva de las y los candidatos<\/strong>\u201d, argument\u00f3 el mandatario provincial.<\/p>\n\n\n\n<p>La convocatoria electoral se formaliz\u00f3 por medio del Decreto 421, que se difundi\u00f3 cuando estaban cerca de expirar los plazos para convocar a los comicios, que deben anunciarse 90 d\u00edas antes. La convocatoria abarca a gobernador y vice, diputados provinciales, presidentes de comunas rurales, jueces de paz y la renovaci\u00f3n de consejeros populares en algunas circunscripciones judiciales para la magistratura.<\/p>\n\n\n\n<p>Seg\u00fan el calendario electoral, los pr\u00f3ximos distritos donde se elegir\u00e1n representantes ser\u00e1n Jujuy, Misiones y La Rioja, el domingo 7 de mayo; y La Pampa, Salta, San Juan, Tucum\u00e1n y Tierra del Fuego, el 14 de mayo.<\/p>\n\n\n\n<p><img decoding=\"async\" loading=\"lazy\" alt=\"Mariano Arcioni - Chubut\" height=\"646\" width=\"1920\" class=\"\" src=\"https:\/\/cloudfront-us-east-1.images.arcpublishing.com\/infobae\/OXFQNIAZ6VGYZBWOGJJR7PJORI.jpg\">Mariano Arcioni &#8211; Chubut<\/p>\n\n\n\n<p>Las provincias que desdoblaron los comicios y ya votaron el 16 de abril fueron<strong>&nbsp;R\u00edo Negro&nbsp;<\/strong>y&nbsp;<strong>Neuqu\u00e9n<\/strong>, mientras que La Pampa hab\u00eda tenido PASO el 13 de febrero.<\/p>\n\n\n\n<p>En tanto, las jurisdicciones que votar\u00e1n sus representantes a nivel local durante los pr\u00f3ximos meses en fechas distintas a las elecciones nacionales son: Misiones, Jujuy, La Rioja, La Pampa (generales), San Juan, Tucum\u00e1n, Salta, Mendoza, San Luis, Corrientes, Chaco, C\u00f3rdoba, Santa Fe, Tierra del Fuego y Formosa.<\/p>\n\n\n\n<p>Solo restan&nbsp;<strong>Catamarca&nbsp;<\/strong>y&nbsp;<strong>Santa Cruz<\/strong>, que a\u00fan no oficializaron las fechas de sus elecciones.<\/p>\n\n\n\n<p>Hasta el momento, la competencia por la gobernaci\u00f3n de Chubut tiene como principales protagonistas al senador&nbsp;<strong>Ignacio Torres<\/strong>, que cuenta con el apoyo de Horacio Rodr\u00edguez Larreta y Patricia Bullrich, y al actual intendente de Comodoro Rivadavia,<strong>&nbsp;Juan Pablo Luque<\/strong>, por el Frente de Todos.<\/p>\n\n\n\n<p>Chubut elimin\u00f3, sobre fines del a\u00f1o pasado las primarias abiertas simult\u00e1neas y obligatorias (PASO), por lo que ahora cada fuerza pol\u00edtica deber\u00e1 determinar el m\u00e9todo de selecci\u00f3n de candidatos a trav\u00e9s de internas partidarias.<\/p>\n\n\n\n<p>Luque ser\u00e1 acompa\u00f1ado en la f\u00f3rmula por el actual vicegobernador y ex intendente de Puerto Madryn, Ricardo Sastre. Sastre ratific\u00f3 de esta forma el acuerdo pol\u00edtico concretado en el FdT chubutense, por el cual declina adem\u00e1s su postulaci\u00f3n como mandatario provincial en \u201cbeneficio de garantizar el triunfo electoral\u201d para la coalici\u00f3n.<\/p>\n\n\n\n<p>En tanto que Juntos por el Cambio (JxC), que viene de ganar la reciente elecci\u00f3n realizada en Trelew, no se anunci\u00f3 sobre la f\u00f3rmula que presentar\u00e1 para competir por la gobernaci\u00f3n. Aunque se descarta que el senador Torres encabezar\u00e1 el binomio.<\/p>\n\n\n\n<p>Fuente: Infobae<\/p>\n","protected":false},"excerpt":{"rendered":"<div class=\"mh-excerpt\"><p>El gobernador de Chubut,&nbsp;Mariano Arcioni, anunci\u00f3 a trav\u00e9s de las redes sociales que los comicios provinciales se realizar\u00e1n el pr\u00f3ximo&nbsp;30 de julio. Hasta ahora 18 distritos anunciaron que har\u00e1n las elecciones&nbsp;desdobladas de las nacionales. \u201cLa agenda de las y los chubutenses debe ser la prioridad y tener la atenci\u00f3n exclusiva de las y los candidatos\u201d, argument\u00f3 el mandatario provincial. La convocatoria electoral se formaliz\u00f3 por medio del Decreto 421, que se difundi\u00f3 cuando estaban cerca de expirar los plazos para convocar a los comicios, que deben anunciarse 90 d\u00edas antes. La convocatoria abarca a gobernador y vice, diputados provinciales, presidentes <a class=\"mh-excerpt-more\" href=\"http:\/\/dsrmedios.com.ar\/diario\/archivos\/32096\" title=\"El gobernador de Chubut anunci\u00f3 que tambi\u00e9n desdoblar\u00e1 las elecciones\">[Leer m\u00e1s]<\/a><\/p>\n<\/div>","protected":false},"author":6,"featured_media":32097,"comment_status":"open","ping_status":"closed","sticky":false,"template":"","format":"standard","meta":{"_jetpack_newsletter_access":""},"categories":[6],"tags":[],"jetpack_featured_media_url":"http:\/\/dsrmedios.com.ar\/diario\/wp-content\/uploads\/2023\/04\/UQCPETG4WNDLZDLDRQTXMFK5TI.jpg","jetpack_sharing_enabled":true,"jetpack_shortlink":"https:\/\/wp.me\/p9fihK-8lG","_links":{"self":[{"href":"http:\/\/dsrmedios.com.ar\/diario\/wp-json\/wp\/v2\/posts\/32096"}],"collection":[{"href":"http:\/\/dsrmedios.com.ar\/diario\/wp-json\/wp\/v2\/posts"}],"about":[{"href":"http:\/\/dsrmedios.com.ar\/diario\/wp-json\/wp\/v2\/types\/post"}],"author":[{"embeddable":true,"href":"http:\/\/dsrmedios.com.ar\/diario\/wp-json\/wp\/v2\/users\/6"}],"replies":[{"embeddable":true,"href":"http:\/\/dsrmedios.com.ar\/diario\/wp-json\/wp\/v2\/comments?post=32096"}],"version-history":[{"count":1,"href":"http:\/\/dsrmedios.com.ar\/diario\/wp-json\/wp\/v2\/posts\/32096\/revisions"}],"predecessor-version":[{"id":32098,"href":"http:\/\/dsrmedios.com.ar\/diario\/wp-json\/wp\/v2\/posts\/32096\/revisions\/32098"}],"wp:featuredmedia":[{"embeddable":true,"href":"http:\/\/dsrmedios.com.ar\/diario\/wp-json\/wp\/v2\/media\/32097"}],"wp:attachment":[{"href":"http:\/\/dsrmedios.com.ar\/diario\/wp-json\/wp\/v2\/media?parent=32096"}],"wp:term":[{"taxonomy":"category","embeddable":true,"href":"http:\/\/dsrmedios.com.ar\/diario\/wp-json\/wp\/v2\/categories?post=32096"},{"taxonomy":"post_tag","embeddable":true,"href":"http:\/\/dsrmedios.com.ar\/diario\/wp-json\/wp\/v2\/tags?post=32096"}],"curies":[{"name":"wp","href":"https:\/\/api.w.org\/{rel}","templated":true}]}}