{"id":32081,"date":"2023-04-28T09:27:06","date_gmt":"2023-04-28T12:27:06","guid":{"rendered":"http:\/\/dsrmedios.com.ar\/diario\/?p=32081"},"modified":"2023-04-28T09:27:10","modified_gmt":"2023-04-28T12:27:10","slug":"el-massismo-presento-programas-productivos-a-dirigentes-bonaerenses","status":"publish","type":"post","link":"http:\/\/dsrmedios.com.ar\/diario\/archivos\/32081","title":{"rendered":"El massismo present\u00f3 programas productivos a dirigentes bonaerenses"},"content":{"rendered":"\n<p>El secretario de Industria y Desarrollo Productivo de la Naci\u00f3n<strong>, Jos\u00e9 Ignacio de Mendiguren<\/strong>, y el diputado provincial del Frente Renovador,&nbsp;<strong>Alexis Guerrera,<\/strong>&nbsp;reunieron a m\u00e1s de 70 referentes de la cuarta secci\u00f3n de la provincia de Buenos Aires para&nbsp;<strong>difundir las herramientas de financiamiento, capacitaci\u00f3n y asistencia t\u00e9cnica que tiene el Estado nacional para impulsar el desarrollo de los sectores productivos estrat\u00e9gicos.<\/strong><\/p>\n\n\n\n<p>Del encuentro de trabajo participaron legisladores, concejales, consejeros escolares, funcionarios y diferentes integrantes de los equipos t\u00e9cnicos de cada distrito.<\/p>\n\n\n\n<p>Entre ellos participaron el senador provincial Juan Alberto Mart\u00ednez, la diputada bonaerense, Valeria Arata; concejales como Dar\u00edo Gol\u00eda (Chacabuco), Gustavo \u201cTavo\u201d Bruno (Chivilcoy), Jorge \u201cChapu\u201d Fern\u00e1ndez (Bragado), Marian Nu\u00f1ez (Carlos Casares), Bernardo Baccello (Lincoln) Esteban Naudin (Nueve de Julio) o funcionarios como Mateo Rossi (PAMI Pehuaj\u00f3) y Sebasti\u00e1n Malis (Director Nacional en el Ministerio de Transporte), entre otros.<\/p>\n\n\n\n<p>En ese marco, Mendiguren convoc\u00f3 a cada referente a identificar c\u00f3mo las herramientas aplican a los individuos, empresas y sectores productivos del territorio.<strong>&nbsp;\u201cTenemos herramientas para todo el ciclo de vida de la producci\u00f3n, desde un emprendimiento y una PyME hasta empresas medianas. Es importante unir las herramientas a medida con quienes las necesitan y para eso es fundamental el papel que cumplen ustedes, que son los que conocen a su gente\u201d<\/strong><strong><\/strong>, afirm\u00f3 el Secretario.<\/p>\n\n\n\n<p>\u201cA veces nos cuesta traducir los programas y llevarlos r\u00e1pido a quien los necesita: un bien de capital por ejemplo es un instrumento para producir algo: tenemos que ir a la persona que tiene vocaci\u00f3n de producir o emprender y darle el impulso que necesita para empezar o crecer\u201d, agreg\u00f3.<\/p>\n\n\n\n<p>Adem\u00e1s, el ex titular de la UIA destac\u00f3 que el rumbo desde el equipo econ\u00f3mico que encabeza el ministro Sergio Massa es&nbsp;<strong>\u201cel camino de orden fiscal, pero no a trav\u00e9s del achicamiento de la econom\u00eda sino preservando el salario y el empleo\u201d.<\/strong><\/p>\n\n\n\n<p>En este sentido, resalt\u00f3: \u201cJunto con las medidas de orden fiscal, afianzamos pol\u00edticas para promover e incentivar el crecimiento econ\u00f3mico, reduciendo el nivel de manufacturas importadas y afianzar la actividad industrial\u201d.<\/p>\n\n\n\n<p><strong>\u201cEntendemos que ante situaciones dif\u00edciles la respuesta es m\u00e1s pol\u00edticas de desarrollo y en este sentido pusimos a disposici\u00f3n a trav\u00e9s del programa Cr\u00e9dito Argentino 800 mil millones de pesos en cr\u00e9ditos para que las micro, peque\u00f1as, medianas y grandes empresas accedan al financiamiento, con inversi\u00f3n en tasas que permiten que la industria y la producci\u00f3n crezcan\u201d<\/strong>, asegur\u00f3 el secretario, y puntualiz\u00f3: \u201cGracias a todo esto registramos el crecimiento del empleo y mantuvimos el nivel de actividad\u201d.<\/p>\n\n\n\n<p>Por su parte, Alexis Guerrera destac\u00f3: \u201cEl noroeste bonaerense es uno de los motores productivos que tiene nuestro pa\u00eds y por eso necesita que las pol\u00edticas p\u00fablicas acompa\u00f1en su desarrollo. Queremos seguir federalizando las herramientas que el Estado nacional tiene a disposici\u00f3n de las y los emprendedores, el sector PyME y los parques industriales en los 19 distritos de la Cuarta Secci\u00f3n Electoral\u201d.<\/p>\n\n\n\n<p>&#8220;Como nos pide el ministro de Econom\u00eda, Sergio Massa, frente a la crisis, la \u00fanica salida posible es gestionar para que las industrias y empresas de cada municipio puedan aumentar su capacidad exportadora, sostener las fuentes de trabajo y mejorar la competitividad&#8221;, agreg\u00f3 el exministro de Transporte.<\/p>\n\n\n\n<h2>Programas productivos del Estado Nacional<\/h2>\n\n\n\n<p>Durante el encuentro los subsecretarios de PyME, Tom\u00e1s Canosa; de Industria, Priscila Makari; y de Desarrollo Emprendedor, Natalia Del Cogliano; repasaron los programas que tienen a cargo y los explicaron en detalle para que cada referente pueda llevarlos luego a sus territorios.<\/p>\n\n\n\n<p>En este sentido, se brindaron los detalles de los programas de apoyo a emprendimientos productivos y las herramientas de financiamiento de la Secretar\u00eda de Industria y Desarrollo Productivo como el programa Cr\u00e9dito Argentino, que se ampli\u00f3 a $800.000 millones para que las empresas puedan realizar inversiones productivas que potencien las exportaciones y promuevan el reemplazo eficiente de importaciones en cadenas de valor estrat\u00e9gicas.<\/p>\n\n\n\n<p>Fuente: Infocielo<\/p>\n","protected":false},"excerpt":{"rendered":"<div class=\"mh-excerpt\"><p>El secretario de Industria y Desarrollo Productivo de la Naci\u00f3n, Jos\u00e9 Ignacio de Mendiguren, y el diputado provincial del Frente Renovador,&nbsp;Alexis Guerrera,&nbsp;reunieron a m\u00e1s de 70 referentes de la cuarta secci\u00f3n de la provincia de Buenos Aires para&nbsp;difundir las herramientas de financiamiento, capacitaci\u00f3n y asistencia t\u00e9cnica que tiene el Estado nacional para impulsar el desarrollo de los sectores productivos estrat\u00e9gicos. Del encuentro de trabajo participaron legisladores, concejales, consejeros escolares, funcionarios y diferentes integrantes de los equipos t\u00e9cnicos de cada distrito. Entre ellos participaron el senador provincial Juan Alberto Mart\u00ednez, la diputada bonaerense, Valeria Arata; concejales como Dar\u00edo Gol\u00eda (Chacabuco), Gustavo <a class=\"mh-excerpt-more\" href=\"http:\/\/dsrmedios.com.ar\/diario\/archivos\/32081\" title=\"El massismo present\u00f3 programas productivos a dirigentes bonaerenses\">[Leer m\u00e1s]<\/a><\/p>\n<\/div>","protected":false},"author":6,"featured_media":32082,"comment_status":"open","ping_status":"closed","sticky":false,"template":"","format":"standard","meta":{"_jetpack_newsletter_access":""},"categories":[6],"tags":[],"jetpack_featured_media_url":"http:\/\/dsrmedios.com.ar\/diario\/wp-content\/uploads\/2023\/04\/demendigurenjpg.webp","jetpack_sharing_enabled":true,"jetpack_shortlink":"https:\/\/wp.me\/p9fihK-8lr","_links":{"self":[{"href":"http:\/\/dsrmedios.com.ar\/diario\/wp-json\/wp\/v2\/posts\/32081"}],"collection":[{"href":"http:\/\/dsrmedios.com.ar\/diario\/wp-json\/wp\/v2\/posts"}],"about":[{"href":"http:\/\/dsrmedios.com.ar\/diario\/wp-json\/wp\/v2\/types\/post"}],"author":[{"embeddable":true,"href":"http:\/\/dsrmedios.com.ar\/diario\/wp-json\/wp\/v2\/users\/6"}],"replies":[{"embeddable":true,"href":"http:\/\/dsrmedios.com.ar\/diario\/wp-json\/wp\/v2\/comments?post=32081"}],"version-history":[{"count":1,"href":"http:\/\/dsrmedios.com.ar\/diario\/wp-json\/wp\/v2\/posts\/32081\/revisions"}],"predecessor-version":[{"id":32083,"href":"http:\/\/dsrmedios.com.ar\/diario\/wp-json\/wp\/v2\/posts\/32081\/revisions\/32083"}],"wp:featuredmedia":[{"embeddable":true,"href":"http:\/\/dsrmedios.com.ar\/diario\/wp-json\/wp\/v2\/media\/32082"}],"wp:attachment":[{"href":"http:\/\/dsrmedios.com.ar\/diario\/wp-json\/wp\/v2\/media?parent=32081"}],"wp:term":[{"taxonomy":"category","embeddable":true,"href":"http:\/\/dsrmedios.com.ar\/diario\/wp-json\/wp\/v2\/categories?post=32081"},{"taxonomy":"post_tag","embeddable":true,"href":"http:\/\/dsrmedios.com.ar\/diario\/wp-json\/wp\/v2\/tags?post=32081"}],"curies":[{"name":"wp","href":"https:\/\/api.w.org\/{rel}","templated":true}]}}