{"id":32052,"date":"2023-04-28T07:36:52","date_gmt":"2023-04-28T10:36:52","guid":{"rendered":"http:\/\/dsrmedios.com.ar\/diario\/?p=32052"},"modified":"2023-04-28T07:36:54","modified_gmt":"2023-04-28T10:36:54","slug":"antes-del-discurso-de-cfk-hablo-macri-no-habra-mas-anos-de-kirchnerismo","status":"publish","type":"post","link":"http:\/\/dsrmedios.com.ar\/diario\/archivos\/32052","title":{"rendered":"Antes del discurso de CFK, habl\u00f3 Macri: &#8220;No habr\u00e1 m\u00e1s a\u00f1os de kirchnerismo&#8221;"},"content":{"rendered":"\n<p><strong>Mauricio Macri&nbsp;<\/strong>quiso opacar la centralidad pol\u00edtica de Cristina Kirchner y public\u00f3 una carta a minutos de su charla magistral que servir\u00e1 para presentar la<a href=\"https:\/\/infocielo.com\/cristina-kirchner\/en-vivo-cristina-kirchner-habla-el-teatro-argentino-la-plata-n761479\" target=\"_blank\" rel=\"noreferrer noopener\"><strong>&nbsp;&#8220;Escuela Justicialista N\u00e9stor Kirchner&#8221;,<\/strong><\/a>&nbsp;a 20 a\u00f1os del triunfo del expresidente santacruce\u00f1o.<\/p>\n\n\n\n<p>A trav\u00e9s de una carta denominada\u00a0<strong>\u201c20 a\u00f1os de una oportunidad desaprovechada\u201d<\/strong>\u00a0pronostic\u00f3 el fin de ciclo pol\u00edtico kirchnerista: \u201c<strong>El lado positivo de todo esto es que estos 20 a\u00f1os se est\u00e1n terminando. No habr\u00e1 m\u00e1s a\u00f1os de kirchnerismo, m\u00e1s all\u00e1 de lo que diga el resultado electoral. El dominio del kirchnerismo sobre el peronismo y sobre la pol\u00edtica argentina se terminan en 2023\u201d\u00a0<\/strong>asegur\u00f3.<\/p>\n\n\n\n<p>El fundador del PRO hizo un repaso sobre las dos \u00faltimas d\u00e9cadas de la Argentina desde aquellas elecciones en abril de 2003: \u201cTuvimos una oportunidad enorme. Pero la desperdiciamos. Hab\u00edamos logrado salir de la peor crisis de nuestra historia y empez\u00e1bamos, despu\u00e9s de mucho dolor, a recuperarnos. Era un pa\u00eds empobrecido y sacudido, pero tambi\u00e9n con baja inflaci\u00f3n, un tipo de cambio razonable, las cuentas p\u00fablicas en orden (\u00a1con super\u00e1vit!), energ\u00eda abundante e infraestructura reciente\u201d describi\u00f3.<\/p>\n\n\n\n<p>Sobre aquel contexto hist\u00f3rico, record\u00f3 que \u201cla ciudadan\u00eda estaba reclamando una renovaci\u00f3n de la cultura pol\u00edtica\u201d luego del \u201cque se vayan todos\u201d a partir de valores como la \u201chonestidad, m\u00e1s transparencia y una intenci\u00f3n m\u00e1s clara de trabajar para solucionarle los problemas\u201d consider\u00f3.<\/p>\n\n\n\n<p><strong>\u201cTen\u00edamos todo para crecer sin los vicios que nos hab\u00edan perseguido durante d\u00e9cadas. Nos hab\u00eda costado m\u00e1s sufrimiento del necesario, pero finalmente parec\u00edamos listos para crecer, con una democracia y una econom\u00eda fuertes y s\u00f3lidas\u201d<\/strong>&nbsp;sigui\u00f3 Mauricio Macri.<\/p>\n\n\n\n<h2>\u201cA medida que se empezaron a quedar sin resultados, creci\u00f3 el relato\u201d<\/h2>\n\n\n\n<p>Seg\u00fan Mauricio Macri, con la victoria de N\u00e9stor Kirchner hizo que \u201ctoda esa promesa qued\u00f3 en nada\u201d.<\/p>\n\n\n\n<p>Aunque reconoci\u00f3 que la econom\u00eda creci\u00f3 durante unos a\u00f1os la econom\u00eda \u201cvolvimos a tener inflaci\u00f3n cr\u00f3nica, un capitalismo para amigos con mucha corrupci\u00f3n, una econom\u00eda cada vez m\u00e1s cerrada y cada vez menos energ\u00eda y menos inversi\u00f3n. Tiramos a la basura la oportunidad inicial\u201d dijo.<\/p>\n\n\n\n<p>En lo pol\u00edtico, el l\u00edder del PRO opin\u00f3 que \u201c<strong>la victoria de Kirchner dio inicio a un estilo de gobierno que se fue haciendo cada vez m\u00e1s intolerante y manipulador, el origen de lo que despu\u00e9s se llam\u00f3 la grieta\u201d.<\/strong><\/p>\n\n\n\n<p>\u201cA medida que se empezaron a quedar sin resultados, creci\u00f3 el relato como \u00fanico producto posible. Crearon una atm\u00f3sfera pol\u00edtica irrespirable, en la que el di\u00e1logo y la cooperaci\u00f3n se hicieron imposibles\u201d afirm\u00f3.<\/p>\n\n\n\n<p>En ese marco, consider\u00f3 que su paso por el gobierno nacional entre 2015-19 \u201cintentamos cambiar pero s\u00f3lo lo logramos a medias\u201d y no dud\u00f3 en englobar a las \u00faltimas dos d\u00e9cadas como una etapa desaprovechada.<\/p>\n\n\n\n<p>Finalmente, Mauricio Macri afirm\u00f3 que ahora<strong>\u00a0\u201cse abre una nueva oportunidad, parecida a la de 2003, para cambiar de r\u00e9gimen econ\u00f3mico y poner bases firmes para un crecimiento de 20 a\u00f1os. Estoy seguro de que esta vez no la vamos a desaprovechar\u201d\u00a0<\/strong>cerr\u00f3.<\/p>\n\n\n\n<p>Fuente: Infocielo<\/p>\n","protected":false},"excerpt":{"rendered":"<div class=\"mh-excerpt\"><p>Mauricio Macri&nbsp;quiso opacar la centralidad pol\u00edtica de Cristina Kirchner y public\u00f3 una carta a minutos de su charla magistral que servir\u00e1 para presentar la&nbsp;&#8220;Escuela Justicialista N\u00e9stor Kirchner&#8221;,&nbsp;a 20 a\u00f1os del triunfo del expresidente santacruce\u00f1o. A trav\u00e9s de una carta denominada\u00a0\u201c20 a\u00f1os de una oportunidad desaprovechada\u201d\u00a0pronostic\u00f3 el fin de ciclo pol\u00edtico kirchnerista: \u201cEl lado positivo de todo esto es que estos 20 a\u00f1os se est\u00e1n terminando. No habr\u00e1 m\u00e1s a\u00f1os de kirchnerismo, m\u00e1s all\u00e1 de lo que diga el resultado electoral. El dominio del kirchnerismo sobre el peronismo y sobre la pol\u00edtica argentina se terminan en 2023\u201d\u00a0asegur\u00f3. El fundador del PRO <a class=\"mh-excerpt-more\" href=\"http:\/\/dsrmedios.com.ar\/diario\/archivos\/32052\" title=\"Antes del discurso de CFK, habl\u00f3 Macri: &#8220;No habr\u00e1 m\u00e1s a\u00f1os de kirchnerismo&#8221;\">[Leer m\u00e1s]<\/a><\/p>\n<\/div>","protected":false},"author":6,"featured_media":32053,"comment_status":"open","ping_status":"closed","sticky":false,"template":"","format":"standard","meta":{"_jetpack_newsletter_access":""},"categories":[6],"tags":[],"jetpack_featured_media_url":"http:\/\/dsrmedios.com.ar\/diario\/wp-content\/uploads\/2023\/04\/descarga-70.jpg","jetpack_sharing_enabled":true,"jetpack_shortlink":"https:\/\/wp.me\/p9fihK-8kY","_links":{"self":[{"href":"http:\/\/dsrmedios.com.ar\/diario\/wp-json\/wp\/v2\/posts\/32052"}],"collection":[{"href":"http:\/\/dsrmedios.com.ar\/diario\/wp-json\/wp\/v2\/posts"}],"about":[{"href":"http:\/\/dsrmedios.com.ar\/diario\/wp-json\/wp\/v2\/types\/post"}],"author":[{"embeddable":true,"href":"http:\/\/dsrmedios.com.ar\/diario\/wp-json\/wp\/v2\/users\/6"}],"replies":[{"embeddable":true,"href":"http:\/\/dsrmedios.com.ar\/diario\/wp-json\/wp\/v2\/comments?post=32052"}],"version-history":[{"count":1,"href":"http:\/\/dsrmedios.com.ar\/diario\/wp-json\/wp\/v2\/posts\/32052\/revisions"}],"predecessor-version":[{"id":32054,"href":"http:\/\/dsrmedios.com.ar\/diario\/wp-json\/wp\/v2\/posts\/32052\/revisions\/32054"}],"wp:featuredmedia":[{"embeddable":true,"href":"http:\/\/dsrmedios.com.ar\/diario\/wp-json\/wp\/v2\/media\/32053"}],"wp:attachment":[{"href":"http:\/\/dsrmedios.com.ar\/diario\/wp-json\/wp\/v2\/media?parent=32052"}],"wp:term":[{"taxonomy":"category","embeddable":true,"href":"http:\/\/dsrmedios.com.ar\/diario\/wp-json\/wp\/v2\/categories?post=32052"},{"taxonomy":"post_tag","embeddable":true,"href":"http:\/\/dsrmedios.com.ar\/diario\/wp-json\/wp\/v2\/tags?post=32052"}],"curies":[{"name":"wp","href":"https:\/\/api.w.org\/{rel}","templated":true}]}}