{"id":32043,"date":"2023-04-28T07:28:53","date_gmt":"2023-04-28T10:28:53","guid":{"rendered":"http:\/\/dsrmedios.com.ar\/diario\/?p=32043"},"modified":"2023-04-28T07:28:57","modified_gmt":"2023-04-28T10:28:57","slug":"diego-santilli-tambien-celebro-la-incorporacion-de-jose-luis-espert-a-jxc","status":"publish","type":"post","link":"http:\/\/dsrmedios.com.ar\/diario\/archivos\/32043","title":{"rendered":"Diego Santilli tambi\u00e9n celebr\u00f3 la incorporaci\u00f3n de Jos\u00e9 Luis Espert a JxC"},"content":{"rendered":"\n<p>El actual diputado nacional por la provincia de Buenos Aires de Avanza Libertad,&nbsp;<strong>Jos\u00e9 Luis Espert<\/strong>, est\u00e1 siendo recibido en Juntos por el Cambio con bombos y platillos. Ya se manifestaron a favor de sumarlo a la coalici\u00f3n&nbsp;<a href=\"https:\/\/infocielo.com\/jose-luis-espert\/la-ucr-dio-el-visto-bueno-jose-luis-espert-dentro-juntos-n761381\" target=\"_blank\" rel=\"noreferrer noopener\">desde la Uni\u00f3n C\u00edvica Radical<\/a>&nbsp;y de&nbsp;<a href=\"https:\/\/infocielo.com\/jose-luis-espert\/el-partido-lilita-carrio-le-abrio-la-puerta-jose-luis-espert-n761352\" target=\"_blank\" rel=\"noreferrer noopener\">la Coalici\u00f3n C\u00edvica<\/a>. \u00bfQu\u00e9 piensan en el PRO?<\/p>\n\n\n\n<p>El precandidato a gobernador bonaerense por el partido amarillo\u00a0<strong>Diego Santilli<\/strong>\u00a0coincidi\u00f3 con las fuerzas aliadas. &#8220;Desde el 2021 sostengo que es clave ampliar nuestro espacio y\u00a0<a rel=\"noreferrer noopener\" href=\"https:\/\/infocielo.com\/diego-santilli\/diego-santilli-inicio-su-campana-guino-jose-luis-espert-n756462\" target=\"_blank\">siempre quise que Espert compita dentro de nuestra PASO<\/a>\u00a0porque le hubi\u00e9ramos ganado por m\u00e1s distancia al peronismo unido&#8221;, declar\u00f3 anoche en\u00a0<a rel=\"noreferrer noopener\" href=\"https:\/\/infocielo.com\/pichetto\/con-una-particular-lista-invitados-pichetto-lanzo-su-precandidatura-presidencial-n761404\" target=\"_blank\">el lanzamiento de\u00a0<strong>Miguel \u00c1ngel Pichetto<\/strong><\/a>.<\/p>\n\n\n\n<p>&#8220;Para encarar las transformaciones que necesita nuestro pa\u00eds y la provincia de Buenos Aires es vital tener una base de sustentaci\u00f3n pol\u00edtica m\u00e1s amplia y representativa&#8221;, argument\u00f3 el legislador nacional. Santilli, adem\u00e1s, dijo tener un &#8220;n\u00facleo de coincidencias muy importante&#8221; con Espert que facilitan su integraci\u00f3n a la alianza.<\/p>\n\n\n\n<figure class=\"wp-block-image\"><img decoding=\"async\" src=\"https:\/\/media.infocielo.com\/p\/e7fbb23ea0cf0e50664f33171f59b432\/adjuntos\/299\/imagenes\/001\/537\/0001537682\/887x0\/smart\/espertjpg.jpg\" alt=\"El economista de La Libertad Avanza Jos\u00e9 Luis Espert competir\u00eda en las PASO de JxC.\"\/><\/figure>\n\n\n\n<p>El economista de La Libertad Avanza Jos\u00e9 Luis Espert competir\u00eda en las PASO de JxC.<\/p>\n\n\n\n<p>&#8220;Con Espert comparto la visi\u00f3n estrat\u00e9gica de integraci\u00f3n de la Argentina al mundo, mejorar nuestra competitividad para aumentar las exportaciones, y soy un ferviente defensor de las libertades individuales, del respeto a la Constituci\u00f3n y las instituciones&#8221;, afirm\u00f3 el dirigente.<\/p>\n\n\n\n<h2>El pedido de Espert<\/h2>\n\n\n\n<p>El economista oriundo de Pergamino viene proponiendo, al menos desde 2021, crear un gran frente opositor que compita en las elecciones primarias para despu\u00e9s enfrentar en las generales al Frente de Todos. Sin embargo, esta vez formaliz\u00f3 su propuesta a trav\u00e9s de una carta que le envi\u00f3 a las autoridades de Juntos por el Cambio.<\/p>\n\n\n\n<p>En el escrito, Espert puso dos condiciones: competir abiertamente en las PASO por todos los cargos electivos y rebautizar al espacio como &#8220;Juntos por el Cambio y la Libertad&#8221;.<\/p>\n\n\n\n<p>Hasta el momento, no hubo rechazos ni oposici\u00f3n alguna a la posibilidad de sumar a Avanza Libertad al espacio creado por\u00a0<strong>Elisa Carri\u00f3<\/strong>,\u00a0<strong>Ernesto Sanz<\/strong>\u00a0y\u00a0<strong>Mauricio Macri<\/strong>. Solo restan formalidades para concretarlo.<\/p>\n\n\n\n<p>Fuente: infocielo<\/p>\n","protected":false},"excerpt":{"rendered":"<div class=\"mh-excerpt\"><p>El actual diputado nacional por la provincia de Buenos Aires de Avanza Libertad,&nbsp;Jos\u00e9 Luis Espert, est\u00e1 siendo recibido en Juntos por el Cambio con bombos y platillos. Ya se manifestaron a favor de sumarlo a la coalici\u00f3n&nbsp;desde la Uni\u00f3n C\u00edvica Radical&nbsp;y de&nbsp;la Coalici\u00f3n C\u00edvica. \u00bfQu\u00e9 piensan en el PRO? El precandidato a gobernador bonaerense por el partido amarillo\u00a0Diego Santilli\u00a0coincidi\u00f3 con las fuerzas aliadas. &#8220;Desde el 2021 sostengo que es clave ampliar nuestro espacio y\u00a0siempre quise que Espert compita dentro de nuestra PASO\u00a0porque le hubi\u00e9ramos ganado por m\u00e1s distancia al peronismo unido&#8221;, declar\u00f3 anoche en\u00a0el lanzamiento de\u00a0Miguel \u00c1ngel Pichetto. &#8220;Para encarar <a class=\"mh-excerpt-more\" href=\"http:\/\/dsrmedios.com.ar\/diario\/archivos\/32043\" title=\"Diego Santilli tambi\u00e9n celebr\u00f3 la incorporaci\u00f3n de Jos\u00e9 Luis Espert a JxC\">[Leer m\u00e1s]<\/a><\/p>\n<\/div>","protected":false},"author":6,"featured_media":32044,"comment_status":"open","ping_status":"closed","sticky":false,"template":"","format":"standard","meta":{"_jetpack_newsletter_access":""},"categories":[6],"tags":[],"jetpack_featured_media_url":"http:\/\/dsrmedios.com.ar\/diario\/wp-content\/uploads\/2023\/04\/descarga-69.jpg","jetpack_sharing_enabled":true,"jetpack_shortlink":"https:\/\/wp.me\/p9fihK-8kP","_links":{"self":[{"href":"http:\/\/dsrmedios.com.ar\/diario\/wp-json\/wp\/v2\/posts\/32043"}],"collection":[{"href":"http:\/\/dsrmedios.com.ar\/diario\/wp-json\/wp\/v2\/posts"}],"about":[{"href":"http:\/\/dsrmedios.com.ar\/diario\/wp-json\/wp\/v2\/types\/post"}],"author":[{"embeddable":true,"href":"http:\/\/dsrmedios.com.ar\/diario\/wp-json\/wp\/v2\/users\/6"}],"replies":[{"embeddable":true,"href":"http:\/\/dsrmedios.com.ar\/diario\/wp-json\/wp\/v2\/comments?post=32043"}],"version-history":[{"count":1,"href":"http:\/\/dsrmedios.com.ar\/diario\/wp-json\/wp\/v2\/posts\/32043\/revisions"}],"predecessor-version":[{"id":32045,"href":"http:\/\/dsrmedios.com.ar\/diario\/wp-json\/wp\/v2\/posts\/32043\/revisions\/32045"}],"wp:featuredmedia":[{"embeddable":true,"href":"http:\/\/dsrmedios.com.ar\/diario\/wp-json\/wp\/v2\/media\/32044"}],"wp:attachment":[{"href":"http:\/\/dsrmedios.com.ar\/diario\/wp-json\/wp\/v2\/media?parent=32043"}],"wp:term":[{"taxonomy":"category","embeddable":true,"href":"http:\/\/dsrmedios.com.ar\/diario\/wp-json\/wp\/v2\/categories?post=32043"},{"taxonomy":"post_tag","embeddable":true,"href":"http:\/\/dsrmedios.com.ar\/diario\/wp-json\/wp\/v2\/tags?post=32043"}],"curies":[{"name":"wp","href":"https:\/\/api.w.org\/{rel}","templated":true}]}}