{"id":32040,"date":"2023-04-28T07:26:45","date_gmt":"2023-04-28T10:26:45","guid":{"rendered":"http:\/\/dsrmedios.com.ar\/diario\/?p=32040"},"modified":"2023-04-28T07:26:48","modified_gmt":"2023-04-28T10:26:48","slug":"los-principales-dirigentes-del-pro-se-reunen-para-calmar-las-aguas","status":"publish","type":"post","link":"http:\/\/dsrmedios.com.ar\/diario\/archivos\/32040","title":{"rendered":"Los principales dirigentes del PRO se re\u00fanen para calmar las aguas"},"content":{"rendered":"\n<p>A menos de dos meses del cierre de listas, los principales referentes del&nbsp;<strong>PRO<\/strong>&nbsp;se re\u00fanen en San Isidro. Seg\u00fan explicaron fuentes partidarias, el objetivo es analizar la &#8220;extremadamente preocupante&#8221; actualidad econ\u00f3mica del pa\u00eds. Sin embargo, el partido amarillo fundado por&nbsp;<strong>Mauricio Macri&nbsp;<\/strong>tiene muchas cuestiones internas que resolver.<\/p>\n\n\n\n<p>Luego de semanas complejas, el expresidente de la Naci\u00f3n, el jefe de Gobierno porte\u00f1o,\u00a0<strong>Horacio Rodr\u00edguez Larreta<\/strong>, la presidenta del partido (en uso de licencia),\u00a0<strong>Patricia Bullrich<\/strong>, y la diputada nacional porte\u00f1a,\u00a0<strong>Mar\u00eda Eugenia Vidal<\/strong>, volver\u00e1n a verse las caras. El c\u00f3nclave est\u00e1 previsto para las 8 de la ma\u00f1ana y se desconoce cu\u00e1nto puede llegar a durar.<\/p>\n\n\n\n<p>Adem\u00e1s de la plana mayor del PRO, se espera la participaci\u00f3n de&nbsp;<strong>Cristian Ritondo<\/strong>&nbsp;y&nbsp;<strong>Diego Santilli<\/strong>, aspirantes a la gobernaci\u00f3n bonaerense, y de&nbsp;<strong>Federico Angelini<\/strong>&nbsp;como sucesor interino de Bullrich en la estructura partidaria.<\/p>\n\n\n\n<figure class=\"wp-block-image\"><img decoding=\"async\" src=\"https:\/\/media.infocielo.com\/p\/fdfa4246fa37a0c0da274a6203da2ae0\/adjuntos\/299\/imagenes\/001\/615\/0001615659\/887x0\/smart\/con-la-interna-al-rojo-vivo-candidatos-pro-se-veran-la-sra.jpg\" alt=\"Con la interna al rojo vivo, candidatos PRO se volver&aacute;n a ver las caras\"\/><\/figure>\n\n\n\n<p>Con la interna al rojo vivo, candidatos PRO se volver\u00e1n a ver las caras<\/p>\n\n\n\n<h2>Las discusiones internas pendientes<\/h2>\n\n\n\n<p>En la antesala de las elecciones PASO, la dirigencia de Propuesta Republicana tiene muchos candidatos para pocos puestos en las principales jurisdicciones. La pelea ilustrada como halcones contra palomas debe saldarse cuanto antes.<\/p>\n\n\n\n<p>A nivel nacional, Rodr\u00edguez Larreta y Bullrich pretenden ser precandidatos a presidente. En la provincia de Buenos Aires est\u00e1n anotados (<a rel=\"noreferrer noopener\" href=\"https:\/\/infocielo.com\/pro-bonaerense\/el-pro-bonaerense-volvio-reunir-sus-pre-candidatos-n761195\" target=\"_blank\">de m\u00ednima<\/a>) Ritondo y Santilli. Y en su hist\u00f3rico basti\u00f3n, la Ciudad de Buenos Aires, est\u00e1n\u00a0<strong>Jorge Macri<\/strong>,\u00a0<strong>Mart\u00edn Lousteau<\/strong>,<strong>\u00a0Soledad Acu\u00f1a\u00a0<\/strong>y<strong>\u00a0Fern\u00e1n Quir\u00f3s<\/strong>.<\/p>\n\n\n\n<p>M\u00e1s all\u00e1 de esto, que es el principal conflicto interno del PRO, los amarillos buscan terminar la semana con una foto de unidad. Es que, seg\u00fan deslizaron fuentes partidarias, ante &#8220;distintos c\u00f3mo, hay acuerdos en un mismo qu\u00e9&#8221;.<\/p>\n\n\n\n<p>Por otro lado, el PRO podr\u00e1 aprovechar para debatir la\u00a0<a rel=\"noreferrer noopener\" href=\"https:\/\/infocielo.com\/jose-luis-espert\/jose-luis-espert-busca-aliarse-jxc-ir-unas-paso-hay-conversaciones-n759139\" target=\"_blank\">posible incorporaci\u00f3n de<strong>\u00a0Jos\u00e9 Luis Espert<\/strong>\u00a0a Juntos por el Cambio<\/a>. Hasta ahora, las otras fuerzas que conforman la coalici\u00f3n se mostraron de acuerdo y\u00a0<a rel=\"noreferrer noopener\" href=\"https:\/\/infocielo.com\/jose-luis-espert\/diego-santilli-tambien-celebro-la-incorporacion-jose-luis-espert-jxc-n761412\" target=\"_blank\">tambi\u00e9n lo hizo el propio Santilli a t\u00edtulo personal<\/a>, pero no hubo una respuesta institucional.<\/p>\n\n\n\n<p>Fuente: Infocielo<\/p>\n","protected":false},"excerpt":{"rendered":"<div class=\"mh-excerpt\"><p>A menos de dos meses del cierre de listas, los principales referentes del&nbsp;PRO&nbsp;se re\u00fanen en San Isidro. Seg\u00fan explicaron fuentes partidarias, el objetivo es analizar la &#8220;extremadamente preocupante&#8221; actualidad econ\u00f3mica del pa\u00eds. Sin embargo, el partido amarillo fundado por&nbsp;Mauricio Macri&nbsp;tiene muchas cuestiones internas que resolver. Luego de semanas complejas, el expresidente de la Naci\u00f3n, el jefe de Gobierno porte\u00f1o,\u00a0Horacio Rodr\u00edguez Larreta, la presidenta del partido (en uso de licencia),\u00a0Patricia Bullrich, y la diputada nacional porte\u00f1a,\u00a0Mar\u00eda Eugenia Vidal, volver\u00e1n a verse las caras. El c\u00f3nclave est\u00e1 previsto para las 8 de la ma\u00f1ana y se desconoce cu\u00e1nto puede llegar a durar. <a class=\"mh-excerpt-more\" href=\"http:\/\/dsrmedios.com.ar\/diario\/archivos\/32040\" title=\"Los principales dirigentes del PRO se re\u00fanen para calmar las aguas\">[Leer m\u00e1s]<\/a><\/p>\n<\/div>","protected":false},"author":6,"featured_media":32041,"comment_status":"open","ping_status":"closed","sticky":false,"template":"","format":"standard","meta":{"_jetpack_newsletter_access":""},"categories":[6],"tags":[],"jetpack_featured_media_url":"http:\/\/dsrmedios.com.ar\/diario\/wp-content\/uploads\/2023\/04\/elisa-carrio-y-mauricio-macrijpg.webp","jetpack_sharing_enabled":true,"jetpack_shortlink":"https:\/\/wp.me\/p9fihK-8kM","_links":{"self":[{"href":"http:\/\/dsrmedios.com.ar\/diario\/wp-json\/wp\/v2\/posts\/32040"}],"collection":[{"href":"http:\/\/dsrmedios.com.ar\/diario\/wp-json\/wp\/v2\/posts"}],"about":[{"href":"http:\/\/dsrmedios.com.ar\/diario\/wp-json\/wp\/v2\/types\/post"}],"author":[{"embeddable":true,"href":"http:\/\/dsrmedios.com.ar\/diario\/wp-json\/wp\/v2\/users\/6"}],"replies":[{"embeddable":true,"href":"http:\/\/dsrmedios.com.ar\/diario\/wp-json\/wp\/v2\/comments?post=32040"}],"version-history":[{"count":1,"href":"http:\/\/dsrmedios.com.ar\/diario\/wp-json\/wp\/v2\/posts\/32040\/revisions"}],"predecessor-version":[{"id":32042,"href":"http:\/\/dsrmedios.com.ar\/diario\/wp-json\/wp\/v2\/posts\/32040\/revisions\/32042"}],"wp:featuredmedia":[{"embeddable":true,"href":"http:\/\/dsrmedios.com.ar\/diario\/wp-json\/wp\/v2\/media\/32041"}],"wp:attachment":[{"href":"http:\/\/dsrmedios.com.ar\/diario\/wp-json\/wp\/v2\/media?parent=32040"}],"wp:term":[{"taxonomy":"category","embeddable":true,"href":"http:\/\/dsrmedios.com.ar\/diario\/wp-json\/wp\/v2\/categories?post=32040"},{"taxonomy":"post_tag","embeddable":true,"href":"http:\/\/dsrmedios.com.ar\/diario\/wp-json\/wp\/v2\/tags?post=32040"}],"curies":[{"name":"wp","href":"https:\/\/api.w.org\/{rel}","templated":true}]}}