{"id":32033,"date":"2023-04-28T07:16:08","date_gmt":"2023-04-28T10:16:08","guid":{"rendered":"http:\/\/dsrmedios.com.ar\/diario\/?p=32033"},"modified":"2023-04-28T07:16:11","modified_gmt":"2023-04-28T10:16:11","slug":"suba-de-tasas-cual-sera-el-nuevo-costo-para-financiar-con-la-tarjeta-de-credito-y-tomar-prestamos-para-pymes","status":"publish","type":"post","link":"http:\/\/dsrmedios.com.ar\/diario\/archivos\/32033","title":{"rendered":"Suba de tasas: cu\u00e1l ser\u00e1 el nuevo costo para financiar con la tarjeta de cr\u00e9dito y tomar pr\u00e9stamos para pymes"},"content":{"rendered":"\n<p>La nueva suba de tasas de inter\u00e9s dispuesta ayer por el Banco Central har\u00e1 subir el costo del cr\u00e9dito, en particular en aquellas financiaciones en las que la autoridad monetaria establece una tasa fija. La decisi\u00f3n se suma a lo dispuesto por el BCRA una semana atr\u00e1s, cuando el jueves 20 llev\u00f3 la tasa de referencia de 78% a 81%. Ayer, para enfrentar la corrida cambiaria, la subi\u00f3 otros diez puntos porcentuales y la dej\u00f3 en 91%.<\/p>\n\n\n\n<p>Junto con el aumento del rendimiento de los dep\u00f3sitos, el Banco Central tambi\u00e9n dispuso&nbsp;<strong>el encarecimiento del costo para refinanciar los saldos del resumen de la tarjeta de cr\u00e9dito<\/strong>. La semana pasada hab\u00eda decidido que \u201ccon vigencia a partir del ciclo de facturaci\u00f3n correspondiente a mayo de 2023\u201d, quienes abonen el pago m\u00ednimo de la tarjeta deber\u00e1n pagar un inter\u00e9s compensatorio del 80%.<\/p>\n\n\n\n<p>Ayer, el BCRA volvi\u00f3 a incrementar esa tasa y<strong>\u00a0la llev\u00f3 al 88% a partir de junio<\/strong>. La norma correspondiente se\u00f1al\u00f3 que dispuso \u201cReemplazar, con vigencia a partir del ciclo de facturaci\u00f3n correspondiente a junio de 2023, por 88% nominal anual el l\u00edmite al inter\u00e9s compensatorio para financiaciones vinculadas a tarjetas de cr\u00e9dito que pueden aplicar las entidades financieras\u201d. Los bancos y otras entidades financieras deber\u00e1n \u201cnotificar tal l\u00edmite a los tarjetahabientes de manera previa a su aplicaci\u00f3n\u201d.<\/p>\n\n\n\n<p>Un punto importante sobre las tasas mencionadas es que rigen para aquellas<strong>&nbsp;deudas que no superen los 200.000 pesos<\/strong>. Cuando el monto a financiar sea superior a ese importe, se aplicar\u00e1 la regla general para el financiamiento con tarjeta: cada banco cobrar\u00e1 una tasa que no podr\u00e1 superar en un 25% a la tasa que cobra por pr\u00e9stamos personales. Es decir que si un banco cobra un 100% de tasa por un cr\u00e9dito personal, no podr\u00e1 exigir m\u00e1s de 125% para refinanciar con la tarjeta de cr\u00e9dito.<\/p>\n\n\n\n<p>El alza de la inflaci\u00f3n est\u00e1 llevando a muchos consumidores a utilizar con m\u00e1s frecuencia la tarjeta de cr\u00e9dito. Con una inflaci\u00f3n superior al 7% mensual y tratando de \u201ccalzar\u201d las compras luego de la fecha de cierre, demorar casi un mes el pago de una compra cuantiosa pone a la tarjeta de cr\u00e9dito en ventaja sobre el pago en efectivo o con tarjeta de d\u00e9bito, sobre todo si ese dinero rinde alg\u00fan inter\u00e9s en la cuenta. Ese uso m\u00e1s intensivo de la tarjeta de cr\u00e9dito suele hacerse conveniente pagando el resumen completo y evitando afrontar la tasa de refinanciamiento que ayer subi\u00f3 por segunda vez en la semana.<\/p>\n\n\n\n<h2>Cr\u00e9ditos para pymes<\/h2>\n\n\n\n<p>La suba de ayer tambi\u00e9n trajo un encarecimiento del costo del cr\u00e9dito para la peque\u00f1as y medianas empresas en las l\u00edneas subsidiadas. El BCRA obliga a las entidades financieras a destinar el 7,5% de los dep\u00f3sitos privados a la \u201c<strong>L\u00ednea de financiamiento para la inversi\u00f3n productiva de MiPyME<\/strong>\u201d a tasas determinadas y a un plazo no inferior a 24 meses.<\/p>\n\n\n\n<p>En el caso de los pr\u00e9stamos para financiar proyectos de inversi\u00f3n, a partir de hoy el inter\u00e9s&nbsp;<strong>subir\u00e1 del 67,50% al 74,50%<\/strong>&nbsp;nominal anual. En el caso del los cr\u00e9ditos destinados al financiamiento de capital de trabajo, el segundo destino disponible de esta l\u00ednea, la tasa subi\u00f3 del 77,50% al 86,50% nominal anual.<\/p>\n\n\n\n<p>Al ritmo de la suba de la inflaci\u00f3n y de la tensi\u00f3n cambiaria de la semana pasada, la suba de tasas abarc\u00f3 no solo a los pr\u00e9stamos sino tambi\u00e9n a los dep\u00f3sitos. A partir de hoy,&nbsp;<strong>los plazos fijos ofrecer\u00e1n un rendimiento del 91%<\/strong>&nbsp;nominal anual, que se extiende al 141% en el caso del rendimiento efectivo, es decir, cuando del depositante renueva el plazo fijo con capital e intereses todos los meses durante un a\u00f1o.<\/p>\n\n\n\n<p>Esa nueva tasa se aplicar\u00e1 a las personas f\u00edsicas en el caso de dep\u00f3sitos inferiores a 30 millones de pesos, un l\u00edmite que hasta ayer era de $10 millones. Con este rendimiento, desde hoy un plazo fijo minorista para personas f\u00edsicas a 30 d\u00edas rendir\u00e1 un 7,6%, casi lo mismo que la inflaci\u00f3n registrada el mes pasado.<\/p>\n\n\n\n<p>Para el resto de los plazos fijos del sector privado la tasa m\u00ednima nominal ser\u00e1 de 85,5% (hasta hoy era de 72,5%), lo que equivale a una tasa efectiva de 128,5%.<\/p>\n\n\n\n<p>Por \u00faltimo, el Banco Central tambi\u00e9n introdujo una modificaci\u00f3n en los<strong>\u00a0plazos fijos en UVA precancelablres<\/strong>. Estos dep\u00f3sitos pagan un rendimiento en base a la inflaci\u00f3n m\u00e1s un inter\u00e9s del 1% y son a 90 d\u00edas, pero pueden cancelarse anticipadamente despu\u00e9s del d\u00eda 30. En ese caso, el rendimiento entre el d\u00eda 30 y el d\u00eda de la cancelaci\u00f3n ser\u00e1 del 86%. Hasta ayer, esa tasa era del 77%.<\/p>\n\n\n\n<p>Fuente: infobae<\/p>\n","protected":false},"excerpt":{"rendered":"<div class=\"mh-excerpt\"><p>La nueva suba de tasas de inter\u00e9s dispuesta ayer por el Banco Central har\u00e1 subir el costo del cr\u00e9dito, en particular en aquellas financiaciones en las que la autoridad monetaria establece una tasa fija. La decisi\u00f3n se suma a lo dispuesto por el BCRA una semana atr\u00e1s, cuando el jueves 20 llev\u00f3 la tasa de referencia de 78% a 81%. Ayer, para enfrentar la corrida cambiaria, la subi\u00f3 otros diez puntos porcentuales y la dej\u00f3 en 91%. Junto con el aumento del rendimiento de los dep\u00f3sitos, el Banco Central tambi\u00e9n dispuso&nbsp;el encarecimiento del costo para refinanciar los saldos del resumen <a class=\"mh-excerpt-more\" href=\"http:\/\/dsrmedios.com.ar\/diario\/archivos\/32033\" title=\"Suba de tasas: cu\u00e1l ser\u00e1 el nuevo costo para financiar con la tarjeta de cr\u00e9dito y tomar pr\u00e9stamos para pymes\">[Leer m\u00e1s]<\/a><\/p>\n<\/div>","protected":false},"author":6,"featured_media":32034,"comment_status":"open","ping_status":"closed","sticky":false,"template":"","format":"standard","meta":{"_jetpack_newsletter_access":""},"categories":[6,45],"tags":[],"jetpack_featured_media_url":"http:\/\/dsrmedios.com.ar\/diario\/wp-content\/uploads\/2023\/04\/descarga-68.jpg","jetpack_sharing_enabled":true,"jetpack_shortlink":"https:\/\/wp.me\/p9fihK-8kF","_links":{"self":[{"href":"http:\/\/dsrmedios.com.ar\/diario\/wp-json\/wp\/v2\/posts\/32033"}],"collection":[{"href":"http:\/\/dsrmedios.com.ar\/diario\/wp-json\/wp\/v2\/posts"}],"about":[{"href":"http:\/\/dsrmedios.com.ar\/diario\/wp-json\/wp\/v2\/types\/post"}],"author":[{"embeddable":true,"href":"http:\/\/dsrmedios.com.ar\/diario\/wp-json\/wp\/v2\/users\/6"}],"replies":[{"embeddable":true,"href":"http:\/\/dsrmedios.com.ar\/diario\/wp-json\/wp\/v2\/comments?post=32033"}],"version-history":[{"count":1,"href":"http:\/\/dsrmedios.com.ar\/diario\/wp-json\/wp\/v2\/posts\/32033\/revisions"}],"predecessor-version":[{"id":32035,"href":"http:\/\/dsrmedios.com.ar\/diario\/wp-json\/wp\/v2\/posts\/32033\/revisions\/32035"}],"wp:featuredmedia":[{"embeddable":true,"href":"http:\/\/dsrmedios.com.ar\/diario\/wp-json\/wp\/v2\/media\/32034"}],"wp:attachment":[{"href":"http:\/\/dsrmedios.com.ar\/diario\/wp-json\/wp\/v2\/media?parent=32033"}],"wp:term":[{"taxonomy":"category","embeddable":true,"href":"http:\/\/dsrmedios.com.ar\/diario\/wp-json\/wp\/v2\/categories?post=32033"},{"taxonomy":"post_tag","embeddable":true,"href":"http:\/\/dsrmedios.com.ar\/diario\/wp-json\/wp\/v2\/tags?post=32033"}],"curies":[{"name":"wp","href":"https:\/\/api.w.org\/{rel}","templated":true}]}}