{"id":32027,"date":"2023-04-28T07:12:02","date_gmt":"2023-04-28T10:12:02","guid":{"rendered":"http:\/\/dsrmedios.com.ar\/diario\/?p=32027"},"modified":"2023-04-28T07:12:05","modified_gmt":"2023-04-28T10:12:05","slug":"facundo-manes-estoy-mas-cerca-de-ser-candidato-a-presidente","status":"publish","type":"post","link":"http:\/\/dsrmedios.com.ar\/diario\/archivos\/32027","title":{"rendered":"Facundo Manes: \u201cEstoy m\u00e1s cerca de ser candidato a presidente\u201d"},"content":{"rendered":"\n<p>Luego de los lanzamientos de&nbsp;<strong>Horacio Rodr\u00edguez Larreta&nbsp;<\/strong>y&nbsp;<strong>Gerardo Morales<\/strong>,&nbsp;<strong>Facundo Manes&nbsp;<\/strong>oficializ\u00f3 su intenci\u00f3n de sumarse a la pelea por la carrera a la Casa Rosada durante una entrevista con&nbsp;<strong>Infobae<\/strong>. A diferencia de sus compa\u00f1eros de Juntos por el Cambio, el neur\u00f3logo descart\u00f3 la posibilidad de realizar un acto como lo hizo el gobernado de Jujuy en el Gran Rex y, por el contrario, se dedicar\u00e1 a \u201crecorrer el conurbano y el interior del pa\u00eds\u201d.<\/p>\n\n\n\n<p>Aunque evit\u00f3 opinar sobre la incorporaci\u00f3n de&nbsp;<strong>Jos\u00e9 Luis Espert&nbsp;<\/strong>a la coalici\u00f3n opositora, Manes volvi\u00f3 a pregonar la ampliaci\u00f3n del espacio e, incluso, desliz\u00f3 que su lista podr\u00eda ser bajo el formato de f\u00f3rmula mixta. A menos de dos meses del cierre para la presentaci\u00f3n de las precandidaturas, volvi\u00f3 a resaltar su desempe\u00f1o electoral en el 2021: \u201cEn la interna de Cambiemos el 40% de la gente me vot\u00f3 a m\u00ed. Esa gente no quer\u00eda al PRO, tampoco al peronismo, y eso es el piso. La gente est\u00e1 reclamando eso y espero que la c\u00fapula del partido tome nota\u201d.<\/p>\n\n\n\n<p><strong>\u2014 \u00bfFinalmente va a ser candidato a presidente?<\/strong><\/p>\n\n\n\n<p>\u2014 Veo mucho des\u00e1nimo, dolor, mucha bronca y sufrimiento social. Me parece que en ese contexto es feo hablar de internas, de intrigas, de candidatura, pero la verdad es que veo que hay una necesidad de que nuestro espacio este dispuesto a dar nuevamente el paso para generar una nueva mayor\u00eda que pueda el a\u00f1o que viene estabilizar la econom\u00eda y encarar un plan de desarrollo. El contexto cambi\u00f3 y mucha gente me preguntaba, me reclamaba y bueno, yo siento que estoy m\u00e1s cerca de ser&nbsp;<strong>candidato<\/strong>.<\/p>\n\n\n\n<p><img decoding=\"async\" loading=\"lazy\" alt=\"Facundo Manes reconoci\u00f3 que mantiene di\u00e1logo con Patricia Bullrich desde aquella foto que se tom\u00f3 en Mendoza durante la Fiesta de la Vendimia\" height=\"1080\" width=\"1920\" class=\"\" src=\"https:\/\/cloudfront-us-east-1.images.arcpublishing.com\/infobae\/N4PFNNJFJBAVTDMLQGA2OSQ7W4.jpg\" srcset=\"https:\/\/www.infobae.com\/new-resizer\/xNhQtb306-1cTraNDZYHwYAxz6o=\/420x236\/filters:format(webp):quality(85)\/cloudfront-us-east-1.images.arcpublishing.com\/infobae\/N4PFNNJFJBAVTDMLQGA2OSQ7W4.jpg 420w,https:\/\/www.infobae.com\/new-resizer\/pvHytK-80FwvRVprj7ylrqVjIjU=\/768x432\/filters:format(webp):quality(85)\/cloudfront-us-east-1.images.arcpublishing.com\/infobae\/N4PFNNJFJBAVTDMLQGA2OSQ7W4.jpg 768w,https:\/\/www.infobae.com\/new-resizer\/0pCom8LQ2IDu8qd0KhaWNGG1YuY=\/992x558\/filters:format(webp):quality(85)\/cloudfront-us-east-1.images.arcpublishing.com\/infobae\/N4PFNNJFJBAVTDMLQGA2OSQ7W4.jpg 992w,https:\/\/www.infobae.com\/new-resizer\/_3sYqofkOK5gCP2V8s05rqMmpdQ=\/1200x675\/filters:format(webp):quality(85)\/cloudfront-us-east-1.images.arcpublishing.com\/infobae\/N4PFNNJFJBAVTDMLQGA2OSQ7W4.jpg 1200w,https:\/\/www.infobae.com\/new-resizer\/7ThppfKhX5rzFBl-9nOUpY6817c=\/1440x810\/filters:format(webp):quality(85)\/cloudfront-us-east-1.images.arcpublishing.com\/infobae\/N4PFNNJFJBAVTDMLQGA2OSQ7W4.jpg 1440w\">Facundo Manes reconoci\u00f3 que mantiene di\u00e1logo con Patricia Bullrich desde aquella foto que se tom\u00f3 en Mendoza durante la Fiesta de la Vendimia<\/p>\n\n\n\n<p><strong>\u2014 \u00bf\u201dEstar cerca\u201d quiere decir que falta algo? \u00bfO est\u00e1 esperando algo en particular para hacer el lanzamiento oficial?<\/strong><\/p>\n\n\n\n<p>\u2014 Estamos trabajando en construir una propuesta de estabilizaci\u00f3n y desarrollo para Argentina. Mi equipo t\u00e9cnico piensa que en 8 a\u00f1os Argentina puede duplicar las exportaciones, podemos ser el doble de ricos. Hoy exportamos 90.000 millones de d\u00f3lares, podemos exportar 180.000 y podemos bajar la pobreza a la mitad en dos mandatos. Queremos ser parte de eso. Al mismo tiempo buscamos entender lo que la sociedad pide, darle una respuesta a la gente, dir\u00e1 en su momento, d\u00f3nde quiere que yo est\u00e9, pero vamos a estar preparados para estos desaf\u00edos, as\u00ed que estamos construyendo una alternativa claramente.<\/p>\n\n\n\n<p><strong>\u2014 \u00bfPiensa hacer un lanzamiento o un acto como hizo Gerardo Morales?<\/strong><\/p>\n\n\n\n<p>\u2014 Vamos a recorrer este mes y medio el conurbano muy intensamente. Vamos a tener una presencia medi\u00e1tica importante, vamos a volver a los medios. Yo estuve escuchando mucho, no solo a la gente, sino tambi\u00e9n los equipos t\u00e9cnicos. Como m\u00e9dico, te digo que yo quer\u00eda ver al paciente &#8211; que es Argentina- c\u00f3mo eran los tratamientos y la verdad que tengo una idea de estabilizaci\u00f3n y desarrollo. No me imagino un acto de lanzamiento, la gente est\u00e1 en otra cosa, pero s\u00ed, una recorrida intensa en un mes y medio en el conurbano. Ya recorr\u00ed el pa\u00eds el a\u00f1o pasado, recorr\u00ed el interior de la provincia de Buenos Aires este a\u00f1o. No vemos, por ahora, ninguna necesidad de un lanzamiento formal o de un acto.<\/p>\n\n\n\n<p><strong>\u2014 \u00bfCree que el acto que hizo Morales en el Gran Rex estuvo desconectado con lo que le pasa a la gente?<\/strong><\/p>\n\n\n\n<p>\u2014 Yo respeto la decisi\u00f3n de cada candidato. Yo veo una sociedad muy dolorida, muy angustiada, muy triste, muy depresiva y me parece que ver a candidatos, o una lucha por el poder, genera el efecto contrario, es contraproducente pero yo respeto a cada candidato.<\/p>\n\n\n\n<p><img decoding=\"async\" loading=\"lazy\" alt=\"Gerardo Morales y Facundo Manes mantienen una distancia desde que el neur\u00f3logo lanz\u00f3 cr\u00edticas a Mauricio Macri. El juje\u00f1o hab\u00eda propuesto dirimir las candidaturas en una interna de la UCR pero no llegaron a un acuerdo\" height=\"768\" width=\"1024\" class=\"\" src=\"https:\/\/cloudfront-us-east-1.images.arcpublishing.com\/infobae\/YGV3XGTFNNG4LA7DXZHS6R2H5A.jfif\" srcset=\"https:\/\/www.infobae.com\/new-resizer\/eT_uR3n28zN6fBl4Hjy_eVSvRUo=\/420x315\/filters:format(webp):quality(85)\/cloudfront-us-east-1.images.arcpublishing.com\/infobae\/YGV3XGTFNNG4LA7DXZHS6R2H5A.jfif 420w,https:\/\/www.infobae.com\/new-resizer\/bE6zSf1iZ-3CiVq5Y8Zl5t9SNhU=\/768x576\/filters:format(webp):quality(85)\/cloudfront-us-east-1.images.arcpublishing.com\/infobae\/YGV3XGTFNNG4LA7DXZHS6R2H5A.jfif 768w,https:\/\/www.infobae.com\/new-resizer\/19sRfZ3pUb0T-1CUtvPUlHJv1IM=\/992x744\/filters:format(webp):quality(85)\/cloudfront-us-east-1.images.arcpublishing.com\/infobae\/YGV3XGTFNNG4LA7DXZHS6R2H5A.jfif 992w,https:\/\/www.infobae.com\/new-resizer\/ln3AuGMrdzgm_B0f7O5fCyoT-HU=\/1200x900\/filters:format(webp):quality(85)\/cloudfront-us-east-1.images.arcpublishing.com\/infobae\/YGV3XGTFNNG4LA7DXZHS6R2H5A.jfif 1200w,https:\/\/www.infobae.com\/new-resizer\/KedQlLaIj7lWpbbEDBTh11PHhRs=\/1440x1080\/filters:format(webp):quality(85)\/cloudfront-us-east-1.images.arcpublishing.com\/infobae\/YGV3XGTFNNG4LA7DXZHS6R2H5A.jfif 1440w\">Gerardo Morales y Facundo Manes mantienen una distancia desde que el neur\u00f3logo lanz\u00f3 cr\u00edticas a Mauricio Macri. El juje\u00f1o hab\u00eda propuesto dirimir las candidaturas en una interna de la UCR pero no llegaron a un acuerdo<\/p>\n\n\n\n<p><strong>\u2014 \u00bfC\u00f3mo encaja su candidatura dentro de Juntos por el Cambio?<\/strong><\/p>\n\n\n\n<p>\u2014 La PASO son la mejor herramienta que tiene hoy la Argentina para dirimir los liderazgos de la oposici\u00f3n. La respuesta est\u00e1 en la PASO.<\/p>\n\n\n\n<p><strong>\u2014 \u00bfPero se ve en una f\u00f3rmula mixta o mantiene su idea f\u00f3rmulas puras para empoderar al radicalismo?<\/strong><\/p>\n\n\n\n<p>\u2014 Vamos a hacer lo que hicimos en el 2021 que si bien fue una lista con identidad radical, hubo mucha gente como yo de la sociedad civil, hab\u00eda peronismo, hab\u00eda PRO, hab\u00eda progresismo. La Argentina necesita alguien que pueda generar una nueva mayor\u00eda social para tener mayor\u00eda legislativa y transformar la Argentina. Cuanto m\u00e1s sectores mejor, pero siempre dentro de una idea de estabilizar la econom\u00eda, con un consenso pol\u00edtico y luego de encarar el desarrollo de una vez por todas. Para nada es una lista exclusiva radical, es lo que hicimos en el 2021, cuando \u201cdar el paso\u201d inclu\u00eda a mucha gente de diferentes sectores.<\/p>\n\n\n\n<p><strong>\u2014 \u00bfQu\u00e9 opina de la incorporaci\u00f3n de Jos\u00e9 Luis Espert a Juntos por el Cambio?<\/strong><\/p>\n\n\n\n<p>\u2014 Yo quiero una econom\u00eda de mercado, no una sociedad de mercado. Mientras estemos en esa l\u00ednea, toda la gente que est\u00e9 de acuerdo con una econom\u00eda de mercado, pero no una sociedad de mercado, sino con un Estado -no como el que tenemos ahora que colaps\u00f3 el Estado- pero s\u00ed un Estado que sea eficiente, honesto, menos corrupto, din\u00e1mico, inteligente, que provea salud, educaci\u00f3n justicia, defensa inteligencia, me parece bien. Yo no tengo ninguna autoridad en el partido, ni en la coalici\u00f3n, pero mientras estemos de acuerdo en que necesitamos una sociedad, una econom\u00eda de mercado y no una sociedad de mercado, bienvenidos todos a este proyecto de desarrollo.<\/p>\n\n\n\n<p><strong>\u2014 Muchos dirigentes radicales piensan que el partido tiene que tener un \u00fanico candidato empoderado. \u00bfCree que van a llegar juntos con Gerardo Morales a una PASO o que podr\u00e1n dirimirlo antes?<\/strong><\/p>\n\n\n\n<p>\u2014 El radicalismo en el 2021 sac\u00f3 -aproximadamente- la mitad de los votos de la coalici\u00f3n opositora que le gan\u00f3 al Gobierno. Hace dos a\u00f1os deber\u00eda haber habido una mesa de los representantes de los sectores pujantes y plantear c\u00f3mo el radicalismo llegar\u00eda con un candidato empoderado. Eso lamentablemente no sucedi\u00f3, no se logr\u00f3. A m\u00ed me vot\u00f3 en la interna de Cambiemos el 40% de la gente, esa gente no quer\u00eda al PRO, tampoco al peronismo, y eso es el piso. La gente est\u00e1 reclamando eso y espero que la c\u00fapula del partido tome nota.<\/p>\n\n\n\n<p><strong>\u2014 \u00bfC\u00f3mo cree que tiene que ser la estrategia electoral en la provincia de Buenos Aires de la UCR?<\/strong><\/p>\n\n\n\n<p>\u2014 Nuestro sector tiene que tener un candidato a gobernador, obviamente que el mejor posicionado hoy es Maximiliano Abad. Lo estamos apoyando. Estamos recorriendo con \u00e9l, obviamente que pueden acompa\u00f1ar otras figuras, pero claramente en la provincia tiene que estar representado nuestro sector que hicimos una gran elecci\u00f3n en el 2021 y eso fue el piso.<\/p>\n\n\n\n<p><strong>\u2014 \u00bfVolvi\u00f3 a reunirse con Patricia Bullrich, Rodr\u00edguez Larreta o con Mauricio Macri?<\/strong><\/p>\n\n\n\n<p>\u2014 S\u00ed, tengo di\u00e1logo con los tres. Con Patricia tuve una muy buena reuni\u00f3n en Mendoza, hablamos de la dificultades del pa\u00eds. Comparto valores con ella. Con Larreta tambi\u00e9n me he reunido, tambi\u00e9n coincidimos en que hay que hacer un gran espacio por fuera de los extremos y con Macri estoy en contacto. La verdad que tengo di\u00e1logo con todos los sectores y todos entienden que yo quiero ser un radical que tenga un radicalismo competitivo para ganarle el PRO, como lo hizo el PRO en el 2015 con el radicalismo.<\/p>\n\n\n\n<p>Fuente: Infobae<\/p>\n","protected":false},"excerpt":{"rendered":"<div class=\"mh-excerpt\"><p>Luego de los lanzamientos de&nbsp;Horacio Rodr\u00edguez Larreta&nbsp;y&nbsp;Gerardo Morales,&nbsp;Facundo Manes&nbsp;oficializ\u00f3 su intenci\u00f3n de sumarse a la pelea por la carrera a la Casa Rosada durante una entrevista con&nbsp;Infobae. A diferencia de sus compa\u00f1eros de Juntos por el Cambio, el neur\u00f3logo descart\u00f3 la posibilidad de realizar un acto como lo hizo el gobernado de Jujuy en el Gran Rex y, por el contrario, se dedicar\u00e1 a \u201crecorrer el conurbano y el interior del pa\u00eds\u201d. Aunque evit\u00f3 opinar sobre la incorporaci\u00f3n de&nbsp;Jos\u00e9 Luis Espert&nbsp;a la coalici\u00f3n opositora, Manes volvi\u00f3 a pregonar la ampliaci\u00f3n del espacio e, incluso, desliz\u00f3 que su lista podr\u00eda ser <a class=\"mh-excerpt-more\" href=\"http:\/\/dsrmedios.com.ar\/diario\/archivos\/32027\" title=\"Facundo Manes: \u201cEstoy m\u00e1s cerca de ser candidato a presidente\u201d\">[Leer m\u00e1s]<\/a><\/p>\n<\/div>","protected":false},"author":6,"featured_media":32028,"comment_status":"open","ping_status":"closed","sticky":false,"template":"","format":"standard","meta":{"_jetpack_newsletter_access":""},"categories":[6],"tags":[],"jetpack_featured_media_url":"http:\/\/dsrmedios.com.ar\/diario\/wp-content\/uploads\/2023\/04\/K46ESOH26FF2BMEIGXPAKH3QEY.jpg","jetpack_sharing_enabled":true,"jetpack_shortlink":"https:\/\/wp.me\/p9fihK-8kz","_links":{"self":[{"href":"http:\/\/dsrmedios.com.ar\/diario\/wp-json\/wp\/v2\/posts\/32027"}],"collection":[{"href":"http:\/\/dsrmedios.com.ar\/diario\/wp-json\/wp\/v2\/posts"}],"about":[{"href":"http:\/\/dsrmedios.com.ar\/diario\/wp-json\/wp\/v2\/types\/post"}],"author":[{"embeddable":true,"href":"http:\/\/dsrmedios.com.ar\/diario\/wp-json\/wp\/v2\/users\/6"}],"replies":[{"embeddable":true,"href":"http:\/\/dsrmedios.com.ar\/diario\/wp-json\/wp\/v2\/comments?post=32027"}],"version-history":[{"count":1,"href":"http:\/\/dsrmedios.com.ar\/diario\/wp-json\/wp\/v2\/posts\/32027\/revisions"}],"predecessor-version":[{"id":32029,"href":"http:\/\/dsrmedios.com.ar\/diario\/wp-json\/wp\/v2\/posts\/32027\/revisions\/32029"}],"wp:featuredmedia":[{"embeddable":true,"href":"http:\/\/dsrmedios.com.ar\/diario\/wp-json\/wp\/v2\/media\/32028"}],"wp:attachment":[{"href":"http:\/\/dsrmedios.com.ar\/diario\/wp-json\/wp\/v2\/media?parent=32027"}],"wp:term":[{"taxonomy":"category","embeddable":true,"href":"http:\/\/dsrmedios.com.ar\/diario\/wp-json\/wp\/v2\/categories?post=32027"},{"taxonomy":"post_tag","embeddable":true,"href":"http:\/\/dsrmedios.com.ar\/diario\/wp-json\/wp\/v2\/tags?post=32027"}],"curies":[{"name":"wp","href":"https:\/\/api.w.org\/{rel}","templated":true}]}}