{"id":32022,"date":"2023-04-28T07:08:40","date_gmt":"2023-04-28T10:08:40","guid":{"rendered":"http:\/\/dsrmedios.com.ar\/diario\/?p=32022"},"modified":"2023-04-28T07:08:44","modified_gmt":"2023-04-28T10:08:44","slug":"cristina-kirchner-enfrio-el-operativo-clamor-y-subio-a-javier-milei-al-ring-electoral","status":"publish","type":"post","link":"http:\/\/dsrmedios.com.ar\/diario\/archivos\/32022","title":{"rendered":"Cristina Kirchner enfri\u00f3 el operativo clamor y subi\u00f3 a Javier Milei al ring electoral"},"content":{"rendered":"\n<p><strong>\u201cNo se hagan los rulos\u201d<\/strong>. Fue lo primero que contest\u00f3 la vicepresidenta,&nbsp;<strong>Cristina Kirchner,<\/strong>&nbsp;al planteo de la militancia que este jueves tuvo acceso a la Sala Ginaestera el Teatro Argentino de La Plata. Afuera, una multitud cop\u00f3 las calles del centro de la capital bonaerense y lleg\u00f3 con la idea de tener una certeza de si en las pr\u00f3ximas elecciones podr\u00e1 votar a CFK o deber\u00e1 esperar. Todo pese a que el c\u00e1ntico fuera un\u00edsono dentro y fuera del auditorio: \u201cCristina presidenta\u201d. \u201cEsperamos que marque un rumbo, a eso vinimos\u201d, plante\u00f3 un dirigente de La C\u00e1mpora en la previa del discurso. Lo hizo, pero sin ella al frente.<\/p>\n\n\n\n<p>\u201c<strong>No se trata de una persona, es necesario volver a construir programas de gobierno, que nada vuelva a depender de una persona<\/strong>\u201d, marc\u00f3 la ex mandataria. Un auditorio colmado cant\u00f3 en la previa \u201cCristina presidenta\u201d. Cuando el mismo apoyo se hizo sentir en pleno discurso, la titular del Senado puso un freno. \u201cNo, presidenta no&#8230;\u201d, enfri\u00f3.<\/p>\n\n\n\n<p>\u201cYa dio todo, no le podemos pedir m\u00e1s nada. N\u00e9stor una vez me dijo, \u2018cuando te peleas con Clar\u00edn es para siempre\u201d, dec\u00eda un dirigente sindical, contempor\u00e1neo a la Vicepresidenta tras el acto. La expectativa de la militancia era alta, pero al interior del kirchnerismo se palpaba que la Vicepresidenta no iba a dar un pronunciamiento electoral en clave electoral propia.\u00a0<strong>Ser\u00e1 el Frente el que tenga que definir c\u00f3mo seguir<\/strong>. Ese es el mensaje que se repiti\u00f3 una vez terminado el acto, ya en el hall central.<\/p>\n\n\n\n<p><img decoding=\"async\" loading=\"lazy\" alt=\"La militancia sigui\u00f3 el acto desde afuera del teatro (Aglaplata)\" height=\"1276\" width=\"1920\" class=\"\" src=\"https:\/\/cloudfront-us-east-1.images.arcpublishing.com\/infobae\/HUO5DO3FONGPPMYG4KJ56ZD7LQ.jpg\" srcset=\"https:\/\/www.infobae.com\/new-resizer\/FTxuSnW7-g9HqsmUNzIzL6HyXDQ=\/420x280\/filters:format(webp):quality(85)\/cloudfront-us-east-1.images.arcpublishing.com\/infobae\/HUO5DO3FONGPPMYG4KJ56ZD7LQ.jpg 420w,https:\/\/www.infobae.com\/new-resizer\/pSvHGjosm-C0Z-LpKF769gWKVu4=\/768x512\/filters:format(webp):quality(85)\/cloudfront-us-east-1.images.arcpublishing.com\/infobae\/HUO5DO3FONGPPMYG4KJ56ZD7LQ.jpg 768w,https:\/\/www.infobae.com\/new-resizer\/IfNvTonuBX3o2RfHFJAfLRk0RdQ=\/992x661\/filters:format(webp):quality(85)\/cloudfront-us-east-1.images.arcpublishing.com\/infobae\/HUO5DO3FONGPPMYG4KJ56ZD7LQ.jpg 992w,https:\/\/www.infobae.com\/new-resizer\/xERch55CxDdmeKL14rVHWYrzzHg=\/1200x800\/filters:format(webp):quality(85)\/cloudfront-us-east-1.images.arcpublishing.com\/infobae\/HUO5DO3FONGPPMYG4KJ56ZD7LQ.jpg 1200w,https:\/\/www.infobae.com\/new-resizer\/axDhjHbS5-2S6_pL8PTFDV4NCkI=\/1440x960\/filters:format(webp):quality(85)\/cloudfront-us-east-1.images.arcpublishing.com\/infobae\/HUO5DO3FONGPPMYG4KJ56ZD7LQ.jpg 1440w\">La militancia sigui\u00f3 el acto desde afuera del teatro (Aglaplata)<\/p>\n\n\n\n<p>La ex jefa de Estado rememor\u00f3 el estallido del 2001. Habl\u00f3 de la convertibilidad y lanz\u00f3 un mensaje a los j\u00f3venes, al comparar a<strong>&nbsp;Javier Milei&nbsp;<\/strong>con&nbsp;<strong>Domingo Cavallo<\/strong>. \u201cAmbos de ojos claros\u201d, dijo. Plante\u00f3 que \u201cnos vienen a decir que lo fracas\u00f3 hoy puede ser la soluci\u00f3n\u201d, al referirse al plan de dolarizaci\u00f3n que plantea el diputado liberal. La dolarizaci\u00f3n fue eje reactor de su discurso en una semana caliente para el movimiento de divisas.<\/p>\n\n\n\n<p>Como viene sucediendo, y lo plante\u00f3 incluso el presidente del PJ bonaerense,&nbsp;<strong>M\u00e1ximo Kirchner<\/strong>, la Vicepresidenta tambi\u00e9n rememor\u00f3 que los principales dirigentes de Juntos \u201cfueron parte de ese gobierno\u201d, al hablar de la Alianza. Sin nombrarlos, hizo referencia a&nbsp;<strong>Horacio Rodr\u00edguez Larreta<\/strong>,&nbsp;<strong>Mar\u00eda Eugenia Vidal<\/strong>,&nbsp;<strong>Patricia Bullrich<\/strong>,&nbsp;<strong>Gerardo Morales<\/strong>&nbsp;y<strong>&nbsp;Ricardo L\u00f3pez Murphy&nbsp;<\/strong>-\u201ddur\u00f3 diez d\u00edas y lo ech\u00f3 la Franja Morada,\u201d, advirti\u00f3 sobre el diputado nacional. Fue acaso uno de las dedicatorias a Juntos y no mucho m\u00e1s, al referirse a los dirigentes opositores de la alianza que gobern\u00f3 el pa\u00eds entre 2015 y 2019.<\/p>\n\n\n\n<p>Habl\u00f3 sobre la concentraci\u00f3n de precios y las empresas que monopolizan el mercado. Cit\u00f3 a varias. Dijo que es la discusi\u00f3n en la calle. \u201c<strong>Los actos son muy lindos, pero demos el debate cuerpo a cuerpo\u201d.<\/strong>&nbsp;En su exposici\u00f3n, dijo que se vive \u201c<strong>una argentina circular que vuelve sobre sus fracasos\u201d.<\/strong><\/p>\n\n\n\n<p>\u201cNo digo que tengamos la raz\u00f3n, pero no me digan que tenemos que volver para atr\u00e1s para solucionar este presente y este futuro\u201d, admiti\u00f3. Ante otro grito del p\u00fablico,&nbsp;<strong>volvi\u00f3 a poner pa\u00f1os fr\u00edos.<\/strong>&nbsp;La discusi\u00f3n que plantea es m\u00e1s profunda de una candidatura, aunque -como dijo esta tarde noche- \u201ctodo tiene que ver con todo\u201d.<\/p>\n\n\n\n<p>En clave pol\u00edtica, as\u00ed como sobrevol\u00f3 en la figura del libertario Milei -a quien nunca nombr\u00f3-, tambi\u00e9n se refiri\u00f3 a Juntos. \u201cMe cuesta entender la l\u00f3gica de los halcones y las palomas, yo soy ping\u00fcina. Los ping\u00fcinos somos colectivos, vamos todos para all\u00e1, para ac\u00e1\u201d. Desde los palcos bajaba el c\u00e1ntico: \u201cSoy argentino, soy soldado del ping\u00fcino\u201d. La titular del Senado agreg\u00f3:&nbsp;<strong>\u201cSolos no hacemos nada ni llegamos a ninguna parte\u201d.<\/strong><\/p>\n\n\n\n<p><img decoding=\"async\" loading=\"lazy\" alt=\"El lugar estuvo colmado de dirigentes y militantes \" height=\"853\" width=\"1280\" class=\"\" src=\"https:\/\/cloudfront-us-east-1.images.arcpublishing.com\/infobae\/UZHI6MIVDNBAZE66HS5PENNDE4.jpeg\" srcset=\"https:\/\/www.infobae.com\/new-resizer\/2jakRXRbTF-RSDmOMCMqFpi6W4w=\/420x280\/filters:format(webp):quality(85)\/cloudfront-us-east-1.images.arcpublishing.com\/infobae\/UZHI6MIVDNBAZE66HS5PENNDE4.jpeg 420w,https:\/\/www.infobae.com\/new-resizer\/VOvcePpwvopuSemissY9xtwLxHY=\/768x512\/filters:format(webp):quality(85)\/cloudfront-us-east-1.images.arcpublishing.com\/infobae\/UZHI6MIVDNBAZE66HS5PENNDE4.jpeg 768w,https:\/\/www.infobae.com\/new-resizer\/mwYRlxW6YqKSa7jkV07WWATnJIU=\/992x661\/filters:format(webp):quality(85)\/cloudfront-us-east-1.images.arcpublishing.com\/infobae\/UZHI6MIVDNBAZE66HS5PENNDE4.jpeg 992w,https:\/\/www.infobae.com\/new-resizer\/XMSVUHiBnrPp5BWVh4C7pMQLMzI=\/1200x800\/filters:format(webp):quality(85)\/cloudfront-us-east-1.images.arcpublishing.com\/infobae\/UZHI6MIVDNBAZE66HS5PENNDE4.jpeg 1200w,https:\/\/www.infobae.com\/new-resizer\/gFiC52IQsjy108darN5VRRtJzDY=\/1440x960\/filters:format(webp):quality(85)\/cloudfront-us-east-1.images.arcpublishing.com\/infobae\/UZHI6MIVDNBAZE66HS5PENNDE4.jpeg 1440w\">El lugar estuvo colmado de dirigentes y militantes<\/p>\n\n\n\n<p>La disertaci\u00f3n fue meramente en clave econ\u00f3mica. Cristina&nbsp;<strong>volvi\u00f3 a plantear su rechazo al acuerdo con el Fondo Monetario Internacional.<\/strong>&nbsp;\u201cEse acuerdo&nbsp;<strong>es inflacionario porque es una pol\u00edtica enlatada que se aplica monotem\u00e1tica<\/strong>\u201d, dijo. \u201c<strong>Es necesario revisar, pero no para no pagar<\/strong>. Queremos que se revisen las condicionalidades y que las sumas que se paguen al Fondo est\u00e9n atada a un super\u00e1vit comercial. Cuando nos pasa como ahora, con la sequ\u00eda, est\u00e1 claro que es necesario atar al super\u00e1vit comercial y no al d\u00e9ficit fiscal\u201d.<\/p>\n\n\n\n<p>Seguidamente, hizo alusi\u00f3n a la ministra de Desarrollo Social de la Naci\u00f3n,&nbsp;<strong>Victoria Tolosa Paz<\/strong>. Una de las figuras cercanas al presidente,&nbsp;<strong>Alberto Fern\u00e1ndez,<\/strong>&nbsp;que esta tarde asisti\u00f3 al Teatro Argentino y se ubic\u00f3 en el sector que compart\u00edan el gobernador bonaerense, Axel Kicillof; el diputado nacional&nbsp;<strong>M\u00e1ximo Kirchner<\/strong>; el ministro del Interior,&nbsp;<strong>Eduardo de Pedro,&nbsp;<\/strong>ministros provincialese intendentes del peronismo bonaerense. La presencia de Tolosa Paz, que junto al ministro de Econom\u00eda,<strong>&nbsp;Sergio Massa,<\/strong>&nbsp;fueron los dos \u00fanicos funcionarios nacionales que mencion\u00f3 CFK y traz\u00f3 acaso una nueva etapa en la interna del Frente de Todos.<\/p>\n\n\n\n<p><img decoding=\"async\" loading=\"lazy\" alt=\"Axel Kicillof, entre los presentes (Aglaplata)\" height=\"1320\" width=\"1920\" class=\"\" src=\"https:\/\/cloudfront-us-east-1.images.arcpublishing.com\/infobae\/CBE3RGM6TJCXPLMJY3DXRMIVRE.jpg\" srcset=\"https:\/\/www.infobae.com\/new-resizer\/TQ3MNHgGPvrfXsYTgq_j9QSAtMI=\/420x280\/filters:format(webp):quality(85)\/cloudfront-us-east-1.images.arcpublishing.com\/infobae\/CBE3RGM6TJCXPLMJY3DXRMIVRE.jpg 420w,https:\/\/www.infobae.com\/new-resizer\/iS7tReXXWXG41SAN3wtOPy4jlc0=\/768x512\/filters:format(webp):quality(85)\/cloudfront-us-east-1.images.arcpublishing.com\/infobae\/CBE3RGM6TJCXPLMJY3DXRMIVRE.jpg 768w,https:\/\/www.infobae.com\/new-resizer\/Z-OerhxSVaJDzHGn2fTiK9OAPvc=\/992x661\/filters:format(webp):quality(85)\/cloudfront-us-east-1.images.arcpublishing.com\/infobae\/CBE3RGM6TJCXPLMJY3DXRMIVRE.jpg 992w,https:\/\/www.infobae.com\/new-resizer\/uXo4GDtvJ9wTxMpCxUPDerTcZmE=\/1200x800\/filters:format(webp):quality(85)\/cloudfront-us-east-1.images.arcpublishing.com\/infobae\/CBE3RGM6TJCXPLMJY3DXRMIVRE.jpg 1200w,https:\/\/www.infobae.com\/new-resizer\/iwHCKR75TI5mtVGaeB81S-ychd0=\/1440x960\/filters:format(webp):quality(85)\/cloudfront-us-east-1.images.arcpublishing.com\/infobae\/CBE3RGM6TJCXPLMJY3DXRMIVRE.jpg 1440w\">Axel Kicillof, entre los presentes (Aglaplata)<\/p>\n\n\n\n<p><strong>A Massa lo llam\u00f3 Sergio, a secas,&nbsp;<\/strong>tal como viene sucediendo en las \u00faltimas intervenciones. As\u00ed, el<strong>&nbsp;dirigente del Frente Renovador se llev\u00f3 -v\u00eda la comitiva propia que lo represent\u00f3 este jueves en La Plata- un implicito respaldo pol\u00edtico<\/strong>. Sobre todo por el acuerdo que sell\u00f3 ayer con China para importar en Yuanes. \u201cAyer el ministro&nbsp;<strong>estaba firmando un muy buen acuerdo con China<\/strong>, para que podamos utilizar el swap cuando yo era presienta\u201d, dijo.<\/p>\n\n\n\n<p>El ministro de Econom\u00eda envi\u00f3 su comitiva de 12 intendentes bonaerenses, legisladores nacionales y provinciales. Adem\u00e1s, la diputada nacional,&nbsp;<strong>Monica Litza<\/strong>, particip\u00f3 de la mesa que se mont\u00f3 en el escenario para el lanzamiento de la Escuela Justicialista N\u00e9stor Kirchner. Si bien no hubo explicitaci\u00f3n,&nbsp;<strong>s\u00ed se impuso la gestualidad sobre el ministro de Econom\u00eda.<\/strong><\/p>\n\n\n\n<p><img decoding=\"async\" loading=\"lazy\" alt=\"Todos los que acompa\u00f1aron a CFK en el escenario. El ex ministro Nicol\u00e1s Trotta habl\u00f3 antes que ella (Aglaplata)\" height=\"1280\" width=\"1920\" class=\"\" src=\"https:\/\/cloudfront-us-east-1.images.arcpublishing.com\/infobae\/IAEK2KD7IFD3FPVQZBNFR2NUCA.jpg\" srcset=\"https:\/\/www.infobae.com\/new-resizer\/BgZPqRZE5Eh-HWhyTURXqVxfW3U=\/420x280\/filters:format(webp):quality(85)\/cloudfront-us-east-1.images.arcpublishing.com\/infobae\/IAEK2KD7IFD3FPVQZBNFR2NUCA.jpg 420w,https:\/\/www.infobae.com\/new-resizer\/Hfp-CPhew4lhQHFw0o2f3XtO2HQ=\/768x512\/filters:format(webp):quality(85)\/cloudfront-us-east-1.images.arcpublishing.com\/infobae\/IAEK2KD7IFD3FPVQZBNFR2NUCA.jpg 768w,https:\/\/www.infobae.com\/new-resizer\/ZqBV8j4I1rVHmUEBr8X-ao1DdHY=\/992x661\/filters:format(webp):quality(85)\/cloudfront-us-east-1.images.arcpublishing.com\/infobae\/IAEK2KD7IFD3FPVQZBNFR2NUCA.jpg 992w,https:\/\/www.infobae.com\/new-resizer\/9S0nDTHCkHqN49upiPYZkJ4F1ag=\/1200x800\/filters:format(webp):quality(85)\/cloudfront-us-east-1.images.arcpublishing.com\/infobae\/IAEK2KD7IFD3FPVQZBNFR2NUCA.jpg 1200w,https:\/\/www.infobae.com\/new-resizer\/7W5UcY101jNjBck9tL8_Nohm8Wc=\/1440x960\/filters:format(webp):quality(85)\/cloudfront-us-east-1.images.arcpublishing.com\/infobae\/IAEK2KD7IFD3FPVQZBNFR2NUCA.jpg 1440w\">Todos los que acompa\u00f1aron a CFK en el escenario. El ex ministro Nicol\u00e1s Trotta habl\u00f3 antes que ella (Aglaplata)<\/p>\n\n\n\n<p>Tambi\u00e9n dijo que fueron buenas las \u00faltimas medidas que tom\u00f3 Massa, el dirigente social y pol\u00edtico,<strong>&nbsp;Juan Grabois<\/strong>, a diferencia de lo manifestado semanas atr\u00e1s. \u201cEstuvo bien en esas dos cosas que hizo Massa, por eso esta semana no dije nada.<strong>&nbsp;Nosotros la queremos a Cristina, despu\u00e9s hay gente que Cristina valora y nosotros no valoramos tanto<\/strong>\u201d, dijo Grabois y advirti\u00f3 que el operativo clamor \u201ces una estrategia que conduce a un lugar equivocado\u201d.<\/p>\n\n\n\n<p>Tras el acto,&nbsp;<strong>la sensaci\u00f3n reinante fue que Cristina Kirchner \u201cno va a borrar con el codo lo que escribi\u00f3 con la mano\u201d<\/strong>, en alusi\u00f3n a aquel posicionamiento de que \u201cno iba a ser candidata a nada\u201d.<\/p>\n\n\n\n<p>\u201cAc\u00e1 no es casualidad que la \u00fanica dirigente pol\u00edtica que fue condenada, proscripta, que intentaron asesinar fue una sola. Estos mamarrachos que andan diciendo que la casta tiene miedo, de qu\u00e9 tiene miedo hermano&#8230;\u00bfsi nunca te pas\u00f3 nada?, caraduras\u201d, expres\u00f3 ya sobre el final de su charla para volver nuevamente sobre la figura de Milei. Autom\u00e1ticamente baj\u00f3 de las tribunas el \u201cCristina presidenta\u201d. La vicepresidenta no devolvi\u00f3 el gesto y habl\u00f3 sobre el futuro, sobre el pa\u00eds que quiere para sus nietos y la defensa de los recursos naturales.&nbsp;<strong>Cristina Kirchner plant\u00f3 el qu\u00e9 hacer. El Frente de Todos deber\u00e1 seguir discutiendo el c\u00f3mo.<\/strong><\/p>\n\n\n\n<p>Afuera, miles de personas de diferentes agrupaciones se apostaron sobre la esquina de calle 9 y 53 para seguir el acto por pantallas gigantes. La liturgia a la que est\u00e1 acostumbrada el kirchnerismo<strong>\u00a0no se llev\u00f3 la certeza de una Cristina Kirchner candidata<\/strong>, pero s\u00ed el saludo de su jefa pol\u00edtica una vez terminado el acto.<\/p>\n\n\n\n<p>Fuente: Infobae<\/p>\n","protected":false},"excerpt":{"rendered":"<div class=\"mh-excerpt\"><p>\u201cNo se hagan los rulos\u201d. Fue lo primero que contest\u00f3 la vicepresidenta,&nbsp;Cristina Kirchner,&nbsp;al planteo de la militancia que este jueves tuvo acceso a la Sala Ginaestera el Teatro Argentino de La Plata. Afuera, una multitud cop\u00f3 las calles del centro de la capital bonaerense y lleg\u00f3 con la idea de tener una certeza de si en las pr\u00f3ximas elecciones podr\u00e1 votar a CFK o deber\u00e1 esperar. Todo pese a que el c\u00e1ntico fuera un\u00edsono dentro y fuera del auditorio: \u201cCristina presidenta\u201d. \u201cEsperamos que marque un rumbo, a eso vinimos\u201d, plante\u00f3 un dirigente de La C\u00e1mpora en la previa del discurso. <a class=\"mh-excerpt-more\" href=\"http:\/\/dsrmedios.com.ar\/diario\/archivos\/32022\" title=\"Cristina Kirchner enfri\u00f3 el operativo clamor y subi\u00f3 a Javier Milei al ring electoral\">[Leer m\u00e1s]<\/a><\/p>\n<\/div>","protected":false},"author":6,"featured_media":32023,"comment_status":"open","ping_status":"closed","sticky":false,"template":"","format":"standard","meta":{"_jetpack_newsletter_access":""},"categories":[6],"tags":[],"jetpack_featured_media_url":"http:\/\/dsrmedios.com.ar\/diario\/wp-content\/uploads\/2023\/04\/0000135712.jpg","jetpack_sharing_enabled":true,"jetpack_shortlink":"https:\/\/wp.me\/p9fihK-8ku","_links":{"self":[{"href":"http:\/\/dsrmedios.com.ar\/diario\/wp-json\/wp\/v2\/posts\/32022"}],"collection":[{"href":"http:\/\/dsrmedios.com.ar\/diario\/wp-json\/wp\/v2\/posts"}],"about":[{"href":"http:\/\/dsrmedios.com.ar\/diario\/wp-json\/wp\/v2\/types\/post"}],"author":[{"embeddable":true,"href":"http:\/\/dsrmedios.com.ar\/diario\/wp-json\/wp\/v2\/users\/6"}],"replies":[{"embeddable":true,"href":"http:\/\/dsrmedios.com.ar\/diario\/wp-json\/wp\/v2\/comments?post=32022"}],"version-history":[{"count":1,"href":"http:\/\/dsrmedios.com.ar\/diario\/wp-json\/wp\/v2\/posts\/32022\/revisions"}],"predecessor-version":[{"id":32024,"href":"http:\/\/dsrmedios.com.ar\/diario\/wp-json\/wp\/v2\/posts\/32022\/revisions\/32024"}],"wp:featuredmedia":[{"embeddable":true,"href":"http:\/\/dsrmedios.com.ar\/diario\/wp-json\/wp\/v2\/media\/32023"}],"wp:attachment":[{"href":"http:\/\/dsrmedios.com.ar\/diario\/wp-json\/wp\/v2\/media?parent=32022"}],"wp:term":[{"taxonomy":"category","embeddable":true,"href":"http:\/\/dsrmedios.com.ar\/diario\/wp-json\/wp\/v2\/categories?post=32022"},{"taxonomy":"post_tag","embeddable":true,"href":"http:\/\/dsrmedios.com.ar\/diario\/wp-json\/wp\/v2\/tags?post=32022"}],"curies":[{"name":"wp","href":"https:\/\/api.w.org\/{rel}","templated":true}]}}