{"id":32019,"date":"2023-04-28T07:05:28","date_gmt":"2023-04-28T10:05:28","guid":{"rendered":"http:\/\/dsrmedios.com.ar\/diario\/?p=32019"},"modified":"2023-04-28T07:05:32","modified_gmt":"2023-04-28T10:05:32","slug":"las-razones-de-la-embestida-de-cristina-kirchner-contra-javier-milei-entre-la-rabia-y-el-miedo","status":"publish","type":"post","link":"http:\/\/dsrmedios.com.ar\/diario\/archivos\/32019","title":{"rendered":"Las razones de la embestida de Cristina Kirchner contra Javier Milei: entre la rabia y el miedo"},"content":{"rendered":"\n<p>La duda est\u00e1 en si se trat\u00f3 de un acto calculado, un enojo simulado, o una reacci\u00f3n visceral, desprovista de estrategias. El virulento ataque de<strong>&nbsp;Cristina Kirchner&nbsp;<\/strong>desde el Teatro Argentino de La Plata contra<strong>&nbsp;Javier Milei<\/strong>, el diputado libertario que quiere ser presidente, gener\u00f3 m\u00faltiples interpretaciones pol\u00edticas y especulaciones electorales.<\/p>\n\n\n\n<p>\u201cEsos mamarrachos que andan diciendo que \u2018la casta tiene miedo\u2019&#8230; \u00bfDe qu\u00e9 tiene miedo?&#8230; Si nunca te pas\u00f3 nada, hermano.&nbsp;<strong>\u00a1Qu\u00e9 me ven\u00eds a joder con que te tenemos miedo! \u00bfDe d\u00f3nde te tenemos miedo? \u00a1Caraduras! \u00a1Caraduras!<\/strong>\u201d, lanz\u00f3 la vicepresidenta desde el escenario.<\/p>\n\n\n\n<p>As\u00ed empez\u00f3 el tramo m\u00e1s fuerte de un discurso que estuvo dominado por las cr\u00edticas y acusaciones a la oposici\u00f3n, a los empresarios y al Fondo Monetario Internacional por las penurias econ\u00f3micas que soportan los argentinos, a casi 41 meses del gobierno que lideran Alberto Fern\u00e1ndez y la propia Cristina.<\/p>\n\n\n\n<p><img decoding=\"async\" loading=\"lazy\" height=\"1080\" width=\"1920\" srcset=\"https:\/\/www.infobae.com\/new-resizer\/kHcwGQCkB5nWPL4kj9X363Upobo=\/420x236\/filters:format(webp):quality(85)\/cloudfront-us-east-1.images.arcpublishing.com\/infobae\/ZMM23BQIZRESRGJOVKDFEWEP54.jpg 420w,https:\/\/www.infobae.com\/new-resizer\/j3TdFsYLdGEe-L8XUWSsE-zZiG4=\/768x432\/filters:format(webp):quality(85)\/cloudfront-us-east-1.images.arcpublishing.com\/infobae\/ZMM23BQIZRESRGJOVKDFEWEP54.jpg 768w,https:\/\/www.infobae.com\/new-resizer\/t3t6g3NH8KyQb5HdLWdlIVlEuLA=\/992x558\/filters:format(webp):quality(85)\/cloudfront-us-east-1.images.arcpublishing.com\/infobae\/ZMM23BQIZRESRGJOVKDFEWEP54.jpg 992w,https:\/\/www.infobae.com\/new-resizer\/Oxz4SCfnGB-OvGrs2Ezb-U14Kgc=\/1200x675\/filters:format(webp):quality(85)\/cloudfront-us-east-1.images.arcpublishing.com\/infobae\/ZMM23BQIZRESRGJOVKDFEWEP54.jpg 1200w,https:\/\/www.infobae.com\/new-resizer\/oiZn4auUuscwUouDhfvqGDZFnUU=\/1440x810\/filters:format(webp):quality(85)\/cloudfront-us-east-1.images.arcpublishing.com\/infobae\/ZMM23BQIZRESRGJOVKDFEWEP54.jpg 1440w\" class=\"\" src=\"https:\/\/cloudfront-us-east-1.images.arcpublishing.com\/infobae\/ZMM23BQIZRESRGJOVKDFEWEP54.jpg\" alt=\"Javier Milei le respondi\u00f3 con dureza a la vicepresidenta. &quot;La casta est\u00e1 aterrada&quot;, dijo.\">Javier Milei le respondi\u00f3 con dureza a la vicepresidenta. &#8220;La casta est\u00e1 aterrada&#8221;, dijo.<\/p>\n\n\n\n<p>Fue una \u201cclase magistral\u201d que dej\u00f3 con gusto a poco a los dirigentes y militantes que fueron al mismo teatro donde en 2007 CFK lanz\u00f3 la campa\u00f1a para su primera presidencia.&nbsp;<strong>\u201cYo ya viv\u00ed, ya di lo que ten\u00eda que dar\u201d<\/strong>, les aclar\u00f3 a los que hab\u00edan ido a escucharla con la esperanza de que \u201chiciera lo impensado\u201d y anunciara que ir\u00eda por otro mandato. Pero no pas\u00f3.<\/p>\n\n\n\n<p>En cambio, ejecut\u00f3 una embestida contra Milei, no sin antes ordenar que dejaran de cantar el ya desgastado \u2018<em>Presidenta, Cristina Presidenta<\/em>\u2019: \u201cQue no me jodan m\u00e1s con fantas\u00edas. Ac\u00e1&nbsp;<strong>no es casualidad que la \u00fanica dirigente pol\u00edtica que fue condenada, proscripta, inhabilitada e intentada (sic) asesinar sea una sola<\/strong>\u201d. Tras esa definici\u00f3n lanz\u00f3 munici\u00f3n gruesa contra el l\u00edder libertario, a quien evit\u00f3 nombrar en todo momento.<\/p>\n\n\n\n<p>\u201cEs incre\u00edble&#8230; Perseguida, mis hijos. Me quisieron matar y no quieren investigar a quienes me quisieron matar y tienen evidentes compromisos con sectores empresarios. \u00bfMiedo? Miedo tengo porque mis nietos puedan crecer en un pa\u00eds tan injusto, tan inequitativo. A eso s\u00ed le tengo miedo -prosigui\u00f3 una Cristina Kirchner con voz quebrada, conmovida-.&nbsp;<strong>Yo ya viv\u00ed, ya di lo que ten\u00eda que dar<\/strong>. Temo por los j\u00f3venes, temo por los pibes, porque hay demasiada cobard\u00eda, hay demasiada hipocres\u00eda, y esto es lo que est\u00e1 pasando en la Rep\u00fablica Argentina\u201d.<\/p>\n\n\n\n<p>Aunque fueron las frases m\u00e1s saliente, en el discurso la vicepresidenta no s\u00f3lo abord\u00f3 el caso Milei. Tambi\u00e9n hubo una cr\u00edtica al internismo que se desat\u00f3 despu\u00e9s despu\u00e9s de que les pidiera a cada militante y dirigente tomar \u201cel bast\u00f3n de mariscal\u201d en sus manos. Hubo una \u00e1cida referencia al Presidente y un apoyo expl\u00edcito a la gesti\u00f3n del ministro de Econom\u00eda, Sergio Massa, quien busca en el final de la semana terminar de conjurar la corrida cambiaria.<\/p>\n\n\n\n<p><img decoding=\"async\" loading=\"lazy\" height=\"1301\" width=\"1920\" srcset=\"https:\/\/www.infobae.com\/new-resizer\/pM2Q9QXS0CIQDkO90Z4GwK6aPaI=\/420x280\/filters:format(webp):quality(85)\/cloudfront-us-east-1.images.arcpublishing.com\/infobae\/KSF6DI2TUZCX7IOIXHFD73HJQA.jpg 420w,https:\/\/www.infobae.com\/new-resizer\/su-Pn4ALt6qt5Ee7EtozBBXn9Qw=\/768x512\/filters:format(webp):quality(85)\/cloudfront-us-east-1.images.arcpublishing.com\/infobae\/KSF6DI2TUZCX7IOIXHFD73HJQA.jpg 768w,https:\/\/www.infobae.com\/new-resizer\/mxLHSqeqZIsfrLSMGYkCxWGSGKs=\/992x661\/filters:format(webp):quality(85)\/cloudfront-us-east-1.images.arcpublishing.com\/infobae\/KSF6DI2TUZCX7IOIXHFD73HJQA.jpg 992w,https:\/\/www.infobae.com\/new-resizer\/JNvbMmCnlK-M4oTVftFJyt0mDLs=\/1200x800\/filters:format(webp):quality(85)\/cloudfront-us-east-1.images.arcpublishing.com\/infobae\/KSF6DI2TUZCX7IOIXHFD73HJQA.jpg 1200w,https:\/\/www.infobae.com\/new-resizer\/xa-nybwFgR9fuXtZbjWBFHNXWIE=\/1440x960\/filters:format(webp):quality(85)\/cloudfront-us-east-1.images.arcpublishing.com\/infobae\/KSF6DI2TUZCX7IOIXHFD73HJQA.jpg 1440w\" class=\"\" src=\"https:\/\/cloudfront-us-east-1.images.arcpublishing.com\/infobae\/KSF6DI2TUZCX7IOIXHFD73HJQA.jpg\" alt=\"Cristina Kirchner lanz\u00f3 una \u00e1cida frase contra Alberto Fern\u00e1ndez y respald\u00f3 a Sergio Massa. (Aglaplata)\">Cristina Kirchner lanz\u00f3 una \u00e1cida frase contra Alberto Fern\u00e1ndez y respald\u00f3 a Sergio Massa. (Aglaplata)<\/p>\n\n\n\n<h2>C\u00f3mo reaccion\u00f3 Milei<\/h2>\n\n\n\n<p>Horas despu\u00e9s del furioso ataque de la vicepresidenta, el diputado y precandidato presidencial habl\u00f3 con Infobae y dio su interpretaci\u00f3n sobre el episodio. \u201cPrimero, Cristina claramente se reconoci\u00f3 como parte de la casta. Y me ataca, porque sabe que soy el verdadero rival, su enemigo, porque a m\u00ed no me puede comprar y conmigo no hay negociaci\u00f3n posible\u201d.<\/p>\n\n\n\n<p>\u201cCon lo que dijo est\u00e1 claro que la casta no tiene miedo. La casta est\u00e1 aterrada. Me parece que voy a tener que cambiarle la letra a nuestra canci\u00f3n\u201d, manifest\u00f3 el precandidato presidencial por La Libertad Avanza, en un di\u00e1logo telef\u00f3nico con este medio cerca de la medianoche.<\/p>\n\n\n\n<p>Y agreg\u00f3: \u201cReaccion\u00f3 as\u00ed, Cristina me atac\u00f3 de manera tan violenta porque les estoy haciendo un desastre a ellos en la provincia de Buenos Aires, que es su base electoral. Ellos est\u00e1n perdiendo cada vez m\u00e1s votantes y lo saben. Les pasa en La Matanza y en todo el Conurbano\u201d.<\/p>\n\n\n\n<p>Para Milei, el nerviosismo que hay en el kirchnerismo se basa en que las encuestas est\u00e1n mostrando que Juntos por el Cambio mantiene el 32% que obtuvo en las PASO del 2019, mientras que Frente de Todos perdi\u00f3 la mitad del 48% de las \u00faltimas primarias. El l\u00edder libertario interpreta que la mayor\u00eda de ese electorado lo estar\u00eda acompa\u00f1ando a \u00e9l.<\/p>\n\n\n\n<p>El diputado y precandidato presidencial si bien cuestion\u00f3 la \u201cviolencia\u201d del ataque de la vicepresidenta, apunt\u00f3 contra Horacio Rodr\u00edguez Larreta: \u201cCristina dice las cosas de frente, pero del otro lado son igual o m\u00e1s violentos, aunque se muestren con buenos modales\u201d.<\/p>\n\n\n\n<h2>Naci\u00f3n, Provincia y Kicillof<\/h2>\n\n\n\n<p><img decoding=\"async\" loading=\"lazy\" alt=\"M\u00e1ximo Kirchner, Axel Kicillof, Andr\u00e9s &quot;El Cuervo&quot; Larroque, Jorge Ferraresi, y detr\u00e1s, Mart\u00edn Sabbatella. \" height=\"547\" width=\"1043\" class=\"\" src=\"https:\/\/cloudfront-us-east-1.images.arcpublishing.com\/infobae\/MOVNRJTQ75ELXNYJHMJAP25ZZE.PNG\" srcset=\"https:\/\/www.infobae.com\/new-resizer\/LgPTiMw0vAmWaST10EKTeLn8nWI=\/420x236\/filters:format(webp):quality(85)\/cloudfront-us-east-1.images.arcpublishing.com\/infobae\/MOVNRJTQ75ELXNYJHMJAP25ZZE.PNG 420w,https:\/\/www.infobae.com\/new-resizer\/r5K8xVMDnt8cGJXZa5VXAKJBsuU=\/768x432\/filters:format(webp):quality(85)\/cloudfront-us-east-1.images.arcpublishing.com\/infobae\/MOVNRJTQ75ELXNYJHMJAP25ZZE.PNG 768w,https:\/\/www.infobae.com\/new-resizer\/lXtPugG9lgA12RZiK8YTyeQB5ZM=\/992x558\/filters:format(webp):quality(85)\/cloudfront-us-east-1.images.arcpublishing.com\/infobae\/MOVNRJTQ75ELXNYJHMJAP25ZZE.PNG 992w,https:\/\/www.infobae.com\/new-resizer\/pJ0T0V9R834w1DhZ3dKFKhRGdvw=\/1200x675\/filters:format(webp):quality(85)\/cloudfront-us-east-1.images.arcpublishing.com\/infobae\/MOVNRJTQ75ELXNYJHMJAP25ZZE.PNG 1200w,https:\/\/www.infobae.com\/new-resizer\/fsimU_69dKd2Vk7aV1JgicS7IKY=\/1440x810\/filters:format(webp):quality(85)\/cloudfront-us-east-1.images.arcpublishing.com\/infobae\/MOVNRJTQ75ELXNYJHMJAP25ZZE.PNG 1440w\">M\u00e1ximo Kirchner, Axel Kicillof, Andr\u00e9s &#8220;El Cuervo&#8221; Larroque, Jorge Ferraresi, y detr\u00e1s, Mart\u00edn Sabbatella.<\/p>\n\n\n\n<p>Las especulaciones sobre las razones del fastidio de Cristina Kirchner tienen que ver con que la embestida coincide con una subida en las encuestas de Milei en el \u00e1mbito nacional y en el bonaerense y una ca\u00edda sensible en las mediciones del Frente de Todos, m\u00e1s all\u00e1 de que todav\u00eda no tenga definido candidatos.<\/p>\n\n\n\n<p>Para Patricia Bullrich, que compite con Horacio Rodr\u00edguez Larreta dentro de Juntos por el Cambio, las cr\u00edticas de la vicepresidenta a Milei buscan, en realidad, perjudicar a la principal coalici\u00f3n opositora. \u201cCristina levanta a Milei y lo hace porque quiere que perdamos nosotros. Milei es una persona que ha crecido pero JxC es una fuerza potente con capacidad de gobierno, con intendentes y gobernadores y tiene la posibilidad de pasar todas las leyes que tenemos que pasar\u201d.<\/p>\n\n\n\n<p>M\u00e1s all\u00e1 de que le reconoci\u00f3 al l\u00edder libertario el crecimiento en las encuestas, resalt\u00f3 que como fuerza pol\u00edtica La Libertad Avanza \u201ctiene cero gobernadores, cero intendentes, cero senadores y muy pocos diputados. Para las reformas que hay que hacer se necesitan aprobar leyes y Juntos por el Cambio va a tener el n\u00famero para aprobar las reformas\u201d, explic\u00f3.<\/p>\n\n\n\n<p>Adem\u00e1s, otro factor clave es que Milei todav\u00eda no defini\u00f3 un candidato a gobernador en la provincia de Buenos Aires y, si bien tiene representaci\u00f3n en los 135 municipios, el peronismo, el radicalismo y el PRO corren, en principio, con la ventaja de estructuras aceitadas y funcionando desde hace a\u00f1os.<\/p>\n\n\n\n<p>En una elecci\u00f3n cerrada y dividida en tercios, una eventual candidatura de Axel Kicillof a la reelecci\u00f3n podr\u00eda verse favorecida si hay la oferta electoral de la oposici\u00f3n se divide en dos: JxC y LLA. De hecho, ese riesgo es el que impuls\u00f3 a incorporar a la coalici\u00f3n opositora al liberal Jos\u00e9 Luis Espert, quien hab\u00eda lanzado una precandidatura a gobernador.<\/p>\n\n\n\n<p><img decoding=\"async\" loading=\"lazy\" alt=\"Larreta, Macri y Patricia Bullrich, los otros apuntados por Cristina Kirchner (foto Franco Fafasuli)\" height=\"1080\" width=\"1920\" class=\"\" src=\"https:\/\/cloudfront-us-east-1.images.arcpublishing.com\/infobae\/7WNMFJPMZBFW7NIV5MLFP7ALJA.jpg\" srcset=\"https:\/\/www.infobae.com\/new-resizer\/gi3wX484kEqUC0EzAhs5RVdz0jI=\/420x236\/filters:format(webp):quality(85)\/cloudfront-us-east-1.images.arcpublishing.com\/infobae\/7WNMFJPMZBFW7NIV5MLFP7ALJA.jpg 420w,https:\/\/www.infobae.com\/new-resizer\/C3q9hsXjbO2o-dRdLFEalZGHJA4=\/768x432\/filters:format(webp):quality(85)\/cloudfront-us-east-1.images.arcpublishing.com\/infobae\/7WNMFJPMZBFW7NIV5MLFP7ALJA.jpg 768w,https:\/\/www.infobae.com\/new-resizer\/qeHiq5wtiyiAz1Lk_C41oC2EfVE=\/992x558\/filters:format(webp):quality(85)\/cloudfront-us-east-1.images.arcpublishing.com\/infobae\/7WNMFJPMZBFW7NIV5MLFP7ALJA.jpg 992w,https:\/\/www.infobae.com\/new-resizer\/pnLPSHUsRLsXWSo_rWQI1ftVsJg=\/1200x675\/filters:format(webp):quality(85)\/cloudfront-us-east-1.images.arcpublishing.com\/infobae\/7WNMFJPMZBFW7NIV5MLFP7ALJA.jpg 1200w,https:\/\/www.infobae.com\/new-resizer\/M80K48hV6EF0WipvARFc6TK18Lk=\/1440x810\/filters:format(webp):quality(85)\/cloudfront-us-east-1.images.arcpublishing.com\/infobae\/7WNMFJPMZBFW7NIV5MLFP7ALJA.jpg 1440w\">Larreta, Macri y Patricia Bullrich, los otros apuntados por Cristina Kirchner (foto Franco Fafasuli)<\/p>\n\n\n\n<h2>Perspectivas y an\u00e1lisis<\/h2>\n\n\n\n<p>Pero no s\u00f3lo el acto tuvo como dato sobresaliente el ataque contra Milei.&nbsp;<strong>Federico Aurelio<\/strong>, el presidente de la consultora Aresco-Julio Aurelio, resalt\u00f3 que en su discurso Cristina Kirchner se mostr\u00f3 involucrada en el futuro del peronismo, sobre todo en la definici\u00f3n de un programa que deber\u00eda ser -a su juicio- compartido por los distintos sectores que integran la coalici\u00f3n de gobierno.<\/p>\n\n\n\n<p>\u201cNo pareci\u00f3 el discurso de alguien que solamente relata historias del pasado y da su opini\u00f3n sobre la econom\u00eda del presente, sino que en varios momentos le sum\u00f3 la vocaci\u00f3n de ser una parte importante del peronismo, y que va a intentar que esas pol\u00edticas se desarrollen en los pr\u00f3ximos tiempos. No se consider\u00f3 retirada ni ausente de lo que se viene, todo lo contrario\u201d, afirm\u00f3 Aurelio.<\/p>\n\n\n\n<p>Para Federico Aurelio, Cristina Kirchner tuvo en su discurso una parte electoralista, m\u00e1s all\u00e1 de que no sea de una candidatura propia, sino del espacio que ella representa en el Frente de Todos. \u201cSi bien critic\u00f3 el acuerdo con el Fondo Monetario, no tuvo la dureza de otros discursos. Y destac\u00f3 la presencia de la ministra de Desarrollo Social, Victoria Tolosa Paz, y de otros funcionarios, y no profundiz\u00f3 las diferencias internas\u201d, agreg\u00f3.<\/p>\n\n\n\n<p>Aunque hubo cuestionamientos al presidente -\u201del problema de querer gobernar y conformar a todos es que finalmente termin\u00e1s enojando a todos\u201d, dijo- y a la gesti\u00f3n de Mart\u00edn Guzm\u00e1n y de Miguel Pesce en el Banco Central por la administraci\u00f3n de las reservas, responsabiliz\u00f3 m\u00e1s por la crisis a sectores externos de la crisis, FMI, empresas, que inclusive dio nombres, record\u00f3 el analista. Y sobre la embestida contra el l\u00edder libertario, Federico Aurelio reconoci\u00f3 que tuvo que ver con lo que est\u00e1 pasando: \u201cMientras todos los dirigentes nacionales est\u00e1n en el tobog\u00e1n, Milei est\u00e1 subiendo en el ascensor\u201d.<\/p>\n\n\n\n<p>El \u00faltimo aspecto destacable del discurso tuvo que ver con un pedido para moderar las internas que se multiplicaron en los \u00faltimos meses en el seno del oficialismo. \u201cCuando les dije a los compa\u00f1eros y compa\u00f1eras en Avellaneda que sacaran el bast\u00f3n de mariscal no es para d\u00e1rselo por la cabeza a otro compa\u00f1ero o a otra compa\u00f1era. Es para ayudar a pensar una sociedad, un pa\u00eds diferente, y un futuro mejor\u201d, dijo CFK.<\/p>\n\n\n\n<p>M\u00e1s all\u00e1 de que el \u201cc\u00edrculo rojo\u201d sigui\u00f3 el minuto a minuto y la mayor\u00eda de los canales transmitieron o siguieron en vivo su discurso, en las redes sociales, el p\u00fablico se mostr\u00f3 m\u00e1s interesado en las alternativas de la colecta de fondos del club Independiente. Seg\u00fan un informe de la consultora Ad Hoc al que accedi\u00f3 Infobae, hasta las 20:45, cuando termin\u00f3 el acto de Cristina, la conversaci\u00f3n en las redes sobre la colecta del influencer Santiago Maratea ten\u00eda el doble de menciones que la actividad de la dirigente nacional que ocupa una indiscutida centralidad pol\u00edtica desde hace al menos una d\u00e9cada y media. Tiempos nuevos.<\/p>\n\n\n\n<p>Fuente: Infobae<\/p>\n","protected":false},"excerpt":{"rendered":"<div class=\"mh-excerpt\"><p>La duda est\u00e1 en si se trat\u00f3 de un acto calculado, un enojo simulado, o una reacci\u00f3n visceral, desprovista de estrategias. El virulento ataque de&nbsp;Cristina Kirchner&nbsp;desde el Teatro Argentino de La Plata contra&nbsp;Javier Milei, el diputado libertario que quiere ser presidente, gener\u00f3 m\u00faltiples interpretaciones pol\u00edticas y especulaciones electorales. \u201cEsos mamarrachos que andan diciendo que \u2018la casta tiene miedo\u2019&#8230; \u00bfDe qu\u00e9 tiene miedo?&#8230; Si nunca te pas\u00f3 nada, hermano.&nbsp;\u00a1Qu\u00e9 me ven\u00eds a joder con que te tenemos miedo! \u00bfDe d\u00f3nde te tenemos miedo? \u00a1Caraduras! \u00a1Caraduras!\u201d, lanz\u00f3 la vicepresidenta desde el escenario. As\u00ed empez\u00f3 el tramo m\u00e1s fuerte de un discurso que <a class=\"mh-excerpt-more\" href=\"http:\/\/dsrmedios.com.ar\/diario\/archivos\/32019\" title=\"Las razones de la embestida de Cristina Kirchner contra Javier Milei: entre la rabia y el miedo\">[Leer m\u00e1s]<\/a><\/p>\n<\/div>","protected":false},"author":6,"featured_media":32020,"comment_status":"open","ping_status":"closed","sticky":false,"template":"","format":"standard","meta":{"_jetpack_newsletter_access":""},"categories":[6],"tags":[],"jetpack_featured_media_url":"http:\/\/dsrmedios.com.ar\/diario\/wp-content\/uploads\/2023\/04\/VEBWECDS52OGNDQUNSUHBYGXZQ.jpg","jetpack_sharing_enabled":true,"jetpack_shortlink":"https:\/\/wp.me\/p9fihK-8kr","_links":{"self":[{"href":"http:\/\/dsrmedios.com.ar\/diario\/wp-json\/wp\/v2\/posts\/32019"}],"collection":[{"href":"http:\/\/dsrmedios.com.ar\/diario\/wp-json\/wp\/v2\/posts"}],"about":[{"href":"http:\/\/dsrmedios.com.ar\/diario\/wp-json\/wp\/v2\/types\/post"}],"author":[{"embeddable":true,"href":"http:\/\/dsrmedios.com.ar\/diario\/wp-json\/wp\/v2\/users\/6"}],"replies":[{"embeddable":true,"href":"http:\/\/dsrmedios.com.ar\/diario\/wp-json\/wp\/v2\/comments?post=32019"}],"version-history":[{"count":1,"href":"http:\/\/dsrmedios.com.ar\/diario\/wp-json\/wp\/v2\/posts\/32019\/revisions"}],"predecessor-version":[{"id":32021,"href":"http:\/\/dsrmedios.com.ar\/diario\/wp-json\/wp\/v2\/posts\/32019\/revisions\/32021"}],"wp:featuredmedia":[{"embeddable":true,"href":"http:\/\/dsrmedios.com.ar\/diario\/wp-json\/wp\/v2\/media\/32020"}],"wp:attachment":[{"href":"http:\/\/dsrmedios.com.ar\/diario\/wp-json\/wp\/v2\/media?parent=32019"}],"wp:term":[{"taxonomy":"category","embeddable":true,"href":"http:\/\/dsrmedios.com.ar\/diario\/wp-json\/wp\/v2\/categories?post=32019"},{"taxonomy":"post_tag","embeddable":true,"href":"http:\/\/dsrmedios.com.ar\/diario\/wp-json\/wp\/v2\/tags?post=32019"}],"curies":[{"name":"wp","href":"https:\/\/api.w.org\/{rel}","templated":true}]}}