{"id":32011,"date":"2023-04-27T19:37:15","date_gmt":"2023-04-27T22:37:15","guid":{"rendered":"http:\/\/dsrmedios.com.ar\/diario\/?p=32011"},"modified":"2023-04-27T19:37:40","modified_gmt":"2023-04-27T22:37:40","slug":"cristina-kirchner-pidio-revisar-el-acuerdo-con-el-fmi-lo-vinculo-a-la-tension-cambiaria-y-apunto-contra-javier-milei","status":"publish","type":"post","link":"http:\/\/dsrmedios.com.ar\/diario\/archivos\/32011","title":{"rendered":"Cristina Kirchner pidi\u00f3 revisar el acuerdo con el FMI, lo vincul\u00f3 a la tensi\u00f3n cambiaria y apunt\u00f3 contra Javier Milei"},"content":{"rendered":"\n<p>En una nueva clase magistral, Cristina Kirchner brind\u00f3 un discurso de alto contenido pol\u00edtico, electoral y econ\u00f3mico. Como se preve\u00eda, apunt\u00f3 con dureza contra el Fondo Monetario Internacional,&nbsp;<strong>al punto que pidi\u00f3 revisar el acuerdo y lo responsabiliz\u00f3 por la tensi\u00f3n cambiaria de los \u00faltimos d\u00edas.<\/strong>&nbsp;Tambi\u00e9n, de manera sorpresiva, critic\u00f3 en varios tramos a Javier Milei, el economista precandidato a presidente por La Libertad Avanza.<\/p>\n\n\n\n<p>\u201cCuando uno ve lo que sucedi\u00f3 en la \u00faltima semana, comienza a advertir que el problema est\u00e1 en otra parte. Porque el d\u00f3lar se mov\u00eda y los precios se mov\u00edan. Hay que hablar de c\u00f3mo se fijan los precios y si los&nbsp;<strong>mercados<\/strong>&nbsp;son tan competitivos a la hora de fijar precios. Esta semana tuvimos y todav\u00eda tenemos hoy lo que se han denominado corridas bancarias\u201d, comenz\u00f3 sobre este tema la Vicepresidenta.<\/p>\n\n\n\n<p>Y luego vincul\u00f3 directamente esta situaci\u00f3n al organismo multilateral de cr\u00e9dito al resaltar que fue la decisi\u00f3n de intervenir en el mercado de cambio con el&nbsp;<strong>Banco Central<\/strong>&nbsp;en el marco de la volatilidad de la moneda, lo que calm\u00f3 la situaci\u00f3n esta semana.<strong>&nbsp;\u201cEl FMI lo prohib\u00eda\u201d,<\/strong>&nbsp;enfatiz\u00f3.<\/p>\n\n\n\n<p>Al respecto, cerr\u00f3 con una cr\u00edtica, aunque sin nombrarlo, hacia&nbsp;<strong>Alberto Fern\u00e1ndez:<\/strong>&nbsp;\u201cEste es el problema de querer gobernar y conformar a todos: finalmente termin\u00e1s enojando a todos\u201d.<\/p>\n\n\n\n<p><img decoding=\"async\" loading=\"lazy\" alt=\"La vicepresidente Cristina Kirchner, en un pasaje de su clase magistral en La Plata. REUTERS\/Agustin Marcarian\" height=\"2425\" width=\"3638\" class=\"\" src=\"https:\/\/cloudfront-us-east-1.images.arcpublishing.com\/infobae\/JQQJ2RKZLUAXBGRBH7DJXQS5Z4.jpg\" srcset=\"https:\/\/www.infobae.com\/new-resizer\/rGAFeX5oqPUkdnqS3D2lHyXXQYM=\/420x280\/filters:format(webp):quality(85)\/cloudfront-us-east-1.images.arcpublishing.com\/infobae\/JQQJ2RKZLUAXBGRBH7DJXQS5Z4.jpg 420w,https:\/\/www.infobae.com\/new-resizer\/ikyrHSyPiMRyzYpYuBg3SXWQzm0=\/768x512\/filters:format(webp):quality(85)\/cloudfront-us-east-1.images.arcpublishing.com\/infobae\/JQQJ2RKZLUAXBGRBH7DJXQS5Z4.jpg 768w,https:\/\/www.infobae.com\/new-resizer\/7yBMfCl1tu5zjnkj7HhCuDSrSKA=\/992x661\/filters:format(webp):quality(85)\/cloudfront-us-east-1.images.arcpublishing.com\/infobae\/JQQJ2RKZLUAXBGRBH7DJXQS5Z4.jpg 992w,https:\/\/www.infobae.com\/new-resizer\/GmnREYQ3yrTVsbtsxK6pqkTyS28=\/1200x800\/filters:format(webp):quality(85)\/cloudfront-us-east-1.images.arcpublishing.com\/infobae\/JQQJ2RKZLUAXBGRBH7DJXQS5Z4.jpg 1200w,https:\/\/www.infobae.com\/new-resizer\/BXn804tdQstvA9-9YQw8cccBieE=\/1440x960\/filters:format(webp):quality(85)\/cloudfront-us-east-1.images.arcpublishing.com\/infobae\/JQQJ2RKZLUAXBGRBH7DJXQS5Z4.jpg 1440w\">La vicepresidente Cristina Kirchner, en un pasaje de su clase magistral en La Plata. REUTERS\/Agustin Marcarian<\/p>\n\n\n\n<p>Si bien al principio de su discurso mencion\u00f3 la&nbsp;<strong>dolarizaci\u00f3n<\/strong>&nbsp;y se entendi\u00f3 que por elevaci\u00f3n tom\u00f3 distancia de lo planteado por Milei, en el tramo final de su alocuci\u00f3n fue cuando de manera expl\u00edcita le apunt\u00f3 al diputado liberal: \u201cAc\u00e1 no es casualidad que la \u00fanica dirigente condenada, perseguida y a la que intentaron asesinar es una sola. No quiero ser autoreferencial pero<strong>&nbsp;esos mamarrachos que andan diciendo que la casta tiene miedo. \u00bfDe qu\u00e9? Si nunca te pas\u00f3 nada hermano, si nunca te pas\u00f3 nada, \u00bfqu\u00e9 me ven\u00eds a joder que te tenemos miedo? \u00bfDe d\u00f3nde?&nbsp;<\/strong>Caraduras, caraduras. Es incre\u00edble\u201d, vocifer\u00f3.<\/p>\n\n\n\n<p>La vicepresidenta hizo un recorrido del proceso hist\u00f3rico vivido a fines de la d\u00e9cada de los ochenta y a lo largo de los noventa, cuando se aplicaron pol\u00edticas econ\u00f3micas que igualaron el&nbsp;<strong>d\u00f3lar<\/strong>&nbsp;con el&nbsp;<strong>peso argentino<\/strong>. Compar\u00f3 aquel momento con una de las propuestas m\u00e1s resonantes del referente libertario. \u201c\u00bfEs posible que lo estemos discutiendo de nuevo? \u00bfQu\u00e9 nos pasa?\u201d, se quej\u00f3 CFK.<\/p>\n\n\n\n<p>En su explicaci\u00f3n, la vicepresidenta habl\u00f3 del fracaso de ese proceso \u201cque empez\u00f3 como termin\u00f3\u201d, y record\u00f3 que tanto al inicio como al fin de la&nbsp;<strong>convertibilidad<\/strong>&nbsp;se afectaron los&nbsp;<strong>dep\u00f3sitos<\/strong>&nbsp;de los ciudadanos en los bancos. Mencion\u00f3 al&nbsp;<strong>plan Bonex<\/strong>&nbsp;anunciado por el funcionario menemista Erman Gonz\u00e1lez \u201cque en lugar de darte plata te daban un bonito\u201d y lo compar\u00f3 con el&nbsp;<strong>corralito<\/strong>&nbsp;del 2001. \u201cLa bomba explot\u00f3, termin\u00f3 con violencia y muertos en las calles\u201d, rememor\u00f3.<\/p>\n\n\n\n<p>En ese marco, CFK destac\u00f3 la importancia del lanzamiento de la&nbsp;<strong>Escuela Justicialista N\u00e9stor Kirchner<\/strong>, para discutir estos temas \u201cy superar los 20 minutos de&nbsp;<strong>Tik Tok<\/strong>\u201d, en relaci\u00f3n al l\u00edmite de tiempo que impone la red social, popular entre las generaciones j\u00f3venes. En ese contexto les pidi\u00f3 a sus militantes promover el debate, a partir de estos conceptos y la experiencia hist\u00f3rica, \u201cEn las panader\u00edas, en las calles\u201d, pidi\u00f3.<\/p>\n\n\n\n<p><img decoding=\"async\" loading=\"lazy\" alt=\"La movilizaci\u00f3n de La C\u00e1mpora y los militantes kirchneristas a La Plata se produjo a lo largo de toda la jornada (Aglaplata)\" height=\"1276\" width=\"1920\" class=\"\" src=\"https:\/\/cloudfront-us-east-1.images.arcpublishing.com\/infobae\/HUO5DO3FONGPPMYG4KJ56ZD7LQ.jpg\" srcset=\"https:\/\/www.infobae.com\/new-resizer\/FTxuSnW7-g9HqsmUNzIzL6HyXDQ=\/420x280\/filters:format(webp):quality(85)\/cloudfront-us-east-1.images.arcpublishing.com\/infobae\/HUO5DO3FONGPPMYG4KJ56ZD7LQ.jpg 420w,https:\/\/www.infobae.com\/new-resizer\/pSvHGjosm-C0Z-LpKF769gWKVu4=\/768x512\/filters:format(webp):quality(85)\/cloudfront-us-east-1.images.arcpublishing.com\/infobae\/HUO5DO3FONGPPMYG4KJ56ZD7LQ.jpg 768w,https:\/\/www.infobae.com\/new-resizer\/IfNvTonuBX3o2RfHFJAfLRk0RdQ=\/992x661\/filters:format(webp):quality(85)\/cloudfront-us-east-1.images.arcpublishing.com\/infobae\/HUO5DO3FONGPPMYG4KJ56ZD7LQ.jpg 992w,https:\/\/www.infobae.com\/new-resizer\/xERch55CxDdmeKL14rVHWYrzzHg=\/1200x800\/filters:format(webp):quality(85)\/cloudfront-us-east-1.images.arcpublishing.com\/infobae\/HUO5DO3FONGPPMYG4KJ56ZD7LQ.jpg 1200w,https:\/\/www.infobae.com\/new-resizer\/axDhjHbS5-2S6_pL8PTFDV4NCkI=\/1440x960\/filters:format(webp):quality(85)\/cloudfront-us-east-1.images.arcpublishing.com\/infobae\/HUO5DO3FONGPPMYG4KJ56ZD7LQ.jpg 1440w\">La movilizaci\u00f3n de La C\u00e1mpora y los militantes kirchneristas a La Plata se produjo a lo largo de toda la jornada (Aglaplata)<\/p>\n\n\n\n<p>La ex presidenta, jefa de Estado entre 2007 y 2015, tambi\u00e9n asoci\u00f3 el concepto de \u201cArgentina Circular\u201d, t\u00edtulo de su exposici\u00f3n, con los principales referentes de la oposici\u00f3n. All\u00ed sin nombrarlos, record\u00f3 que&nbsp;<strong>Horacio Rodr\u00edguez Larreta<\/strong>&nbsp;fue \u201cjefe del PAMI\u201d, durante el fallido gobierno de&nbsp;<strong>Fernando De La R\u00faa<\/strong>&nbsp;y que&nbsp;<strong>Patricia Bullrich<\/strong>&nbsp;era ministra de Trabajo en esa administraci\u00f3n. \u201cLe recort\u00f3 el 13% a los estatales y a lo jubilados\u201d, se\u00f1al\u00f3.<\/p>\n\n\n\n<p>Luego de ese primer momento, cr\u00edtico contra los opositores al gobierno del Frente de Todos, Cristina Kirchner reconoci\u00f3 algunas coincidencias con el ministro de Econom\u00eda,&nbsp;<strong>Sergio Massa<\/strong>. \u201cEstamos ante un nuevo fen\u00f3meno, el pa\u00eds creci\u00f3 incluso m\u00e1s que en 2015, Pero pasa lo que dijo Sergio, que el pa\u00eds iba a crecer, y yo dije claro, pero alineemos el crecimiento para que no se lo lleven cuatro vivos\u201d. All\u00ed la vicepresidenta defini\u00f3 como un nuevo fen\u00f3meno el hecho de que&nbsp;<strong>trabajadores formales<\/strong>&nbsp;se encuentren por debajo de la l\u00ednea de la&nbsp;<strong>pobreza<\/strong>&nbsp;en Argentina por sus bajos ingresos.<\/p>\n\n\n\n<p>A partir de este punto, habl\u00f3 del problema de la&nbsp;<strong>inflaci\u00f3n<\/strong>&nbsp;que registra Argentina, y se\u00f1al\u00f3 por ello al acuerdo firmado con el&nbsp;<strong>Fondo Monetario Internacional<\/strong>. \u201cSostengo que ese acuerdo es inflacionario, porque es una pol\u00edtica enlatada, que se aplica como una receta monotem\u00e1tica a todos los pa\u00edses\u201d, cuestion\u00f3.<\/p>\n\n\n\n<p><img decoding=\"async\" loading=\"lazy\" alt=\"En el lanzamiento de la Escuela Justicialista N\u00e9stor Kirchner, Nicol\u00e1s Trotta, ex ministro de Educaci\u00f3n del actual gobierno, present\u00f3 el proyecto, luego elogiado por Cristina Kirchner\" height=\"853\" width=\"1280\" class=\"\" src=\"https:\/\/cloudfront-us-east-1.images.arcpublishing.com\/infobae\/UZHI6MIVDNBAZE66HS5PENNDE4.jpeg\" srcset=\"https:\/\/www.infobae.com\/new-resizer\/2jakRXRbTF-RSDmOMCMqFpi6W4w=\/420x280\/filters:format(webp):quality(85)\/cloudfront-us-east-1.images.arcpublishing.com\/infobae\/UZHI6MIVDNBAZE66HS5PENNDE4.jpeg 420w,https:\/\/www.infobae.com\/new-resizer\/VOvcePpwvopuSemissY9xtwLxHY=\/768x512\/filters:format(webp):quality(85)\/cloudfront-us-east-1.images.arcpublishing.com\/infobae\/UZHI6MIVDNBAZE66HS5PENNDE4.jpeg 768w,https:\/\/www.infobae.com\/new-resizer\/mwYRlxW6YqKSa7jkV07WWATnJIU=\/992x661\/filters:format(webp):quality(85)\/cloudfront-us-east-1.images.arcpublishing.com\/infobae\/UZHI6MIVDNBAZE66HS5PENNDE4.jpeg 992w,https:\/\/www.infobae.com\/new-resizer\/XMSVUHiBnrPp5BWVh4C7pMQLMzI=\/1200x800\/filters:format(webp):quality(85)\/cloudfront-us-east-1.images.arcpublishing.com\/infobae\/UZHI6MIVDNBAZE66HS5PENNDE4.jpeg 1200w,https:\/\/www.infobae.com\/new-resizer\/gFiC52IQsjy108darN5VRRtJzDY=\/1440x960\/filters:format(webp):quality(85)\/cloudfront-us-east-1.images.arcpublishing.com\/infobae\/UZHI6MIVDNBAZE66HS5PENNDE4.jpeg 1440w\">En el lanzamiento de la Escuela Justicialista N\u00e9stor Kirchner, Nicol\u00e1s Trotta, ex ministro de Educaci\u00f3n del actual gobierno, present\u00f3 el proyecto, luego elogiado por Cristina Kirchner<\/p>\n\n\n\n<p>All\u00ed, Cristina Kirchner desestim\u00f3 al&nbsp;<strong>d\u00e9ficit fiscal<\/strong>&nbsp;y a la merma en la producci\u00f3n como factores inflacionarios. \u201cUsan ese caballito de batalla\u201d, dijo sobre una cr\u00edtica habitual que recibe de los sectores de oposici\u00f3n y se\u00f1al\u00f3 que s\u00f3lo tres pa\u00edses en la actualidad conservan super\u00e1vit en sus cuentas p\u00fablicas \u201c<strong>Dinamarca, Noruega y Arabia Saudita<\/strong>\u201d. \u201cSon las herramientas con las que cuenta el Estado para intervenir (o la falta de ellas)\u201d, insisti\u00f3.<\/p>\n\n\n\n<p>Luego, en otra menci\u00f3n llana que pareci\u00f3 un gui\u00f1o al ministro Massa, destac\u00f3 como \u201cmuy bueno\u201d el acuerdo firmado con el gobierno chino para utilizar el&nbsp;<strong>swap<\/strong>&nbsp;y as\u00ed solventar con esa herramienta las&nbsp;<strong>importaciones<\/strong>&nbsp;que provengan desde el pa\u00eds asi\u00e1tico a fin de no utilizar d\u00f3lares del Banco Central, y pidi\u00f3 observar la econom\u00eda teniendo en cuenta lo que ocurre en el mundo. \u201cCuando vemos que se dan la mano dos saud\u00edes y en el medio hay un chino, es porque algo est\u00e1 pasando, abran los ojos\u201d, se\u00f1al\u00f3. All\u00ed volvi\u00f3 a desestimar la discusi\u00f3n sobre la posibilidad de dolarizar la econom\u00eda del pa\u00eds. \u201cTenemos problemas nuevos, no podemos tener la cabeza tan vieja de seguir discutiendo estupideces\u201d.<\/p>\n\n\n\n<p>Al finalizar, insisti\u00f3 en la necesidad de centrar la discusi\u00f3n previa a las&nbsp;<strong>elecciones presidenciales<\/strong>&nbsp;de este a\u00f1o en torno a este debate, superando las divisiones internas. \u201cCuando les ped\u00ed en Avellaneda que sacaran el bast\u00f3n de mariscal, no era para peg\u00e1rselo en la cabeza a otro compa\u00f1ero\u201d, sostuvo.<\/p>\n\n\n\n<p>El acto en el Teatro Argentino de La Plata mostr\u00f3 ecuanimidad con los sectores del Frente de Todos, representado en la presencia que reflej\u00f3 el auditorio. Junto a&nbsp;<strong>M\u00e1ximo Kirchner<\/strong>&nbsp;se ubic\u00f3 la presidenta de la C\u00e1mara de Diputados,&nbsp;<strong>Cecilia Moreau<\/strong>, cercana a Massa. Tambi\u00e9n fue aludida en un pasaje la ministra de Desarrollo Social,&nbsp;<strong>Victoria Tolosa Paz<\/strong>. El tono usado por la vicepresidenta se alej\u00f3 de las disputas internas que atravesaron al oficialismo durante todo el mandato de Alberto Fern\u00e1ndez, y se enfoc\u00f3 en sus opositores y los \u201cnuevos problemas\u201d de la econom\u00eda argentina.<\/p>\n\n\n\n<p>Fuente: Infobae<\/p>\n","protected":false},"excerpt":{"rendered":"<div class=\"mh-excerpt\"><p>En una nueva clase magistral, Cristina Kirchner brind\u00f3 un discurso de alto contenido pol\u00edtico, electoral y econ\u00f3mico. Como se preve\u00eda, apunt\u00f3 con dureza contra el Fondo Monetario Internacional,&nbsp;al punto que pidi\u00f3 revisar el acuerdo y lo responsabiliz\u00f3 por la tensi\u00f3n cambiaria de los \u00faltimos d\u00edas.&nbsp;Tambi\u00e9n, de manera sorpresiva, critic\u00f3 en varios tramos a Javier Milei, el economista precandidato a presidente por La Libertad Avanza. \u201cCuando uno ve lo que sucedi\u00f3 en la \u00faltima semana, comienza a advertir que el problema est\u00e1 en otra parte. Porque el d\u00f3lar se mov\u00eda y los precios se mov\u00edan. Hay que hablar de c\u00f3mo se <a class=\"mh-excerpt-more\" href=\"http:\/\/dsrmedios.com.ar\/diario\/archivos\/32011\" title=\"Cristina Kirchner pidi\u00f3 revisar el acuerdo con el FMI, lo vincul\u00f3 a la tensi\u00f3n cambiaria y apunt\u00f3 contra Javier Milei\">[Leer m\u00e1s]<\/a><\/p>\n<\/div>","protected":false},"author":6,"featured_media":32012,"comment_status":"open","ping_status":"closed","sticky":false,"template":"","format":"standard","meta":{"_jetpack_newsletter_access":""},"categories":[6],"tags":[],"jetpack_featured_media_url":"http:\/\/dsrmedios.com.ar\/diario\/wp-content\/uploads\/2023\/04\/descarga-67.jpg","jetpack_sharing_enabled":true,"jetpack_shortlink":"https:\/\/wp.me\/p9fihK-8kj","_links":{"self":[{"href":"http:\/\/dsrmedios.com.ar\/diario\/wp-json\/wp\/v2\/posts\/32011"}],"collection":[{"href":"http:\/\/dsrmedios.com.ar\/diario\/wp-json\/wp\/v2\/posts"}],"about":[{"href":"http:\/\/dsrmedios.com.ar\/diario\/wp-json\/wp\/v2\/types\/post"}],"author":[{"embeddable":true,"href":"http:\/\/dsrmedios.com.ar\/diario\/wp-json\/wp\/v2\/users\/6"}],"replies":[{"embeddable":true,"href":"http:\/\/dsrmedios.com.ar\/diario\/wp-json\/wp\/v2\/comments?post=32011"}],"version-history":[{"count":2,"href":"http:\/\/dsrmedios.com.ar\/diario\/wp-json\/wp\/v2\/posts\/32011\/revisions"}],"predecessor-version":[{"id":32014,"href":"http:\/\/dsrmedios.com.ar\/diario\/wp-json\/wp\/v2\/posts\/32011\/revisions\/32014"}],"wp:featuredmedia":[{"embeddable":true,"href":"http:\/\/dsrmedios.com.ar\/diario\/wp-json\/wp\/v2\/media\/32012"}],"wp:attachment":[{"href":"http:\/\/dsrmedios.com.ar\/diario\/wp-json\/wp\/v2\/media?parent=32011"}],"wp:term":[{"taxonomy":"category","embeddable":true,"href":"http:\/\/dsrmedios.com.ar\/diario\/wp-json\/wp\/v2\/categories?post=32011"},{"taxonomy":"post_tag","embeddable":true,"href":"http:\/\/dsrmedios.com.ar\/diario\/wp-json\/wp\/v2\/tags?post=32011"}],"curies":[{"name":"wp","href":"https:\/\/api.w.org\/{rel}","templated":true}]}}