{"id":32009,"date":"2023-04-27T19:35:19","date_gmt":"2023-04-27T22:35:19","guid":{"rendered":"http:\/\/dsrmedios.com.ar\/diario\/?p=32009"},"modified":"2023-04-27T19:35:23","modified_gmt":"2023-04-27T22:35:23","slug":"que-me-venis-a-joder-con-que-te-tenemos-miedo-cristina-kirchner-apunto-contra-milei-y-el-economista-le-respondio","status":"publish","type":"post","link":"http:\/\/dsrmedios.com.ar\/diario\/archivos\/32009","title":{"rendered":"\u201c\u00bfQu\u00e9 me ven\u00eds a joder con que te tenemos miedo?\u201d: Cristina Kirchner apunt\u00f3 contra Milei y el economista le respondi\u00f3"},"content":{"rendered":"\n<p>El diputado y precandidato presidencial&nbsp;<strong>Javier Milei&nbsp;<\/strong>le respondi\u00f3 este jueves por la noche a la vicepresidenta,&nbsp;<strong>Cristina Kirchner<\/strong>, quien durante un acto en La Plata, aunque sin nombrarlo directamente, cuestion\u00f3 su propuesta de dolarizar y lo desafi\u00f3 al asegurar que no le \u201ctiene miedo\u201d.<\/p>\n\n\n\n<p>\u201cAc\u00e1 no es casualidad que la \u00fanica dirigente condenada, perseguida y a la que intentaron asesinar es una sola. No quiero ser autoreferencial, pero esos&nbsp;<strong>mamarrachos que andan diciendo que la casta tiene miedo.<\/strong>&nbsp;\u00bfDe qu\u00e9? Si nunca te pas\u00f3 nada, hermano, si nunca te pas\u00f3 nada,&nbsp;<strong>\u00bfqu\u00e9 me ven\u00eds a joder con que te tenemos miedo?<\/strong>&nbsp;\u00bfDe d\u00f3nde? Caraduras, caraduras. Es incre\u00edble\u201d, sostuvo la ex mandataria nacional.<\/p>\n\n\n\n<p>Mientras la titular del Senado daba su clase magistral en el Teatro Argentino, en el marco del acto de lanzamiento de la Escuela Justicialista N\u00e9stor Kirchner (EJNK), el dirigente opositor utiliz\u00f3 las redes sociales para defender una de sus principales propuestas de campa\u00f1a.<\/p>\n\n\n\n<p>\u201cCristina Kirchner estuvo un rato largo hablando de dolarizaci\u00f3n. Para variar, al igual que todo el resto de la casta pol\u00edtica, se pronunci\u00f3 a favor del robo y en contra de los argentinos de bien. Aunque se resistan Todos-Juntos, a partir del 10\/12\/2023 se quedan sin juguete\u201d, escribi\u00f3 el l\u00edder de la Libertad Avanza.<\/p>\n\n\n\n<p><img decoding=\"async\" loading=\"lazy\" alt=\"El mensaje del dirigente opositor\" height=\"356\" width=\"890\" class=\"\" src=\"https:\/\/cloudfront-us-east-1.images.arcpublishing.com\/infobae\/KD7TKUHQ4ZAGJB6ERSG537GROM.PNG\" srcset=\"https:\/\/www.infobae.com\/new-resizer\/KYvUgOfxquVfQKwHyEt7ZGWyTTg=\/420x187\/filters:format(webp):quality(85)\/cloudfront-us-east-1.images.arcpublishing.com\/infobae\/KD7TKUHQ4ZAGJB6ERSG537GROM.PNG 420w,https:\/\/www.infobae.com\/new-resizer\/qgYAM9UnKj4VAA_LQIoUl4C8o6s=\/768x341\/filters:format(webp):quality(85)\/cloudfront-us-east-1.images.arcpublishing.com\/infobae\/KD7TKUHQ4ZAGJB6ERSG537GROM.PNG 768w,https:\/\/www.infobae.com\/new-resizer\/8Q8TIXb6GASCpjpDQfB-FjP4RBo=\/992x441\/filters:format(webp):quality(85)\/cloudfront-us-east-1.images.arcpublishing.com\/infobae\/KD7TKUHQ4ZAGJB6ERSG537GROM.PNG 992w,https:\/\/www.infobae.com\/new-resizer\/HYvmcde9jHoJ_ngBvWO5DyTwPG0=\/1200x533\/filters:format(webp):quality(85)\/cloudfront-us-east-1.images.arcpublishing.com\/infobae\/KD7TKUHQ4ZAGJB6ERSG537GROM.PNG 1200w\">El mensaje del dirigente opositor<\/p>\n\n\n\n<p>En sinton\u00eda con Milei, el jefe del bloque de legisladores porte\u00f1os del espacio,<strong>&nbsp;Ramiro Marra<\/strong>, agreg\u00f3: \u201c\u00bfQu\u00e9 pasa? \u00bfEst\u00e1s nerviosa? S\u00ed, somos tus enemigos, tenelo en claro. Con nosotros se te acaban los curros\u201d.<\/p>\n\n\n\n<p>\u201cVamos a dolarizar. Vamos a terminar con la inflaci\u00f3n. Vamos a eliminar todos los impuestos que ustedes crearon. Vamos a rescatar nuestro pa\u00eds de la asociaci\u00f3n il\u00edcita que lo gobierna hace d\u00e9cadas. Vamos a hacer Argentina grande otra vez. Viva la patria\u201d, remarc\u00f3, en tanto, la cuenta oficial de Twiter de La Libertad Avanza.<\/p>\n\n\n\n<p>M\u00e1s temprano, la Vicepresidenta habl\u00f3 sobre la propuesta que puso en agenda el economista liberal, a quien se refiri\u00f3 como \u201cel disc\u00edpulo del de ojitos claros\u201d, en referencia al ex ministro\u00a0<strong>Domingo Cavallo<\/strong>, y asegur\u00f3 que esta herramienta \u201cno frena la inflaci\u00f3n\u201d.<\/p>\n\n\n\n<p>\u201cLa historia de la Rep\u00fablica Argentina es la historia de la&nbsp;<strong>dolarizaci\u00f3n<\/strong>. Me gustar\u00eda analizar eso: nos vienen a decir que lo que fracas\u00f3 a\u00f1os atr\u00e1s hoy puede ser la soluci\u00f3n\u201d, se\u00f1al\u00f3.<\/p>\n\n\n\n<p><img decoding=\"async\" loading=\"lazy\" alt=\"En un acto en La Plata, Cristina Kirchner cuestion\u00f3 la dolarizac\u00f3n (REUTERS\/Agustin Marcarian)\" height=\"1903\" width=\"3383\" class=\"\" src=\"https:\/\/cloudfront-us-east-1.images.arcpublishing.com\/infobae\/DHUAAGRMJOJ5MCZ2TFZZTRFC5U.jpg\" srcset=\"https:\/\/www.infobae.com\/new-resizer\/l09TJ_-9MYbwqem7gKK1SjdKMP4=\/420x236\/filters:format(webp):quality(85)\/cloudfront-us-east-1.images.arcpublishing.com\/infobae\/DHUAAGRMJOJ5MCZ2TFZZTRFC5U.jpg 420w,https:\/\/www.infobae.com\/new-resizer\/jD_z0Kd-icRK_ttxSUqphV3gyaQ=\/768x432\/filters:format(webp):quality(85)\/cloudfront-us-east-1.images.arcpublishing.com\/infobae\/DHUAAGRMJOJ5MCZ2TFZZTRFC5U.jpg 768w,https:\/\/www.infobae.com\/new-resizer\/rnvaHjheJ6AU2Tg2U4rbaY9OWAM=\/992x558\/filters:format(webp):quality(85)\/cloudfront-us-east-1.images.arcpublishing.com\/infobae\/DHUAAGRMJOJ5MCZ2TFZZTRFC5U.jpg 992w,https:\/\/www.infobae.com\/new-resizer\/_XB_c_UI-OHKBtEp4045WFPU_xc=\/1200x675\/filters:format(webp):quality(85)\/cloudfront-us-east-1.images.arcpublishing.com\/infobae\/DHUAAGRMJOJ5MCZ2TFZZTRFC5U.jpg 1200w,https:\/\/www.infobae.com\/new-resizer\/aTANRMfaoQlODCKcSaIX3C7JdMI=\/1440x810\/filters:format(webp):quality(85)\/cloudfront-us-east-1.images.arcpublishing.com\/infobae\/DHUAAGRMJOJ5MCZ2TFZZTRFC5U.jpg 1440w\">En un acto en La Plata, Cristina Kirchner cuestion\u00f3 la dolarizac\u00f3n (REUTERS\/Agustin Marcarian)<\/p>\n\n\n\n<p>En esa l\u00ednea, sigui\u00f3: \u201cEstamos discutiendo lo que fracas\u00f3 hace 20 a\u00f1os y los dirigentes del otro sector pol\u00edticos, de lo que hoy es la alianza que alguna vez fue gobierno, tambi\u00e9n son funcionarios por los que la gente pidi\u00f3 que se vayan todos\u201d.<\/p>\n\n\n\n<p>\u201cEs una<strong>&nbsp;eterna Argentina circular<\/strong>&nbsp;en los personajes y las propuestas, por eso son importantes estos espacios para el debate y la formaci\u00f3n. Convocar a los j\u00f3venes para pensar lo que pas\u00f3. Es imposible avanzar en el presente y futuro sin saber lo que pas\u00f3\u201d, agreg\u00f3.<\/p>\n\n\n\n<p>\u201cEl tema es que la&nbsp;<strong>dolarizaci\u00f3n&nbsp;<\/strong>se presenta como la respuesta y la soluci\u00f3n a la inflaci\u00f3n y si vemos lo que pasa en Ecuador, vemos que la inflaci\u00f3n no para por la dolarizaci\u00f3n\u201d, indic\u00f3 la ex jefa de Estado al exponer gr\u00e1ficos sobre la situaci\u00f3n monetaria en territorio ecuatoriano.<\/p>\n\n\n\n<p>Sin embargo, durante su discurso critic\u00f3 varias veces a Milei y, tras rechazar la idea de que \u201cla casta tiene miedo\u201d, reconoci\u00f3 que ella s\u00ed est\u00e1 asustada porque consider\u00f3 que es \u201cperseguida\u201d yy quienes la \u201cquisieron matar tienen conexiones con empresarios de argentina\u201d.<\/p>\n\n\n\n<p>\u201cMiedo tengo de que mis nietos puedan crecer en un pa\u00eds tan injusto e inequitativo. Yo ya viv\u00ed. Ya di lo que ten\u00eda que dar. Yo ya viv\u00ed. Temo por los j\u00f3venes, por los pibes, porque hay demasiada cobard\u00eda, hipocres\u00eda y esto es lo que est\u00e1 pasando en la Argentina\u201d, cerr\u00f3.<\/p>\n\n\n\n<p>FUENTE: Infobae<\/p>\n","protected":false},"excerpt":{"rendered":"<div class=\"mh-excerpt\"><p>El diputado y precandidato presidencial&nbsp;Javier Milei&nbsp;le respondi\u00f3 este jueves por la noche a la vicepresidenta,&nbsp;Cristina Kirchner, quien durante un acto en La Plata, aunque sin nombrarlo directamente, cuestion\u00f3 su propuesta de dolarizar y lo desafi\u00f3 al asegurar que no le \u201ctiene miedo\u201d. \u201cAc\u00e1 no es casualidad que la \u00fanica dirigente condenada, perseguida y a la que intentaron asesinar es una sola. No quiero ser autoreferencial, pero esos&nbsp;mamarrachos que andan diciendo que la casta tiene miedo.&nbsp;\u00bfDe qu\u00e9? Si nunca te pas\u00f3 nada, hermano, si nunca te pas\u00f3 nada,&nbsp;\u00bfqu\u00e9 me ven\u00eds a joder con que te tenemos miedo?&nbsp;\u00bfDe d\u00f3nde? Caraduras, caraduras. Es <a class=\"mh-excerpt-more\" href=\"http:\/\/dsrmedios.com.ar\/diario\/archivos\/32009\" title=\"\u201c\u00bfQu\u00e9 me ven\u00eds a joder con que te tenemos miedo?\u201d: Cristina Kirchner apunt\u00f3 contra Milei y el economista le respondi\u00f3\">[Leer m\u00e1s]<\/a><\/p>\n<\/div>","protected":false},"author":6,"featured_media":31951,"comment_status":"open","ping_status":"closed","sticky":false,"template":"","format":"standard","meta":{"_jetpack_newsletter_access":""},"categories":[6],"tags":[],"jetpack_featured_media_url":"http:\/\/dsrmedios.com.ar\/diario\/wp-content\/uploads\/2023\/04\/CFW2ZCOUQJAE5DIXEDZ376TQXM.jpg","jetpack_sharing_enabled":true,"jetpack_shortlink":"https:\/\/wp.me\/p9fihK-8kh","_links":{"self":[{"href":"http:\/\/dsrmedios.com.ar\/diario\/wp-json\/wp\/v2\/posts\/32009"}],"collection":[{"href":"http:\/\/dsrmedios.com.ar\/diario\/wp-json\/wp\/v2\/posts"}],"about":[{"href":"http:\/\/dsrmedios.com.ar\/diario\/wp-json\/wp\/v2\/types\/post"}],"author":[{"embeddable":true,"href":"http:\/\/dsrmedios.com.ar\/diario\/wp-json\/wp\/v2\/users\/6"}],"replies":[{"embeddable":true,"href":"http:\/\/dsrmedios.com.ar\/diario\/wp-json\/wp\/v2\/comments?post=32009"}],"version-history":[{"count":1,"href":"http:\/\/dsrmedios.com.ar\/diario\/wp-json\/wp\/v2\/posts\/32009\/revisions"}],"predecessor-version":[{"id":32010,"href":"http:\/\/dsrmedios.com.ar\/diario\/wp-json\/wp\/v2\/posts\/32009\/revisions\/32010"}],"wp:featuredmedia":[{"embeddable":true,"href":"http:\/\/dsrmedios.com.ar\/diario\/wp-json\/wp\/v2\/media\/31951"}],"wp:attachment":[{"href":"http:\/\/dsrmedios.com.ar\/diario\/wp-json\/wp\/v2\/media?parent=32009"}],"wp:term":[{"taxonomy":"category","embeddable":true,"href":"http:\/\/dsrmedios.com.ar\/diario\/wp-json\/wp\/v2\/categories?post=32009"},{"taxonomy":"post_tag","embeddable":true,"href":"http:\/\/dsrmedios.com.ar\/diario\/wp-json\/wp\/v2\/tags?post=32009"}],"curies":[{"name":"wp","href":"https:\/\/api.w.org\/{rel}","templated":true}]}}