{"id":32005,"date":"2023-04-27T09:29:58","date_gmt":"2023-04-27T12:29:58","guid":{"rendered":"http:\/\/dsrmedios.com.ar\/diario\/?p=32005"},"modified":"2023-04-27T09:30:01","modified_gmt":"2023-04-27T12:30:01","slug":"emilio-persico-massa-nos-pidio-que-apretemos-juntos-a-empresarios-para-que-retrotraigan-precios","status":"publish","type":"post","link":"http:\/\/dsrmedios.com.ar\/diario\/archivos\/32005","title":{"rendered":"Emilio P\u00e9rsico: \u201cMassa nos pidi\u00f3 que apretemos juntos a empresarios para que retrotraigan precios\u201d"},"content":{"rendered":"\n<p>Tras la reuni\u00f3n del ministro de Econom\u00eda,<a href=\"https:\/\/tn.com.ar\/economia\/2023\/04\/26\/precios-y-salarios-tras-recibir-el-apoyo-de-la-cgt-massa-anuncio-que-convocara-a-gremios-y-empresarios\/\"><strong>Sergio Massa<\/strong><\/a>&nbsp;con dirigentes de<strong>&nbsp;organizaciones sociales oficialistas,&nbsp;<\/strong>sus principales referentes pidieron que se impongan sanciones a las empresas alimenticias que elevaron los valores de sus productos tras la&nbsp;<a href=\"https:\/\/tn.com.ar\/politica\/2023\/04\/26\/el-gobierno-advierte-que-la-suba-del-dolar-blue-impactara-en-los-precios-y-en-el-abastecimiento-de-productos\/\">disparada del d\u00f3lar blue.<\/a><\/p>\n\n\n\n<p>En ese marco, el titular del Movimimiento Evita y secretario de la Econom\u00eda Social del ministerio de Desarrollo,\u00a0<a rel=\"noreferrer noopener\" href=\"https:\/\/tn.com.ar\/tags\/emilio-persico\/?gclid=CjwKCAjwuqiiBhBtEiwATgvixH3APAgHj-MMyxl_VrBfMnAeEfDEDWH076RdEqwVUFtY-Tb_T-6MxxoCZF4QAvD_BwE\" target=\"_blank\"><strong>Emilio P\u00e9rsico<\/strong><\/a>, asegur\u00f3 que\u00a0<strong>\u201chubo un pedido de Massa para que despu\u00e9s de que se calme el mercado, apretemos juntos a los sectores empresarios para que los aumentos desmedidos que hicieron pensando que el d\u00f3lar se iba para arriba, vuelvan al precio antes de la crisis\u201d<\/strong>.<\/p>\n\n\n\n<p>\u201c<strong>Hubo precios que subieron 9% injustificadamente agarr\u00e1ndose del d\u00f3lar paralelo<\/strong>&nbsp;y ahora baj\u00f3 y los precios no\u201d, insisti\u00f3 en di\u00e1logo con&nbsp;<em>FutuRock<\/em>.<\/p>\n\n\n\n<p>En la misma l\u00ednea que P\u00e9rsico se manifestaron p\u00fablicamente los dirgentes&nbsp;<a href=\"https:\/\/tn.com.ar\/tags\/fernando-chino-navarro\/\" target=\"_blank\" rel=\"noreferrer noopener\"><strong>Fernando<\/strong><\/a><a href=\"https:\/\/tn.com.ar\/tags\/fernando-chino-navarro\/\" target=\"_blank\" rel=\"noreferrer noopener\"><strong>\u2018Chino\u2019 Navarro<\/strong><\/a>&nbsp;(Movimiento Evita) y&nbsp;<strong>Daniel Men\u00e9ndez<\/strong>&nbsp;(Barrios de Pie) que asistieron al encuentro con Massa y sindicalistas de la CGT.<\/p>\n\n\n\n<figure class=\"wp-block-image\"><img decoding=\"async\" src=\"https:\/\/tn.com.ar\/resizer\/FS4Z4oHJS8MhbUCIySwnN8HgYWo=\/767x0\/smart\/filters:format(webp)\/cloudfront-us-east-1.images.arcpublishing.com\/artear\/SA4AQRQXDBAFXFZQS5KIKAGQOA.jpg\" alt=\"En medio de la corrida cambiaria, Sergio Massa mostr\u00f3 el respaldo de la CGT y organizaciones sociales (Foto: Ministerio de Econom\u00eda).\"\/><figcaption class=\"wp-element-caption\">En medio de la corrida cambiaria, Sergio Massa mostr\u00f3 el respaldo de la CGT y organizaciones sociales (Foto: Ministerio de Econom\u00eda).<\/figcaption><\/figure>\n\n\n\n<p>\u201cLos que producen alimentos de forma masiva no tienen razones (para haber incrementado los precios) porque ellos negocian con el d\u00f3lar oficial y no con el blue.&nbsp;<strong>No se entienden los aumentos irresponsables<\/strong>\u201d, expres\u00f3 el secretario de Relaciones con la Sociedad Civil y Desarrollo Comunitario de la Jefatura de Gabinete.<\/p>\n\n\n\n<p>\u201c<strong>Es importante que se aplique la ley a aquellos que constatamos que han aumentado sin justificaci\u00f3n; no solamente retrotraer el precio, sino que paguen lo que la ley determine<\/strong>\u201d, aclar\u00f3 durante una entrevista con&nbsp;<em>Nacional Rock<\/em>.<\/p>\n\n\n\n<p>Por su parte, Men\u00e9ndez, dijo en declaraciones a la&nbsp;<em>AM 750<\/em>&nbsp;que&nbsp;<strong>\u201chay que caerle con todo a los tres o cuatro vivos que hicieron esto. Igual con aquel que quiera remarcar de m\u00e1s\u201d.<\/strong><\/p>\n\n\n\n<h2>Las organizaciones sociales oficialistas celebraron que Massa haya incumplido una cl\u00e1usula del acuerdo con el FMI<\/h2>\n\n\n\n<p>Durante el encuentro del mi\u00e9rcoles entre el ministro de Econom\u00eda,<a href=\"https:\/\/tn.com.ar\/economia\/2023\/04\/26\/precios-y-salarios-tras-recibir-el-apoyo-de-la-cgt-massa-anuncio-que-convocara-a-gremios-y-empresarios\/\"><strong>Sergio Massa<\/strong><\/a>, la c\u00fapula de la&nbsp;<strong>CGT&nbsp;<\/strong>y dirigentes de<strong>&nbsp;organizaciones sociales oficialistas,&nbsp;<\/strong>estos \u00faltimos<strong>&nbsp;celebraron que se incumpliera una de las condiciones del acuerdo con el Fondo Monetario Internacional (FMI) que establec\u00eda no utilizar reservas para intervenir en los d\u00f3lares financieros.<\/strong><\/p>\n\n\n\n<p>\u201cAgradecemos much\u00edsimo al ministro que haya roto el acuerdo para dar la batalla, para\u00a0<strong>anclar el d\u00f3lar\u00a0<\/strong>y para poder\u00a0<strong>bajar la inflaci\u00f3n.<\/strong>\u00a0Vamos a estar siempre, siempre cuente con los sectores populares y tambi\u00e9n cuente con nosotros para\u00a0<strong>marcar a quienes han subido los precios y no los bajen<\/strong>\u201d, se\u00f1al\u00f3 P\u00e9rsico.<\/p>\n\n\n\n<p>En medio de la tensi\u00f3n cambiaria, el Gobierno decidi\u00f3 intervenir en el mercado para&nbsp;<strong>calmar los d\u00f3lares financieros<\/strong>&nbsp;y el FMI confirm\u00f3 que se est\u00e1 rediscutiendo el acuerdo que el organismo mantiene con la Argentina.<\/p>\n\n\n\n<p>Seg\u00fan pudo saber\u00a0<strong>TN\u00a0<\/strong>a trav\u00e9s de fuentes del mercado, a pedido de Massa,\u00a0<strong>el BCRA sali\u00f3 a intervenir\u00a0<\/strong>para intentar contener a los d\u00f3lares financieros. Previamente, el titular del Palacio de Hacienda<strong>\u00a0le avis\u00f3 al FMI, ya que hay una cl\u00e1usula que prohib\u00eda esa maniobra.<\/strong><\/p>\n\n\n\n<p>Fuente: TN<\/p>\n","protected":false},"excerpt":{"rendered":"<div class=\"mh-excerpt\"><p>Tras la reuni\u00f3n del ministro de Econom\u00eda,Sergio Massa&nbsp;con dirigentes de&nbsp;organizaciones sociales oficialistas,&nbsp;sus principales referentes pidieron que se impongan sanciones a las empresas alimenticias que elevaron los valores de sus productos tras la&nbsp;disparada del d\u00f3lar blue. En ese marco, el titular del Movimimiento Evita y secretario de la Econom\u00eda Social del ministerio de Desarrollo,\u00a0Emilio P\u00e9rsico, asegur\u00f3 que\u00a0\u201chubo un pedido de Massa para que despu\u00e9s de que se calme el mercado, apretemos juntos a los sectores empresarios para que los aumentos desmedidos que hicieron pensando que el d\u00f3lar se iba para arriba, vuelvan al precio antes de la crisis\u201d. \u201cHubo precios que <a class=\"mh-excerpt-more\" href=\"http:\/\/dsrmedios.com.ar\/diario\/archivos\/32005\" title=\"Emilio P\u00e9rsico: \u201cMassa nos pidi\u00f3 que apretemos juntos a empresarios para que retrotraigan precios\u201d\">[Leer m\u00e1s]<\/a><\/p>\n<\/div>","protected":false},"author":6,"featured_media":32006,"comment_status":"open","ping_status":"closed","sticky":false,"template":"","format":"standard","meta":{"_jetpack_newsletter_access":""},"categories":[6],"tags":[],"jetpack_featured_media_url":"http:\/\/dsrmedios.com.ar\/diario\/wp-content\/uploads\/2023\/04\/images-30.jpg","jetpack_sharing_enabled":true,"jetpack_shortlink":"https:\/\/wp.me\/p9fihK-8kd","_links":{"self":[{"href":"http:\/\/dsrmedios.com.ar\/diario\/wp-json\/wp\/v2\/posts\/32005"}],"collection":[{"href":"http:\/\/dsrmedios.com.ar\/diario\/wp-json\/wp\/v2\/posts"}],"about":[{"href":"http:\/\/dsrmedios.com.ar\/diario\/wp-json\/wp\/v2\/types\/post"}],"author":[{"embeddable":true,"href":"http:\/\/dsrmedios.com.ar\/diario\/wp-json\/wp\/v2\/users\/6"}],"replies":[{"embeddable":true,"href":"http:\/\/dsrmedios.com.ar\/diario\/wp-json\/wp\/v2\/comments?post=32005"}],"version-history":[{"count":1,"href":"http:\/\/dsrmedios.com.ar\/diario\/wp-json\/wp\/v2\/posts\/32005\/revisions"}],"predecessor-version":[{"id":32007,"href":"http:\/\/dsrmedios.com.ar\/diario\/wp-json\/wp\/v2\/posts\/32005\/revisions\/32007"}],"wp:featuredmedia":[{"embeddable":true,"href":"http:\/\/dsrmedios.com.ar\/diario\/wp-json\/wp\/v2\/media\/32006"}],"wp:attachment":[{"href":"http:\/\/dsrmedios.com.ar\/diario\/wp-json\/wp\/v2\/media?parent=32005"}],"wp:term":[{"taxonomy":"category","embeddable":true,"href":"http:\/\/dsrmedios.com.ar\/diario\/wp-json\/wp\/v2\/categories?post=32005"},{"taxonomy":"post_tag","embeddable":true,"href":"http:\/\/dsrmedios.com.ar\/diario\/wp-json\/wp\/v2\/tags?post=32005"}],"curies":[{"name":"wp","href":"https:\/\/api.w.org\/{rel}","templated":true}]}}