{"id":32002,"date":"2023-04-27T09:27:02","date_gmt":"2023-04-27T12:27:02","guid":{"rendered":"http:\/\/dsrmedios.com.ar\/diario\/?p=32002"},"modified":"2023-04-27T09:27:05","modified_gmt":"2023-04-27T12:27:05","slug":"mauricio-macri-rodriguez-larreta-patricia-bullrich-y-maria-eugenia-vidal-se-reuniran-para-dar-una-senal-de-unidad-y-destrabar-la-interna-del-pro","status":"publish","type":"post","link":"http:\/\/dsrmedios.com.ar\/diario\/archivos\/32002","title":{"rendered":"Mauricio Macri, Rodr\u00edguez Larreta, Patricia Bullrich y Mar\u00eda Eugenia Vidal se reunir\u00e1n para dar una se\u00f1al de unidad y destrabar la interna del PRO"},"content":{"rendered":"\n<p><strong>Mauricio Macri, Horacio Rodr\u00edguez Larreta, Patricia Bullrich&nbsp;<\/strong>y<strong>&nbsp;Mar\u00eda Eugenia Vidal<\/strong>&nbsp;mantendr\u00e1n este viernes por la ma\u00f1ana una reuni\u00f3n que buscar\u00e1&nbsp;<strong>simbolizar la unidad del PRO<\/strong>&nbsp;en medio de la fuerte pelea por la interna porte\u00f1a, que pone en riesgo la paz en&nbsp;<strong>Juntos por el Cambio.<\/strong>&nbsp;Tambi\u00e9n ir\u00e1n&nbsp;<strong>Cristian Ritondo, Diego Santilli, Federico Angelini&nbsp;<\/strong>y<strong>&nbsp;Fernando de Andreis.<\/strong>&nbsp;La excusa para sentarse a conversar nuevamente ser\u00e1 analizar la&nbsp;<strong>situaci\u00f3n econ\u00f3mica,<\/strong>&nbsp;a la que los l\u00edderes opositores consideran&nbsp;<strong>\u201cextremadamente preocupante\u201d.<\/strong><\/p>\n\n\n\n<p>El encuentro, que tendr\u00eda lugar en un lugar a\u00fan no confirmado en San Isidro, tendr\u00e1 lugar luego de que allegados al ex presidente y al jefe de Gobierno consideraban&nbsp;<strong>muy probable<\/strong>&nbsp;que los dos hablaran a solas para tratar de&nbsp;<strong>solucionar&nbsp;<\/strong>el conflicto interno. Esa posibilidad se fue&nbsp;<strong>diluyendo&nbsp;<\/strong>desde principios de esta semana y anoche se termin\u00f3 de confirmar la&nbsp;<strong>reuni\u00f3n cumbre&nbsp;<\/strong>de Macri, Larreta, Bullrich y Vidal, a la que tambi\u00e9n se sumaron los&nbsp;<strong>dos precandidatos a gobernador,<\/strong>&nbsp;Ritondo y Santilli; el flamante presidente del PRO, Angelini, y el principal colaborador de Macri, De Andreis.<\/p>\n\n\n\n<p>En estos d\u00edas circulaban versiones que indicaban que Larreta iba a anunciar que<strong>\u00a0Fern\u00e1n Quir\u00f3s<\/strong>\u00a0<strong>es su<\/strong>\u00a0<strong>\u00fanico candidato a jefe de Gobierno,<\/strong>\u00a0lo que subir\u00eda un escal\u00f3n m\u00e1s en la\u00a0<strong>pulseada\u00a0<\/strong>entre el alcalde porte\u00f1o y el eje Macri-Patricia Bullrich, para que\u00a0<strong>Jorge Macri\u00a0<\/strong>se convierta o no en el postulante exclusivo del PRO contra el radical\u00a0<strong>Mart\u00edn Lousteau.<\/strong>\u00a0Algunos dirigentes creen que, en realidad, Rodr\u00edguez Larreta<strong>\u00a0lanzar\u00eda la f\u00f3rmula Fern\u00e1n Quir\u00f3s-Soledad Acu\u00f1a<\/strong>\u00a0en la ciudad.<\/p>\n\n\n\n<p><img decoding=\"async\" loading=\"lazy\" alt=\"Mauricio Macri y Horacio Rodr\u00edguez Larreta, durante el encuentro que tuvieron en enero en en Villa La Angostura\" height=\"1081\" width=\"1920\" class=\"\" src=\"https:\/\/cloudfront-us-east-1.images.arcpublishing.com\/infobae\/BTSU7BHK4BA63JFW3D73EPYMC4.jpg\" srcset=\"https:\/\/www.infobae.com\/new-resizer\/bbVk_ZCvWdXEEl2xRYyD0tElJ38=\/420x236\/filters:format(webp):quality(85)\/cloudfront-us-east-1.images.arcpublishing.com\/infobae\/BTSU7BHK4BA63JFW3D73EPYMC4.jpg 420w,https:\/\/www.infobae.com\/new-resizer\/rI6RnHfyGyBJ-y_4HIAB9S-wzSw=\/768x432\/filters:format(webp):quality(85)\/cloudfront-us-east-1.images.arcpublishing.com\/infobae\/BTSU7BHK4BA63JFW3D73EPYMC4.jpg 768w,https:\/\/www.infobae.com\/new-resizer\/foBKM8lPfnz67q_9won_Z9TeEvE=\/992x558\/filters:format(webp):quality(85)\/cloudfront-us-east-1.images.arcpublishing.com\/infobae\/BTSU7BHK4BA63JFW3D73EPYMC4.jpg 992w,https:\/\/www.infobae.com\/new-resizer\/lIEF3FwxPj6TAgJIt2H9zeoPLqA=\/1200x675\/filters:format(webp):quality(85)\/cloudfront-us-east-1.images.arcpublishing.com\/infobae\/BTSU7BHK4BA63JFW3D73EPYMC4.jpg 1200w,https:\/\/www.infobae.com\/new-resizer\/QBX4lqmN2YSockM90BX1rA6ngds=\/1440x810\/filters:format(webp):quality(85)\/cloudfront-us-east-1.images.arcpublishing.com\/infobae\/BTSU7BHK4BA63JFW3D73EPYMC4.jpg 1440w\">Mauricio Macri y Horacio Rodr\u00edguez Larreta, durante el encuentro que tuvieron en enero en en Villa La Angostura<\/p>\n\n\n\n<p>El conflicto en el PRO comenz\u00f3 tras anunciarse que los porte\u00f1os votar\u00e1n con el sistema de elecciones concurrentes. Si se confirman las candidaturas de Jorge Macri y de Fern\u00e1n Quir\u00f3s para las PASO porte\u00f1as se convertir\u00e1 en&nbsp;<strong>un duelo de resultados imprevisibles<\/strong>&nbsp;en materia de la din\u00e1mica interna del partido y de Juntos por el Cambio, y tambi\u00e9n en el terreno electoral: el voto&nbsp;<strong>dividido&nbsp;<\/strong>del PRO en la ciudad&nbsp;<strong>favorecer\u00eda&nbsp;<\/strong>a Lousteau para ganar los comicios y convertirse en jefe de Gobierno.<\/p>\n\n\n\n<p>Una de las posibilidades que se mencionan para destrabar la disputa en el PRO pasar\u00eda por<strong>&nbsp;Mar\u00eda Eugenia Vidal:&nbsp;<\/strong>la ex gobernadora est\u00e1 a punto de anunciar si ser\u00e1 o no candidata presidencial y, si se baja, hay quienes apuestan a que se convierta en la postulante&nbsp;<strong>aceptada por todos&nbsp;<\/strong>para la Jefatura de Gobierno. Ella insiste en que&nbsp;<strong>no quiere saber nada.&nbsp;<\/strong>\u201cS\u00f3lo un&nbsp;<strong>pedido conjunto<\/strong>&nbsp;de Mauricio, Horacio y Patricia la podr\u00eda<strong>&nbsp;convencer<\/strong>\u201d,enfatizan en el partido fundado por Macri.<\/p>\n\n\n\n<p>Bullrich y Jorge Macri se reunieron este lunes para analizar el escenario pol\u00edtico porte\u00f1o: acompa\u00f1ada por Juan Pablo Arenaza, la titular del PRO en uso de licencia&nbsp;<strong>aval\u00f3&nbsp;<\/strong>all\u00ed la nueva estrategia del primo del ex presidente de no reclamar que haya un solo candidato del partido sino destacar que&nbsp;<strong>deben competir todos.&nbsp;<\/strong>Para Bullrich, hay que quitarle a Larreta el poder de ser<strong>&nbsp;\u201cel gran elector\u201d<\/strong>&nbsp;en la ciudad y demostrar que Jorge Macri puede enfrentarse&nbsp;<strong>a cualquier candidato<\/strong>&nbsp;y ganarle.<\/p>\n\n\n\n<p><img decoding=\"async\" loading=\"lazy\" alt=\"Fern\u00e1n Quir\u00f3s-Soledad Acu\u00f1a, \u00bfla f\u00f3rmula larretista para competir contra Jorge Macri en las PASO?\" height=\"899\" width=\"1599\" class=\"\" src=\"https:\/\/cloudfront-us-east-1.images.arcpublishing.com\/infobae\/IX3Z3EBXNZFQDFNYN7TZPIPCCE.jpeg\" srcset=\"https:\/\/www.infobae.com\/new-resizer\/aUYUFlNYbX1duFYrrFF1PdaqDS8=\/420x236\/filters:format(webp):quality(85)\/cloudfront-us-east-1.images.arcpublishing.com\/infobae\/IX3Z3EBXNZFQDFNYN7TZPIPCCE.jpeg 420w,https:\/\/www.infobae.com\/new-resizer\/sGgoRHppmc_SPeREKeHgw914pfU=\/768x432\/filters:format(webp):quality(85)\/cloudfront-us-east-1.images.arcpublishing.com\/infobae\/IX3Z3EBXNZFQDFNYN7TZPIPCCE.jpeg 768w,https:\/\/www.infobae.com\/new-resizer\/uSwH-y3GzO9SJq5EmHZ6jq9Clqo=\/992x558\/filters:format(webp):quality(85)\/cloudfront-us-east-1.images.arcpublishing.com\/infobae\/IX3Z3EBXNZFQDFNYN7TZPIPCCE.jpeg 992w,https:\/\/www.infobae.com\/new-resizer\/KP6xZNsRfNT-cRN1-LWENqrY3Tw=\/1200x675\/filters:format(webp):quality(85)\/cloudfront-us-east-1.images.arcpublishing.com\/infobae\/IX3Z3EBXNZFQDFNYN7TZPIPCCE.jpeg 1200w,https:\/\/www.infobae.com\/new-resizer\/KwITV5GCtMQwndrzdLxa0CBjYqA=\/1440x810\/filters:format(webp):quality(85)\/cloudfront-us-east-1.images.arcpublishing.com\/infobae\/IX3Z3EBXNZFQDFNYN7TZPIPCCE.jpeg 1440w\">Fern\u00e1n Quir\u00f3s-Soledad Acu\u00f1a, \u00bfla f\u00f3rmula larretista para competir contra Jorge Macri en las PASO?<\/p>\n\n\n\n<p>Detr\u00e1s del conflicto del PRO porte\u00f1o est\u00e1 la pelea en la&nbsp;<strong>provincia de Buenos Aires,<\/strong>&nbsp;que podr\u00eda solucionarse si los m\u00e1ximos \u00edderes partidarios llegan a un acuerdo. En el decisivo distrito bonaerense Bullrich apunta a que rija el esquema electoral de la<strong>&nbsp;\u201ci latina\u201d,&nbsp;<\/strong>que implica que cada candidato a presidente llevara en una lista a su&nbsp;<strong>propio&nbsp;<\/strong>postulante a intendente y a gobernador, en una apuesta a&nbsp;<strong>extremar&nbsp;<\/strong>la competencia interna y a que los jefes comunales&nbsp;<strong>se jueguen&nbsp;<\/strong>por un presidenciable.<\/p>\n\n\n\n<p>El jefe de Gobierno estaba de acuerdo, pero hace dos semanas hizo un viraje y pas\u00f3 a promover el sistema de la&nbsp;<strong>\u201cv corta\u201d,<\/strong>&nbsp;que implica reflejar en las boletas dos candidatos a presidente, dos a gobernador y un solo postulante a jefe comunal. Los larretistas explicaron que se cambi\u00f3 para&nbsp;<strong>\u201ccontener\u201d<\/strong>&nbsp;a los intendentes, pero en el bullrichismo interpretan que el alcalde porte\u00f1o est\u00e1 tratando de evitar una&nbsp;<strong>fuga de adhesiones&nbsp;<\/strong>hacia su adversaria interna.<\/p>\n\n\n\n<p>En la dirigencia del PRO hay preocupaci\u00f3n por los efectos de las peleas internas en el electorado: las encuestas siguen registrando&nbsp;<strong>estancamiento o baja de la imagen&nbsp;<\/strong>de sus l\u00edderes y de la marca Juntos por el Cambio cuando trascienden los enfrentamientos de sus l\u00edderes. Hasta ahora, el beneficiario de esa tendencia es el libertario&nbsp;<strong>Javier Milei,&nbsp;<\/strong>quien est\u00e1 acumulando adhesiones mayores incluso de la franja de votantes que hab\u00eda elegido al kirchnerismo en anteriores elecciones.<\/p>\n\n\n\n<p><img decoding=\"async\" loading=\"lazy\" alt=\"Mar\u00eda Eugenia Vidal, eje de versiones sobre su posible candidatura a jefa de Gobierno para destrabar la interna del PRO\" height=\"636\" width=\"1024\" class=\"\" src=\"https:\/\/cloudfront-us-east-1.images.arcpublishing.com\/infobae\/YJ5COZIBZFAJ5J5MU6QVKQISA4.jpg\" srcset=\"https:\/\/www.infobae.com\/new-resizer\/vkuL-E5q4R1zXmBO-otRTr3QNZw=\/992x606\/filters:format(webp):quality(85)\/cloudfront-us-east-1.images.arcpublishing.com\/infobae\/YJ5COZIBZFAJ5J5MU6QVKQISA4.jpg 992w\">Mar\u00eda Eugenia Vidal, eje de versiones sobre su posible candidatura a jefa de Gobierno para destrabar la interna del PRO<\/p>\n\n\n\n<p>Esa es una de las razones por las cuales el liberal&nbsp;<strong>Jos\u00e9 Luis Espert<\/strong>&nbsp;est\u00e1 a un paso de sumarse a Juntos por el Cambio como uno de socios plenos. Hace 24 horas, el titular de la UCR,&nbsp;<strong>Gerardo Morales;<\/strong>&nbsp;el jefe de la Coalici\u00f3n C\u00edvica,<strong>&nbsp;Maximiliano Ferraro,<\/strong>&nbsp;y el l\u00edder de Encuentro Republicano Federal,<strong>&nbsp;Miguel Angel Pichetto,<\/strong>&nbsp;quien se lanz\u00f3 como candidato presidencial,&nbsp;<strong>apoyaron&nbsp;<\/strong>desde las redes sociales la incorporaci\u00f3n del diputado de Avanza Libertad a la coalici\u00f3n opositora.<\/p>\n\n\n\n<p>Lo que todav\u00eda no est\u00e1 definido es si Espert ser\u00e1&nbsp;<strong>candidato a presidente o a gobernador bonaerense&nbsp;<\/strong>dentro del espacio de Juntos por el Cambio en las PASO. Ese podr\u00eda analizarse en la reuni\u00f3n cumbre del PRO de ma\u00f1ana porque Rodr\u00edguez Larreta y Bullrich mantienen&nbsp;<strong>profundas diferencias&nbsp;<\/strong>sobre el tema. El jefe de Gobierno busca que Espert dispute la Presidencia en JxC para&nbsp;<strong>captar el voto liberal&nbsp;<\/strong>que respalda a Milei, mientras Bullrich prefiere que compita en la provincia de Buenos Aires para&nbsp;<strong>contribuir al triunfo opositor contra Axel Kicillof&nbsp;<\/strong>y sospecha, en realidad, que la postulaci\u00f3n presidencial del legislador de Avanza Libertad es una&nbsp;<strong>maniobra&nbsp;<\/strong>del larretismo para sacarle votos a ella.<\/p>\n\n\n\n<p>Macri, Larreta, Bullrich y Vidal,&nbsp;<a href=\"https:\/\/www.infobae.com\/politica\/2023\/04\/01\/preocupados-por-la-crisis-macri-larreta-bullrich-y-vidal-se-reunieron-de-urgencia-con-economistas\/\" target=\"_blank\" rel=\"noreferrer noopener\">como anticip\u00f3<strong>&nbsp;Infobae<\/strong>,&nbsp;<\/a>ya se hab\u00edan reunido el 1\u00b0 de abril pasado en las oficinas del ex presidente en Olivos , junto con&nbsp;<strong>economistas&nbsp;<\/strong>del PRO como&nbsp;<strong>Hern\u00e1n Lacunza<\/strong>&nbsp;y&nbsp;<strong>Luciano Laspina,<\/strong>&nbsp;adem\u00e1s de otros expertos del bullrichismo,para evaluar distintos&nbsp;<strong>escenarios&nbsp;<\/strong>sobre la evoluci\u00f3n de la crisis socioecon\u00f3mica, con un tel\u00f3n de fondo: que la situaci\u00f3n<strong>&nbsp;se agrave<\/strong>&nbsp;de manera acelerada antes de las PASO del 13 de agosto y que la tan temida<strong>&nbsp;\u201cbomba\u201d<\/strong>&nbsp;que dejar\u00eda el Frente de Todos si no gana las elecciones condicione un eventual gobierno de Juntos por el Cambio.<\/p>\n\n\n\n<p>Desde entonces, se mantiene el pron\u00f3stico sombr\u00edo sobre la econom\u00eda, pero se sum\u00f3 la aceleraci\u00f3n de la pelea en el PRO, que amaga con transformarse en<strong>\u00a0otra bomba\u00a0<\/strong>que detonar\u00e1 sobre toda la oposici\u00f3n.<\/p>\n\n\n\n<p>Fuente: Infobae<\/p>\n","protected":false},"excerpt":{"rendered":"<div class=\"mh-excerpt\"><p>Mauricio Macri, Horacio Rodr\u00edguez Larreta, Patricia Bullrich&nbsp;y&nbsp;Mar\u00eda Eugenia Vidal&nbsp;mantendr\u00e1n este viernes por la ma\u00f1ana una reuni\u00f3n que buscar\u00e1&nbsp;simbolizar la unidad del PRO&nbsp;en medio de la fuerte pelea por la interna porte\u00f1a, que pone en riesgo la paz en&nbsp;Juntos por el Cambio.&nbsp;Tambi\u00e9n ir\u00e1n&nbsp;Cristian Ritondo, Diego Santilli, Federico Angelini&nbsp;y&nbsp;Fernando de Andreis.&nbsp;La excusa para sentarse a conversar nuevamente ser\u00e1 analizar la&nbsp;situaci\u00f3n econ\u00f3mica,&nbsp;a la que los l\u00edderes opositores consideran&nbsp;\u201cextremadamente preocupante\u201d. El encuentro, que tendr\u00eda lugar en un lugar a\u00fan no confirmado en San Isidro, tendr\u00e1 lugar luego de que allegados al ex presidente y al jefe de Gobierno consideraban&nbsp;muy probable&nbsp;que los dos hablaran a <a class=\"mh-excerpt-more\" href=\"http:\/\/dsrmedios.com.ar\/diario\/archivos\/32002\" title=\"Mauricio Macri, Rodr\u00edguez Larreta, Patricia Bullrich y Mar\u00eda Eugenia Vidal se reunir\u00e1n para dar una se\u00f1al de unidad y destrabar la interna del PRO\">[Leer m\u00e1s]<\/a><\/p>\n<\/div>","protected":false},"author":6,"featured_media":32003,"comment_status":"open","ping_status":"closed","sticky":false,"template":"","format":"standard","meta":{"_jetpack_newsletter_access":""},"categories":[6],"tags":[],"jetpack_featured_media_url":"http:\/\/dsrmedios.com.ar\/diario\/wp-content\/uploads\/2023\/04\/195059w380h214c.jpg.webp","jetpack_sharing_enabled":true,"jetpack_shortlink":"https:\/\/wp.me\/p9fihK-8ka","_links":{"self":[{"href":"http:\/\/dsrmedios.com.ar\/diario\/wp-json\/wp\/v2\/posts\/32002"}],"collection":[{"href":"http:\/\/dsrmedios.com.ar\/diario\/wp-json\/wp\/v2\/posts"}],"about":[{"href":"http:\/\/dsrmedios.com.ar\/diario\/wp-json\/wp\/v2\/types\/post"}],"author":[{"embeddable":true,"href":"http:\/\/dsrmedios.com.ar\/diario\/wp-json\/wp\/v2\/users\/6"}],"replies":[{"embeddable":true,"href":"http:\/\/dsrmedios.com.ar\/diario\/wp-json\/wp\/v2\/comments?post=32002"}],"version-history":[{"count":1,"href":"http:\/\/dsrmedios.com.ar\/diario\/wp-json\/wp\/v2\/posts\/32002\/revisions"}],"predecessor-version":[{"id":32004,"href":"http:\/\/dsrmedios.com.ar\/diario\/wp-json\/wp\/v2\/posts\/32002\/revisions\/32004"}],"wp:featuredmedia":[{"embeddable":true,"href":"http:\/\/dsrmedios.com.ar\/diario\/wp-json\/wp\/v2\/media\/32003"}],"wp:attachment":[{"href":"http:\/\/dsrmedios.com.ar\/diario\/wp-json\/wp\/v2\/media?parent=32002"}],"wp:term":[{"taxonomy":"category","embeddable":true,"href":"http:\/\/dsrmedios.com.ar\/diario\/wp-json\/wp\/v2\/categories?post=32002"},{"taxonomy":"post_tag","embeddable":true,"href":"http:\/\/dsrmedios.com.ar\/diario\/wp-json\/wp\/v2\/tags?post=32002"}],"curies":[{"name":"wp","href":"https:\/\/api.w.org\/{rel}","templated":true}]}}