{"id":31992,"date":"2023-04-27T08:35:14","date_gmt":"2023-04-27T11:35:14","guid":{"rendered":"http:\/\/dsrmedios.com.ar\/diario\/?p=31992"},"modified":"2023-04-27T08:35:17","modified_gmt":"2023-04-27T11:35:17","slug":"presentan-el-cuento-infantil-el-ultimo-habitante-de-epecuen-en-la-feria-del-libro-de-buenos-aires","status":"publish","type":"post","link":"http:\/\/dsrmedios.com.ar\/diario\/archivos\/31992","title":{"rendered":"Presentan el cuento infantil \u201cEl \u00faltimo habitante de Epecu\u00e9n\u201d en la Feria del Libro de Buenos Aires"},"content":{"rendered":"\n<p><\/p>\n\n\n\n<p>El pr\u00f3ximo 2 de mayo a las 20 horas se presentar\u00e1 en la 47\u00b0 Feria Internacional del Libro de Buenos Aires el cuento infantil \u201cEl \u00faltimo habitante de Epecu\u00e9n\u201d . Ser\u00e1 en el stand del Instituto Cultural de la Provincia de Buenos Aires sito en el Pabell\u00f3n amarillo n\u00b01801.<br>El cuento fue escrito por Mar\u00eda Julia Poir\u00e9, ilustrado por Gustavo Garc\u00eda y Maricel Schiebelbain, y dise\u00f1ado por Josefina De Dominicis, retomando una historia local cuyos protagonistas son Don Pablo y su perro Chozno.<br>El cuento fue ganador de dos Becas Creaci\u00f3n del Fondo Nacional de las Artes, en las convocatorias 2021 y 2022.<br>Pr\u00f3ximamente se realizar\u00e1 una presentaci\u00f3n local destinada a p\u00fablico adulto y un evento de narraci\u00f3n del cuento para las infancias.<br>Lo recaudado con su venta ser\u00e1 a beneficio de la Biblioteca Del otro lado del \u00e1rbol Carhu\u00e9.<\/p>\n","protected":false},"excerpt":{"rendered":"<div class=\"mh-excerpt\"><p>El pr\u00f3ximo 2 de mayo a las 20 horas se presentar\u00e1 en la 47\u00b0 Feria Internacional del Libro de Buenos Aires el cuento infantil \u201cEl \u00faltimo habitante de Epecu\u00e9n\u201d . Ser\u00e1 en el stand del Instituto Cultural de la Provincia de Buenos Aires sito en el Pabell\u00f3n amarillo n\u00b01801.El cuento fue escrito por Mar\u00eda Julia Poir\u00e9, ilustrado por Gustavo Garc\u00eda y Maricel Schiebelbain, y dise\u00f1ado por Josefina De Dominicis, retomando una historia local cuyos protagonistas son Don Pablo y su perro Chozno.El cuento fue ganador de dos Becas Creaci\u00f3n del Fondo Nacional de las Artes, en las convocatorias 2021 y <a class=\"mh-excerpt-more\" href=\"http:\/\/dsrmedios.com.ar\/diario\/archivos\/31992\" title=\"Presentan el cuento infantil \u201cEl \u00faltimo habitante de Epecu\u00e9n\u201d en la Feria del Libro de Buenos Aires\">[Leer m\u00e1s]<\/a><\/p>\n<\/div>","protected":false},"author":5,"featured_media":31993,"comment_status":"open","ping_status":"closed","sticky":false,"template":"","format":"standard","meta":{"_jetpack_newsletter_access":""},"categories":[1],"tags":[],"jetpack_featured_media_url":"http:\/\/dsrmedios.com.ar\/diario\/wp-content\/uploads\/2023\/04\/cuento-julia.jpg","jetpack_sharing_enabled":true,"jetpack_shortlink":"https:\/\/wp.me\/p9fihK-8k0","_links":{"self":[{"href":"http:\/\/dsrmedios.com.ar\/diario\/wp-json\/wp\/v2\/posts\/31992"}],"collection":[{"href":"http:\/\/dsrmedios.com.ar\/diario\/wp-json\/wp\/v2\/posts"}],"about":[{"href":"http:\/\/dsrmedios.com.ar\/diario\/wp-json\/wp\/v2\/types\/post"}],"author":[{"embeddable":true,"href":"http:\/\/dsrmedios.com.ar\/diario\/wp-json\/wp\/v2\/users\/5"}],"replies":[{"embeddable":true,"href":"http:\/\/dsrmedios.com.ar\/diario\/wp-json\/wp\/v2\/comments?post=31992"}],"version-history":[{"count":1,"href":"http:\/\/dsrmedios.com.ar\/diario\/wp-json\/wp\/v2\/posts\/31992\/revisions"}],"predecessor-version":[{"id":31994,"href":"http:\/\/dsrmedios.com.ar\/diario\/wp-json\/wp\/v2\/posts\/31992\/revisions\/31994"}],"wp:featuredmedia":[{"embeddable":true,"href":"http:\/\/dsrmedios.com.ar\/diario\/wp-json\/wp\/v2\/media\/31993"}],"wp:attachment":[{"href":"http:\/\/dsrmedios.com.ar\/diario\/wp-json\/wp\/v2\/media?parent=31992"}],"wp:term":[{"taxonomy":"category","embeddable":true,"href":"http:\/\/dsrmedios.com.ar\/diario\/wp-json\/wp\/v2\/categories?post=31992"},{"taxonomy":"post_tag","embeddable":true,"href":"http:\/\/dsrmedios.com.ar\/diario\/wp-json\/wp\/v2\/tags?post=31992"}],"curies":[{"name":"wp","href":"https:\/\/api.w.org\/{rel}","templated":true}]}}