{"id":31974,"date":"2023-04-27T07:32:19","date_gmt":"2023-04-27T10:32:19","guid":{"rendered":"http:\/\/dsrmedios.com.ar\/diario\/?p=31974"},"modified":"2023-04-27T07:32:23","modified_gmt":"2023-04-27T10:32:23","slug":"un-homenaje-merecido-en-la-previa-del-clasico-de-rivera","status":"publish","type":"post","link":"http:\/\/dsrmedios.com.ar\/diario\/archivos\/31974","title":{"rendered":"Un homenaje merecido en la previa del cl\u00e1sico de Rivera"},"content":{"rendered":"\n<p><strong>Fuente www.diarioderivera.com.ar<\/strong><\/p>\n\n\n\n<p>A dos a\u00f1os de la partida del querido y recordado Luis Slobodianinck, el Club Deportivo Rivera homenajear\u00e1 a su ex jugador y dirigente con un acto donde se oficializar\u00e1 la imposici\u00f3n de su nombre al Estadio y Predio Rojo. Ser\u00e1 el pr\u00f3ximo domingo 30 de abril en la antesala del cl\u00e1sico riverense entre Deportivo e Independiente.<br>26 Abr 2023 D\u00e9janos Un Comentario<\/p>\n\n\n\n<p>A dos a\u00f1os de la partida del querido y recordado Luis Slobodianinck, el Club Deportivo Rivera homenajear\u00e1 a su ex jugador y Presidente con un acto donde se oficializar\u00e1 la imposici\u00f3n de su nombre al Estadio del Rojo.<\/p>\n\n\n\n<p>Ser\u00e1 el pr\u00f3ximo domingo 30 de abril, a las 15 horas, en la antesala del cl\u00e1sico riverense entre Deportivo e Independiente.<\/p>\n\n\n\n<p>En el evento, que ser\u00e1 conducido y coordinado por \u00abTochi\u00bb Herbalejo y Pablo Schaper, se descubrir\u00e1 una placa de bienvenida en el monolito de ingreso al Predio del Club y luego, en la cancha, ser\u00e1 descubierto un cartel de 6 metros por 2. Para ello fueron convocados los ex presidentes de la Instituci\u00f3n Deportiva Pablo Felsinger, Sandro Imperatori y Hugo Recalde. Adem\u00e1s fueron invitados los ex presidentes Mary Burgetti y Antonio Tejedor, que motivos personales no podr\u00e1n asistir al evento y el Presidente del Club Atl\u00e9tico independiente de Rivera, Jos\u00e9 Albarrac\u00edn. Todos ellos se sumar\u00e1n en el terreno de juego a la famila de Luis, Claudia Phagouape, Augusto Slobodianinck, Alberto Phagouape y N\u00e9stor Tejedor, para rendirle tributo con el descubrimiento del Cartel con el nombre del estadio \u00abLuis Slobodianinck\u00bb<\/p>\n\n\n\n<p>El acto contar\u00e1 con la presencia del Intendente de Adolfo Alsina, Javier Andres, el Secretario de Deportes, Ezequiel Figueroa y el Delegado de la localidad, Walter Felsinger.<\/p>\n\n\n\n<p>Luis Slobodianinck falleci\u00f3 en Mayo del 2021 tras un agravamiento por un cuadro de Covid. Sus pasiones eran la familia y el f\u00fatbol. En este segundo \u00e1mbito, supo brillar como jugador de Deportivo Rivera, su segundo gran amor.<\/p>\n\n\n\n<p>Toda su vida estuvo al lado del \u00abDepo\u00bb como jugador, hincha o dirigente, donde hasta esa fecha ocupaba el cargo de vicepresidente. Desde afuera o dentro de la cancha siempre apoyando como uno m\u00e1s.<\/p>\n\n\n\n<p>Calzado Amigos hacia honor a su nombre, no solo por el comercio en si, sino porque por \u00abLa Cueva\u00bb pasaban la gente que quer\u00eda a Luis, y si, un mont\u00f3n de buenos amigos reunidos mateando y cont\u00e1ndose el d\u00eda a d\u00eda, as\u00ed le gustaba vivir, rode\u00e1ndose de su gente querida.<\/p>\n\n\n\n<p>En los medios tuvo una larga trayectoria compartiendo mesa con amigos en Radio o Televisi\u00f3n. El programa Realidades se transform\u00f3 en un \u00edcono de la TV riverense y por su mesa pasaron las personas m\u00e1s destacadas de Adolfo Alsina y la regi\u00f3n.<\/p>\n\n\n\n<p>En los \u00faltimos tiempos tambi\u00e9n colabor\u00f3 con este medio, Diario de Rivera, mientras que en radio todas las tardes se tornaban graciosas con sus an\u00e9cdotas en el programa \u00abOtra Tarde\u00bb en Radio 3, pero nunca faltaba el an\u00e1lisis serio de la realidad.<\/p>\n\n\n\n<p>A 2 a\u00f1os de su partida, \u00abLuisito\u00bb, \u00abChuky\u00bb,\u00bbel Petiso\u00bb, se lleva otro gran y merecido homenaje, justamente en su segunda casa, la que llevar\u00e1 su nombre por siempre.<\/p>\n","protected":false},"excerpt":{"rendered":"<div class=\"mh-excerpt\"><p>Fuente www.diarioderivera.com.ar A dos a\u00f1os de la partida del querido y recordado Luis Slobodianinck, el Club Deportivo Rivera homenajear\u00e1 a su ex jugador y dirigente con un acto donde se oficializar\u00e1 la imposici\u00f3n de su nombre al Estadio y Predio Rojo. Ser\u00e1 el pr\u00f3ximo domingo 30 de abril en la antesala del cl\u00e1sico riverense entre Deportivo e Independiente.26 Abr 2023 D\u00e9janos Un Comentario A dos a\u00f1os de la partida del querido y recordado Luis Slobodianinck, el Club Deportivo Rivera homenajear\u00e1 a su ex jugador y Presidente con un acto donde se oficializar\u00e1 la imposici\u00f3n de su nombre al Estadio del <a class=\"mh-excerpt-more\" href=\"http:\/\/dsrmedios.com.ar\/diario\/archivos\/31974\" title=\"Un homenaje merecido en la previa del cl\u00e1sico de Rivera\">[Leer m\u00e1s]<\/a><\/p>\n<\/div>","protected":false},"author":5,"featured_media":31975,"comment_status":"open","ping_status":"closed","sticky":false,"template":"","format":"standard","meta":{"_jetpack_newsletter_access":""},"categories":[46,18],"tags":[],"jetpack_featured_media_url":"http:\/\/dsrmedios.com.ar\/diario\/wp-content\/uploads\/2023\/04\/slobodianinck.jpg","jetpack_sharing_enabled":true,"jetpack_shortlink":"https:\/\/wp.me\/p9fihK-8jI","_links":{"self":[{"href":"http:\/\/dsrmedios.com.ar\/diario\/wp-json\/wp\/v2\/posts\/31974"}],"collection":[{"href":"http:\/\/dsrmedios.com.ar\/diario\/wp-json\/wp\/v2\/posts"}],"about":[{"href":"http:\/\/dsrmedios.com.ar\/diario\/wp-json\/wp\/v2\/types\/post"}],"author":[{"embeddable":true,"href":"http:\/\/dsrmedios.com.ar\/diario\/wp-json\/wp\/v2\/users\/5"}],"replies":[{"embeddable":true,"href":"http:\/\/dsrmedios.com.ar\/diario\/wp-json\/wp\/v2\/comments?post=31974"}],"version-history":[{"count":1,"href":"http:\/\/dsrmedios.com.ar\/diario\/wp-json\/wp\/v2\/posts\/31974\/revisions"}],"predecessor-version":[{"id":31976,"href":"http:\/\/dsrmedios.com.ar\/diario\/wp-json\/wp\/v2\/posts\/31974\/revisions\/31976"}],"wp:featuredmedia":[{"embeddable":true,"href":"http:\/\/dsrmedios.com.ar\/diario\/wp-json\/wp\/v2\/media\/31975"}],"wp:attachment":[{"href":"http:\/\/dsrmedios.com.ar\/diario\/wp-json\/wp\/v2\/media?parent=31974"}],"wp:term":[{"taxonomy":"category","embeddable":true,"href":"http:\/\/dsrmedios.com.ar\/diario\/wp-json\/wp\/v2\/categories?post=31974"},{"taxonomy":"post_tag","embeddable":true,"href":"http:\/\/dsrmedios.com.ar\/diario\/wp-json\/wp\/v2\/tags?post=31974"}],"curies":[{"name":"wp","href":"https:\/\/api.w.org\/{rel}","templated":true}]}}