{"id":31969,"date":"2023-04-27T07:27:46","date_gmt":"2023-04-27T10:27:46","guid":{"rendered":"http:\/\/dsrmedios.com.ar\/diario\/?p=31969"},"modified":"2023-04-27T07:27:49","modified_gmt":"2023-04-27T10:27:49","slug":"urgencia-en-el-gobierno-nacional-un-ministro-exigio-que-alberto-fernandez-cristina-kirchner-y-sergio-massa-se-reunan","status":"publish","type":"post","link":"http:\/\/dsrmedios.com.ar\/diario\/archivos\/31969","title":{"rendered":"Urgencia en el Gobierno nacional: un ministro exigi\u00f3 que Alberto Fern\u00e1ndez, Cristina Kirchner y Sergio Massa se re\u00fanan"},"content":{"rendered":"\n<p>Los problemas econ\u00f3micos en Argentina se agravan d\u00eda a d\u00eda y desde el&nbsp;<strong><a href=\"https:\/\/elintransigente.com\/tag\/gobierno-nacional\/\" target=\"_blank\" rel=\"noreferrer noopener\">Gobierno nacional<\/a><\/strong>&nbsp;la \u00fanica respuesta es que la derecha y un sector \u00abespeculador\u00bb est\u00e1 alterando el precio del d\u00f3lar blue. Sin embargo, el ministro de Obras P\u00fablicas,&nbsp;<strong><a href=\"https:\/\/elintransigente.com\/tag\/gabriel-katopodis\/\" target=\"_blank\" rel=\"noreferrer noopener\">Gabriel Katopodis<\/a><\/strong>, parece no haber quedado conforme con esta respuesta y ahora exigi\u00f3 que&nbsp;<strong><a href=\"https:\/\/twitter.com\/alferdez?ref_src=twsrc%5Egoogle%7Ctwcamp%5Eserp%7Ctwgr%5Eauthor\" target=\"_blank\" rel=\"noreferrer noopener\">Alberto Fern\u00e1ndez<\/a>, Cristina Kirchner<\/strong>&nbsp;y&nbsp;<strong>Sergio Massa<\/strong>&nbsp;se re\u00fanan de urgencia.<\/p>\n\n\n\n<p>El funcionario pidi\u00f3 v\u00eda Twitter que \u00abfrente al ataque contra nuestro pa\u00eds necesitamos que @alferdez, @CFKArgentina y @SergioMassa se junten. Todas y todos los militantes peronistas&nbsp;<strong>nos vamos a poner detr\u00e1s de ellos<\/strong>&nbsp;para defender el derecho de construir una Argentina m\u00e1s justa\u00bb. Esta publicaci\u00f3n la realiz\u00f3 en horas de la tarde, justo despu\u00e9s que cerr\u00f3 el mercado.<\/p>\n\n\n\n<p>A su vez, en declaraciones radiales sostuvo que \u00ab<strong>es imprescindible que los tres est\u00e9n juntos hoy<\/strong>. Est\u00e1 en el campo de la responsabilidad\u00bb de los gobernantes. A pesar de ello, se\u00f1al\u00f3 que \u00abel riesgo es grande\u00bb dentro de la econom\u00eda nacional y por eso mismo reiter\u00f3 que los dirigentes deben \u00abponer la situaci\u00f3n en la gravedad que tiene\u00bb realmente.<\/p>\n\n\n\n<p>\u00abNo estamos para histerias, yo vengo hablando con la militancia, y es un pedido que se transforma en mandato desde la militancia. No hay dudas que frente a una fuerte presi\u00f3n en los mercados y ante una oposici\u00f3n que no ha dejado de sembrar angustia ni un solo d\u00eda,<strong>&nbsp;el peronismo y el Frente de Todos tiene que tener gestos claros y firmes<\/strong>\u00ab, indic\u00f3 el miembro del Gobierno nacional.<\/p>\n\n\n\n<h3 id=\"h-el-pedido-al-peronismo\">El pedido al peronismo<\/h3>\n\n\n\n<p>Por otro lado, Katopodis exigi\u00f3 que \u00ab<strong>el peronismo deje los an\u00e1lisis, las excusas<\/strong>, los lamentos, deje de hablar mal de otros compa\u00f1eros y se enfoque\u00bb en revertir este presente. \u00abEn las dif\u00edciles, las m\u00e1s complicadas, el peronismo se tiene que abroquelar, sacar lo mejor de s\u00ed\u00bb, concluy\u00f3 el ministro, uno de los pocos que se mantiene en el cargo desde el comienzo de la gesti\u00f3n.<\/p>\n\n\n\n<p>Fuente: El Intransigente<\/p>\n","protected":false},"excerpt":{"rendered":"<div class=\"mh-excerpt\"><p>Los problemas econ\u00f3micos en Argentina se agravan d\u00eda a d\u00eda y desde el&nbsp;Gobierno nacional&nbsp;la \u00fanica respuesta es que la derecha y un sector \u00abespeculador\u00bb est\u00e1 alterando el precio del d\u00f3lar blue. Sin embargo, el ministro de Obras P\u00fablicas,&nbsp;Gabriel Katopodis, parece no haber quedado conforme con esta respuesta y ahora exigi\u00f3 que&nbsp;Alberto Fern\u00e1ndez, Cristina Kirchner&nbsp;y&nbsp;Sergio Massa&nbsp;se re\u00fanan de urgencia. El funcionario pidi\u00f3 v\u00eda Twitter que \u00abfrente al ataque contra nuestro pa\u00eds necesitamos que @alferdez, @CFKArgentina y @SergioMassa se junten. Todas y todos los militantes peronistas&nbsp;nos vamos a poner detr\u00e1s de ellos&nbsp;para defender el derecho de construir una Argentina m\u00e1s justa\u00bb. Esta <a class=\"mh-excerpt-more\" href=\"http:\/\/dsrmedios.com.ar\/diario\/archivos\/31969\" title=\"Urgencia en el Gobierno nacional: un ministro exigi\u00f3 que Alberto Fern\u00e1ndez, Cristina Kirchner y Sergio Massa se re\u00fanan\">[Leer m\u00e1s]<\/a><\/p>\n<\/div>","protected":false},"author":6,"featured_media":31971,"comment_status":"open","ping_status":"closed","sticky":false,"template":"","format":"standard","meta":{"_jetpack_newsletter_access":""},"categories":[6],"tags":[],"jetpack_featured_media_url":"http:\/\/dsrmedios.com.ar\/diario\/wp-content\/uploads\/2023\/04\/descarga-65.jpg","jetpack_sharing_enabled":true,"jetpack_shortlink":"https:\/\/wp.me\/p9fihK-8jD","_links":{"self":[{"href":"http:\/\/dsrmedios.com.ar\/diario\/wp-json\/wp\/v2\/posts\/31969"}],"collection":[{"href":"http:\/\/dsrmedios.com.ar\/diario\/wp-json\/wp\/v2\/posts"}],"about":[{"href":"http:\/\/dsrmedios.com.ar\/diario\/wp-json\/wp\/v2\/types\/post"}],"author":[{"embeddable":true,"href":"http:\/\/dsrmedios.com.ar\/diario\/wp-json\/wp\/v2\/users\/6"}],"replies":[{"embeddable":true,"href":"http:\/\/dsrmedios.com.ar\/diario\/wp-json\/wp\/v2\/comments?post=31969"}],"version-history":[{"count":1,"href":"http:\/\/dsrmedios.com.ar\/diario\/wp-json\/wp\/v2\/posts\/31969\/revisions"}],"predecessor-version":[{"id":31972,"href":"http:\/\/dsrmedios.com.ar\/diario\/wp-json\/wp\/v2\/posts\/31969\/revisions\/31972"}],"wp:featuredmedia":[{"embeddable":true,"href":"http:\/\/dsrmedios.com.ar\/diario\/wp-json\/wp\/v2\/media\/31971"}],"wp:attachment":[{"href":"http:\/\/dsrmedios.com.ar\/diario\/wp-json\/wp\/v2\/media?parent=31969"}],"wp:term":[{"taxonomy":"category","embeddable":true,"href":"http:\/\/dsrmedios.com.ar\/diario\/wp-json\/wp\/v2\/categories?post=31969"},{"taxonomy":"post_tag","embeddable":true,"href":"http:\/\/dsrmedios.com.ar\/diario\/wp-json\/wp\/v2\/tags?post=31969"}],"curies":[{"name":"wp","href":"https:\/\/api.w.org\/{rel}","templated":true}]}}