{"id":31967,"date":"2023-04-27T07:24:53","date_gmt":"2023-04-27T10:24:53","guid":{"rendered":"http:\/\/dsrmedios.com.ar\/diario\/?p=31967"},"modified":"2023-04-27T07:24:57","modified_gmt":"2023-04-27T10:24:57","slug":"patricia-bullrich-liquido-a-sergio-massa-la-accion-penal-se-la-tiene-que-hacer-el-mismo-por-irresponsable","status":"publish","type":"post","link":"http:\/\/dsrmedios.com.ar\/diario\/archivos\/31967","title":{"rendered":"Patricia Bullrich liquid\u00f3 a Sergio Massa: \u00abLa acci\u00f3n penal se la tiene que hacer \u00e9l mismo por irresponsable\u00bb"},"content":{"rendered":"\n<p><strong><a href=\"https:\/\/elintransigente.com\/tag\/patricia-bullrich\/\" target=\"_blank\" rel=\"noreferrer noopener\">Patricia Bullrich<\/a><\/strong>&nbsp;es una de las principales dirigentes que tiene la pol\u00edtica argentina. Su presencia ya no solo se da por su pasado como ministra de Seguridad de la Naci\u00f3n durante la presidencia de Mauricio Macri. Como precandidata a presidenta, apunt\u00f3 contra el&nbsp;<strong><a href=\"https:\/\/elintransigente.com\/tag\/gobierno-nacional\/\" target=\"_blank\" rel=\"noreferrer noopener\">Gobierno nacional<\/a><\/strong>&nbsp;y, principalmente, contra&nbsp;<strong><a href=\"http:\/\/twitter.com\/sergiomassa\" target=\"_blank\" rel=\"noreferrer noopener\">Sergio Massa<\/a><\/strong>&nbsp;por la&nbsp;<strong>corrida cambiaria<\/strong>&nbsp;de los \u00faltimos d\u00edas.<\/p>\n\n\n\n<p>La referente de Juntos por el Cambio opin\u00f3 sobre el grave problema cambiario que tiene el pa\u00eds tras una semana donde el d\u00f3lar aument\u00f3 exponencialmente. Ante el contexto complejo, arremeti\u00f3 contra Alberto Fern\u00e1ndez: \u00ab<strong>Est\u00e1 absolutamente fuera de s\u00ed. No tiene conciencia del Gobierno que ha hecho ni del que est\u00e1 haciendo<\/strong>. Est\u00e1 llevando a la Argentina a la situaci\u00f3n m\u00e1s dif\u00edcil de Argentina. Es total y absoluta responsabilidad de un Gobierno sin rumbo\u00bb, dispar\u00f3.<\/p>\n\n\n\n<p>El Presidente, en medio de la visita de su par rumano, responsabiliz\u00f3 a la \u00abderecha\u00bb del aumento que tuvo la divisa norteamericana en las \u00faltimas semanas: \u00ab<strong>Se tiene que ocupar qu\u00e9 hace su ministro de Econom\u00eda. Nosotros somos absolutamente tranquilos y pac\u00edficos<\/strong>. Si fuera lo contrario estar\u00edamos en una situaci\u00f3n mucho m\u00e1s dif\u00edcil\u00bb, respondi\u00f3 la precandidata.<\/p>\n\n\n\n<p>\u00ab<strong>El que tiene que gobernar es el Gobierno, el que tiene que bajar el gasto es el Gobierno, el que tiene que dejar de inflar los cargos p\u00fablicos<\/strong>. Massa tiene que actuar, el Presidente es el que tiene que actuar. En vez de buscar culpables, que busquen la manera de encontrar la soluci\u00f3n\u00bb, a\u00f1adi\u00f3 a su descargo realizado en TN.<\/p>\n\n\n\n<p>En sus frases finales, Patricia Bullrich le dej\u00f3 un mensaje a Sergio Massa por anunciar que iba a demandar penalmente a los responsables de la corrida que azota a la Argentina: \u00ab<strong>La acci\u00f3n penal se la tiene que hacer \u00e9l mismo por irresponsable. Agarr\u00f3 a un ministerio que no sabe c\u00f3mo manejarlo. \u00c9l tiene que ir y autodenunciarse.<\/strong>\u00a0Esa es la denuncia m\u00e1s importante que tiene que hacer. \u00c9l rif\u00f3 las reservas argentinas\u00bb, concluy\u00f3.<\/p>\n\n\n\n<p>Fuente: El Intransigente<\/p>\n","protected":false},"excerpt":{"rendered":"<div class=\"mh-excerpt\"><p>Patricia Bullrich&nbsp;es una de las principales dirigentes que tiene la pol\u00edtica argentina. Su presencia ya no solo se da por su pasado como ministra de Seguridad de la Naci\u00f3n durante la presidencia de Mauricio Macri. Como precandidata a presidenta, apunt\u00f3 contra el&nbsp;Gobierno nacional&nbsp;y, principalmente, contra&nbsp;Sergio Massa&nbsp;por la&nbsp;corrida cambiaria&nbsp;de los \u00faltimos d\u00edas. La referente de Juntos por el Cambio opin\u00f3 sobre el grave problema cambiario que tiene el pa\u00eds tras una semana donde el d\u00f3lar aument\u00f3 exponencialmente. Ante el contexto complejo, arremeti\u00f3 contra Alberto Fern\u00e1ndez: \u00abEst\u00e1 absolutamente fuera de s\u00ed. No tiene conciencia del Gobierno que ha hecho ni del que <a class=\"mh-excerpt-more\" href=\"http:\/\/dsrmedios.com.ar\/diario\/archivos\/31967\" title=\"Patricia Bullrich liquid\u00f3 a Sergio Massa: \u00abLa acci\u00f3n penal se la tiene que hacer \u00e9l mismo por irresponsable\u00bb\">[Leer m\u00e1s]<\/a><\/p>\n<\/div>","protected":false},"author":6,"featured_media":30930,"comment_status":"open","ping_status":"closed","sticky":false,"template":"","format":"standard","meta":{"_jetpack_newsletter_access":""},"categories":[6,7],"tags":[],"jetpack_featured_media_url":"http:\/\/dsrmedios.com.ar\/diario\/wp-content\/uploads\/2023\/04\/patriciabulrich.png","jetpack_sharing_enabled":true,"jetpack_shortlink":"https:\/\/wp.me\/p9fihK-8jB","_links":{"self":[{"href":"http:\/\/dsrmedios.com.ar\/diario\/wp-json\/wp\/v2\/posts\/31967"}],"collection":[{"href":"http:\/\/dsrmedios.com.ar\/diario\/wp-json\/wp\/v2\/posts"}],"about":[{"href":"http:\/\/dsrmedios.com.ar\/diario\/wp-json\/wp\/v2\/types\/post"}],"author":[{"embeddable":true,"href":"http:\/\/dsrmedios.com.ar\/diario\/wp-json\/wp\/v2\/users\/6"}],"replies":[{"embeddable":true,"href":"http:\/\/dsrmedios.com.ar\/diario\/wp-json\/wp\/v2\/comments?post=31967"}],"version-history":[{"count":1,"href":"http:\/\/dsrmedios.com.ar\/diario\/wp-json\/wp\/v2\/posts\/31967\/revisions"}],"predecessor-version":[{"id":31968,"href":"http:\/\/dsrmedios.com.ar\/diario\/wp-json\/wp\/v2\/posts\/31967\/revisions\/31968"}],"wp:featuredmedia":[{"embeddable":true,"href":"http:\/\/dsrmedios.com.ar\/diario\/wp-json\/wp\/v2\/media\/30930"}],"wp:attachment":[{"href":"http:\/\/dsrmedios.com.ar\/diario\/wp-json\/wp\/v2\/media?parent=31967"}],"wp:term":[{"taxonomy":"category","embeddable":true,"href":"http:\/\/dsrmedios.com.ar\/diario\/wp-json\/wp\/v2\/categories?post=31967"},{"taxonomy":"post_tag","embeddable":true,"href":"http:\/\/dsrmedios.com.ar\/diario\/wp-json\/wp\/v2\/tags?post=31967"}],"curies":[{"name":"wp","href":"https:\/\/api.w.org\/{rel}","templated":true}]}}