{"id":31956,"date":"2023-04-27T07:12:42","date_gmt":"2023-04-27T10:12:42","guid":{"rendered":"http:\/\/dsrmedios.com.ar\/diario\/?p=31956"},"modified":"2023-04-27T07:12:45","modified_gmt":"2023-04-27T10:12:45","slug":"alberto-fernandez-hablara-hoy-con-lula-da-silva-para-pedirle-que-se-implementen-los-acuerdos-comerciales","status":"publish","type":"post","link":"http:\/\/dsrmedios.com.ar\/diario\/archivos\/31956","title":{"rendered":"Alberto Fern\u00e1ndez hablar\u00e1 hoy con Lula da Silva para pedirle que se implementen los acuerdos comerciales"},"content":{"rendered":"\n<p>A d\u00edas de haber confirmado que no va a competir en las pr\u00f3ximas elecciones, el presidente<strong>&nbsp;Alberto Fern\u00e1ndez&nbsp;<\/strong>hablar\u00e1 este mediod\u00eda con su par de Brasil,&nbsp;<strong>Lula da Silva<\/strong>, para reforzar la relaci\u00f3n bilateral y pedirle que se empiecen a implementar los acuerdos comerciales que ambos firmaron en sus \u00faltimas reuniones.<\/p>\n\n\n\n<p>La conversaci\u00f3n entre los mandatarios se realizar\u00e1 tan solo unas horas antes del acto que la vicepresidenta&nbsp;<strong>Cristina Kirchner<\/strong>&nbsp;encabezar\u00e1 este mismo jueves por la tarde en el Teatro Argentino de la ciudad de La Plata, en el marco de una campa\u00f1a a su favor en las redes sociales y la expectativa por una posible candidatura suya.<\/p>\n\n\n\n<p>De acuerdo con lo que pudo saber<strong>\u00a0Infobae<\/strong>, el zoom entre los jefes de Estado est\u00e1 previsto\u00a0<strong>para las 12:30<\/strong>\u00a0y tendr\u00e1 como objetivo principal analizar la situaci\u00f3n comercial entre ambos pa\u00edses y el avance de los acuerdos firmados tanto en el encuentro que mantuvieron en Brasilia como en el de Buenos Aires.<\/p>\n\n\n\n<p>La primera vez que los mandatarios se vieron ya estando en el cargo fue a principios de a\u00f1o, cuando Alberto Fern\u00e1ndez viaj\u00f3 a la naci\u00f3n vecina para participar de la asunci\u00f3n de Lula y, al d\u00eda siguiente, se reunieron en el Palacio de Itamaraty, donde hablaron sobre el Mercosur, el Cambio Clim\u00e1tico, el Acuerdo con la Uni\u00f3n Europea, la CELAC y la paridad de g\u00e9nero.<\/p>\n\n\n\n<p><img decoding=\"async\" loading=\"lazy\" alt=\"Lula da Silva se reuni\u00f3 d\u00edas atr\u00e1s con el presidente de Espa\u00f1a, Pedro S\u00e1nchez (REUTERS\/Juan Medina)\" height=\"3933\" width=\"5900\" class=\"\" src=\"https:\/\/cloudfront-us-east-1.images.arcpublishing.com\/infobae\/GMY6OICFOM4OGNKCHQCUGTARMI.jpg\" srcset=\"https:\/\/www.infobae.com\/new-resizer\/74E2CNs6j5uzL1XM-CiG5H5z7QE=\/420x280\/filters:format(webp):quality(85)\/cloudfront-us-east-1.images.arcpublishing.com\/infobae\/GMY6OICFOM4OGNKCHQCUGTARMI.jpg 420w,https:\/\/www.infobae.com\/new-resizer\/0B-pdTLLADzYyBngOYSR7IpDlA4=\/768x512\/filters:format(webp):quality(85)\/cloudfront-us-east-1.images.arcpublishing.com\/infobae\/GMY6OICFOM4OGNKCHQCUGTARMI.jpg 768w,https:\/\/www.infobae.com\/new-resizer\/gfYS6CNIkVb--kmeEAU30tkmvxU=\/992x661\/filters:format(webp):quality(85)\/cloudfront-us-east-1.images.arcpublishing.com\/infobae\/GMY6OICFOM4OGNKCHQCUGTARMI.jpg 992w,https:\/\/www.infobae.com\/new-resizer\/CqgJpIlzXEd0HrKz3dGZpp05I_Y=\/1200x800\/filters:format(webp):quality(85)\/cloudfront-us-east-1.images.arcpublishing.com\/infobae\/GMY6OICFOM4OGNKCHQCUGTARMI.jpg 1200w,https:\/\/www.infobae.com\/new-resizer\/PGe986j3ejD0bYnvra1iMqikIbA=\/1440x960\/filters:format(webp):quality(85)\/cloudfront-us-east-1.images.arcpublishing.com\/infobae\/GMY6OICFOM4OGNKCHQCUGTARMI.jpg 1440w\">Lula da Silva se reuni\u00f3 d\u00edas atr\u00e1s con el presidente de Espa\u00f1a, Pedro S\u00e1nchez (REUTERS\/Juan Medina)<\/p>\n\n\n\n<p>Unas semanas despu\u00e9s, volvieron a encontrarse durante la visita oficial del presidente de Brasil a la Argentina: en esa oportunidad, firmaron una serie de acuerdos que, entre otros puntos, establecieron el compromiso de las dos partes de avanzar con una \u201cprofundizaci\u00f3n de la relaci\u00f3n bilateral con instrumentos que aumenten y faciliten el comercio sin obst\u00e1culos, a trav\u00e9s de la ampliaci\u00f3n del uso del sistema de moneda local (SML), incorporando el comercio de servicios y la implementaci\u00f3n de l\u00edneas de cr\u00e9dito en reales para dinamizar el comercio bilateral y facilitar los flujos financieros en el sistema, aumentando la previsibilidad de las transacciones\u201d.<\/p>\n\n\n\n<p>Respecto del SWAP (intercambio de monedas) para favorecer el comercio bilateral, acordaron iniciar estudios t\u00e9cnicos, incluyendo a los pa\u00edses de la regi\u00f3n, sobre \u201cmecanismos para profundizar la integraci\u00f3n financiera y mitigar la escasez temporaria de divisas, incluyendo mecanismos a cargo de bancos centrales\u201d.<\/p>\n\n\n\n<p>Del mismo modo, compartieron \u201cla intenci\u00f3n de<strong>\u00a0crear una moneda de circulaci\u00f3n sudamericana<\/strong>\u00a0en el largo plazo, con miras a potenciar el comercio y la integraci\u00f3n productiva regional y aumentar la resiliencia a shocks internacionales\u201d. Y tambi\u00e9n se comprometieron \u201ca evaluar conjuntamente, con sentido de prioridad y urgencia, el financiamiento de proyectos estrat\u00e9gicos de inter\u00e9s binacional, como el Gasoducto Presidente N\u00e9stor Kirchner\u201d.<\/p>\n\n\n\n<p>Otro de los temas de los que podr\u00edan conversar este jueves es de&nbsp;<strong>la visita a Brasilia que tiene pensado hacer Alberto Fern\u00e1ndez en junio pr\u00f3ximo<\/strong>, con motivo de que este a\u00f1o se cumplen 200 a\u00f1os de relaciones diplom\u00e1ticas entre los dos pa\u00edses.<\/p>\n\n\n\n<p>Seg\u00fan est\u00e1 previsto, en ese viaje se firmar\u00eda el \u201cPlan de Acci\u00f3n de Relanzamiento de la Alianza Estrat\u00e9gica Brasil-Argentina\u201d, que ya se empez\u00f3 a diagramar, \u201ccon objetivos espec\u00edficos para promover la integraci\u00f3n en temas estrat\u00e9gicos para la relaci\u00f3n bilateral en materia pol\u00edtica, econ\u00f3mica, social, cient\u00edfica y tecnol\u00f3gica, educacional y cultural, entre otras\u201d.<\/p>\n\n\n\n<p>Fuente: Infobae<\/p>\n","protected":false},"excerpt":{"rendered":"<div class=\"mh-excerpt\"><p>A d\u00edas de haber confirmado que no va a competir en las pr\u00f3ximas elecciones, el presidente&nbsp;Alberto Fern\u00e1ndez&nbsp;hablar\u00e1 este mediod\u00eda con su par de Brasil,&nbsp;Lula da Silva, para reforzar la relaci\u00f3n bilateral y pedirle que se empiecen a implementar los acuerdos comerciales que ambos firmaron en sus \u00faltimas reuniones. La conversaci\u00f3n entre los mandatarios se realizar\u00e1 tan solo unas horas antes del acto que la vicepresidenta&nbsp;Cristina Kirchner&nbsp;encabezar\u00e1 este mismo jueves por la tarde en el Teatro Argentino de la ciudad de La Plata, en el marco de una campa\u00f1a a su favor en las redes sociales y la expectativa por una <a class=\"mh-excerpt-more\" href=\"http:\/\/dsrmedios.com.ar\/diario\/archivos\/31956\" title=\"Alberto Fern\u00e1ndez hablar\u00e1 hoy con Lula da Silva para pedirle que se implementen los acuerdos comerciales\">[Leer m\u00e1s]<\/a><\/p>\n<\/div>","protected":false},"author":6,"featured_media":31957,"comment_status":"open","ping_status":"closed","sticky":false,"template":"","format":"standard","meta":{"_jetpack_newsletter_access":""},"categories":[6],"tags":[],"jetpack_featured_media_url":"http:\/\/dsrmedios.com.ar\/diario\/wp-content\/uploads\/2023\/04\/MOUMPALPNFETFGTZV3H34ZQBHY.jpg","jetpack_sharing_enabled":true,"jetpack_shortlink":"https:\/\/wp.me\/p9fihK-8jq","_links":{"self":[{"href":"http:\/\/dsrmedios.com.ar\/diario\/wp-json\/wp\/v2\/posts\/31956"}],"collection":[{"href":"http:\/\/dsrmedios.com.ar\/diario\/wp-json\/wp\/v2\/posts"}],"about":[{"href":"http:\/\/dsrmedios.com.ar\/diario\/wp-json\/wp\/v2\/types\/post"}],"author":[{"embeddable":true,"href":"http:\/\/dsrmedios.com.ar\/diario\/wp-json\/wp\/v2\/users\/6"}],"replies":[{"embeddable":true,"href":"http:\/\/dsrmedios.com.ar\/diario\/wp-json\/wp\/v2\/comments?post=31956"}],"version-history":[{"count":1,"href":"http:\/\/dsrmedios.com.ar\/diario\/wp-json\/wp\/v2\/posts\/31956\/revisions"}],"predecessor-version":[{"id":31958,"href":"http:\/\/dsrmedios.com.ar\/diario\/wp-json\/wp\/v2\/posts\/31956\/revisions\/31958"}],"wp:featuredmedia":[{"embeddable":true,"href":"http:\/\/dsrmedios.com.ar\/diario\/wp-json\/wp\/v2\/media\/31957"}],"wp:attachment":[{"href":"http:\/\/dsrmedios.com.ar\/diario\/wp-json\/wp\/v2\/media?parent=31956"}],"wp:term":[{"taxonomy":"category","embeddable":true,"href":"http:\/\/dsrmedios.com.ar\/diario\/wp-json\/wp\/v2\/categories?post=31956"},{"taxonomy":"post_tag","embeddable":true,"href":"http:\/\/dsrmedios.com.ar\/diario\/wp-json\/wp\/v2\/tags?post=31956"}],"curies":[{"name":"wp","href":"https:\/\/api.w.org\/{rel}","templated":true}]}}