{"id":31938,"date":"2023-04-27T06:57:13","date_gmt":"2023-04-27T09:57:13","guid":{"rendered":"http:\/\/dsrmedios.com.ar\/diario\/?p=31938"},"modified":"2023-04-27T06:57:17","modified_gmt":"2023-04-27T09:57:17","slug":"alberto-cristina-de-niro-y-el-peligroso-vacio-de-poder","status":"publish","type":"post","link":"http:\/\/dsrmedios.com.ar\/diario\/archivos\/31938","title":{"rendered":"Alberto, Cristina, De Niro y el peligroso vac\u00edo de poder"},"content":{"rendered":"\n<p>El vac\u00edo de poder puede ser una pel\u00edcula. No es f\u00e1cil. Se requiere un enorme talento para transformar un concepto pol\u00edtico en una trama cinematogr\u00e1fica. Uno de los que logr\u00f3 ese milagro es el director alem\u00e1n Oliver Hirschbiegel al recrear los \u00faltimos diez d\u00edas de&nbsp;<strong>Adolf Hitler&nbsp;<\/strong>en el bunker de&nbsp;<strong>Berl\u00edn<\/strong>. Cont\u00f3 con el apoyo inconmensurable de un gran actor como el suizo Bruno Ganz.<\/p>\n\n\n\n<p>Juntos armaron un filme estremecedor, salvaje y profundamente humano. La cumbre del ego nazi y el subsuelo de la crueldad. Bajo tierra, el poder de Hitler se hab\u00eda convertido en nada. En una pesadilla para quienes lo hab\u00edan seguido hasta el infierno.<\/p>\n\n\n\n<p>La historia reciente de la Argentina tambi\u00e9n est\u00e1 poblada de pesadillas con vac\u00edo de poder. El final de la dictadura militar, acelerado por la derrota en&nbsp;<strong>Malvinas<\/strong>. El adelantamiento de las elecciones con&nbsp;<strong>Ra\u00fal Alfons\u00edn<\/strong>. Los d\u00edas tr\u00e1gicos de&nbsp;<strong>diciembre de 2001<\/strong>&nbsp;y los primeros meses de&nbsp;<strong>2002<\/strong>. Jornadas en las que nadie mandaba porque el \u00fanico gobernante era la incertidumbre.<\/p>\n\n\n\n<p><img decoding=\"async\" loading=\"lazy\" height=\"1250\" width=\"1920\" srcset=\"https:\/\/www.infobae.com\/new-resizer\/gTqbm4Wrzzf7qIYfok_NI6_rX5A=\/420x280\/filters:format(webp):quality(85)\/cloudfront-us-east-1.images.arcpublishing.com\/infobae\/PNPSBEKMBZGJNJ6LVKWEWMQ6PY.jpg 420w,https:\/\/www.infobae.com\/new-resizer\/0F4ChP1Xcloq3wiQZGg6mEoQNBE=\/768x512\/filters:format(webp):quality(85)\/cloudfront-us-east-1.images.arcpublishing.com\/infobae\/PNPSBEKMBZGJNJ6LVKWEWMQ6PY.jpg 768w,https:\/\/www.infobae.com\/new-resizer\/Ag-OYfD4ME9-BNwPCFs1ccnpNK0=\/992x661\/filters:format(webp):quality(85)\/cloudfront-us-east-1.images.arcpublishing.com\/infobae\/PNPSBEKMBZGJNJ6LVKWEWMQ6PY.jpg 992w,https:\/\/www.infobae.com\/new-resizer\/fbSC50zNA7VN4sEyuW_wbogP3Ow=\/1200x800\/filters:format(webp):quality(85)\/cloudfront-us-east-1.images.arcpublishing.com\/infobae\/PNPSBEKMBZGJNJ6LVKWEWMQ6PY.jpg 1200w,https:\/\/www.infobae.com\/new-resizer\/1T9SwVEOxa0T4sCApT7W7yl0Pow=\/1440x960\/filters:format(webp):quality(85)\/cloudfront-us-east-1.images.arcpublishing.com\/infobae\/PNPSBEKMBZGJNJ6LVKWEWMQ6PY.jpg 1440w\" class=\"\" src=\"https:\/\/cloudfront-us-east-1.images.arcpublishing.com\/infobae\/PNPSBEKMBZGJNJ6LVKWEWMQ6PY.jpg\" alt=\"Cristina intentar\u00e1, ni m\u00e1s ni menos, trasladarle la culpa de la inflaci\u00f3n y la recesi\u00f3n al Fondo Monetario Internacional. Casi como si el derrumbe de la econom\u00eda argentina fuera obra exclusiva del FMI y de Alberto Fern\u00e1ndez\">Cristina intentar\u00e1, ni m\u00e1s ni menos, trasladarle la culpa de la inflaci\u00f3n y la recesi\u00f3n al Fondo Monetario Internacional. Casi como si el derrumbe de la econom\u00eda argentina fuera obra exclusiva del FMI y de Alberto Fern\u00e1ndez<\/p>\n\n\n\n<p>El vac\u00edo de poder de este tiempo en la&nbsp;<strong>Argentina&nbsp;<\/strong>es una comedia sat\u00edrica. Y la encarn\u00f3&nbsp;<strong>Alberto Fern\u00e1ndez&nbsp;<\/strong>durante cuarenta meses. Si alguien quisiera filmar la decadencia de la gesti\u00f3n presidencial, tendr\u00eda un excelente gui\u00f3n en la entrevista que el Presidente le dio el lunes al actor&nbsp;<strong>Mex Urtizberea<\/strong>. Todo tuvo un aire de patetismo inigualable. El estudio de radio casero montado en una cocina de Caballito. El helic\u00f3ptero esperando en marcha sobre el c\u00e9sped de la cancha de&nbsp;<strong>Ferro<\/strong>. Las an\u00e9cdotas del primer beso del Jefe de Estado, de cuando actu\u00f3 de granadero y de payaso. La sobre actuaci\u00f3n de un llanto sobre un supuesto mensaje de sus simpatizantes. Las memorias radiales de un ex presidente.<\/p>\n\n\n\n<p>El problema de los argentinos es que Alberto Fern\u00e1ndez no es un ex presidente. Estar\u00e1 a cargo del gobierno del pa\u00eds durante los pr\u00f3ximos ocho meses. Al menos formalmente. Y mientras el Presidente hablaba, relajado. Mientras se re\u00eda de sus propios chistes y nos hac\u00eda creer que lloraba, el&nbsp;<strong>d\u00f3lar&nbsp;<\/strong>pasaba los<strong>&nbsp;450 pesos<\/strong>&nbsp;y amenazaba con cruzar la barrera los&nbsp;<strong>500<\/strong>. Toda una paradoja. En el vac\u00edo de poder, el m\u00e1s poderoso era el d\u00f3lar.<\/p>\n\n\n\n<p>El Presidente hab\u00eda perdido su capacidad de mando hac\u00eda mucho tiempo. Lo hab\u00edan degradado las fiestas en plena pandemia en la&nbsp;<strong>Quinta de Olivos<\/strong>; los&nbsp;<strong>vacunatorios VIP&nbsp;<\/strong>para funcionarios y amigos; la afrenta inaudita a brasile\u00f1os y mexicanos con aquella cita (\u201clos argentinos bajamos de los barcos\u201d) y la inoperancia para llevar a la econom\u00eda a niveles de inflaci\u00f3n y de pobreza que solo hab\u00edamos conocido cuando atronaba el vac\u00edo de poder.<\/p>\n\n\n\n<p><img decoding=\"async\" loading=\"lazy\" height=\"1080\" width=\"1920\" srcset=\"https:\/\/www.infobae.com\/new-resizer\/36KHm3k1hm0XSYBXtZs8Q5kO2kM=\/420x236\/filters:format(webp):quality(85)\/cloudfront-us-east-1.images.arcpublishing.com\/infobae\/DHYWCUYAZ5GKZARP45TST5VI3A.jpg 420w,https:\/\/www.infobae.com\/new-resizer\/oBvrYwX6oi8MnWTCJCDPCP6wtOs=\/768x432\/filters:format(webp):quality(85)\/cloudfront-us-east-1.images.arcpublishing.com\/infobae\/DHYWCUYAZ5GKZARP45TST5VI3A.jpg 768w,https:\/\/www.infobae.com\/new-resizer\/8mBhd928ZDbZc7cg73M3jmx8EfI=\/992x558\/filters:format(webp):quality(85)\/cloudfront-us-east-1.images.arcpublishing.com\/infobae\/DHYWCUYAZ5GKZARP45TST5VI3A.jpg 992w,https:\/\/www.infobae.com\/new-resizer\/xQCH8jwe2gcx3fNX9jhRI5W69-k=\/1200x675\/filters:format(webp):quality(85)\/cloudfront-us-east-1.images.arcpublishing.com\/infobae\/DHYWCUYAZ5GKZARP45TST5VI3A.jpg 1200w,https:\/\/www.infobae.com\/new-resizer\/qviftalR4o53yqp_W9u7f5kOiqQ=\/1440x810\/filters:format(webp):quality(85)\/cloudfront-us-east-1.images.arcpublishing.com\/infobae\/DHYWCUYAZ5GKZARP45TST5VI3A.jpg 1440w\" class=\"\" src=\"https:\/\/cloudfront-us-east-1.images.arcpublishing.com\/infobae\/DHYWCUYAZ5GKZARP45TST5VI3A.jpg\" alt=\"El presidente Alberto Fern\u00e1ndez\">El presidente Alberto Fern\u00e1ndez<\/p>\n\n\n\n<p>Desde el viernes pasado, desde la ma\u00f1ana en la que un video de Alberto termin\u00f3 con la fantas\u00eda de la reelecci\u00f3n, el escaso volumen de poder que queda en la Argentina est\u00e1 en manos de Sergio Massa. El hombre que lleg\u00f3 al ministerio de Econom\u00eda con el respaldo de&nbsp;<strong>Cristina Kirchner&nbsp;<\/strong>e intenta frenar la artiller\u00eda del d\u00f3lar y de la inflaci\u00f3n sobre un campo de batalla desfavorable.<\/p>\n\n\n\n<p>Massa tiene un examen de supervivencia diario. Esta semana va perdiendo la pulseada contra el&nbsp;<strong>d\u00f3lar blue&nbsp;<\/strong>y poco pueden hacer las denuncias cl\u00e1sicas de \u201cantipatrias\u201d contra economistas de la oposici\u00f3n, o las amenazas de utilizar el c\u00f3digo penal econ\u00f3mico para evitar que los grandes jugadores del mercado esperen la llegada de una devaluaci\u00f3n que les mejore los n\u00fameros. Pero el ministro de Econom\u00eda sabe que tiene vedada esa opci\u00f3n porque es uno de los dogmas ideol\u00f3gicos de Cristina y el&nbsp;<strong>kirchnerismo<\/strong>.<\/p>\n\n\n\n<p>El mi\u00e9rcoles fue un d\u00eda con algo de alivio para Massa. No pudo echar a&nbsp;<strong>Miguel Pesce&nbsp;<\/strong>del&nbsp;<strong>Banco Central<\/strong>, pero instal\u00f3 en la estrat\u00e9gica mesa de dinero de la entidad a su financista de confianza, Lisandro Cleri, y jug\u00f3 una parte de las pocas reservas l\u00edquidas que quedan (alrededor de 1.200 millones de d\u00f3lares) para intervenir en el mercado de bonos. El resultado fue la estabilizaci\u00f3n de los d\u00f3lares financieros y una baja de 20 centavos en el d\u00f3lar blue. Para el equipo econ\u00f3mico fue como una botella de agua helada en el desierto del vac\u00edo de poder.<\/p>\n\n\n\n<p><img decoding=\"async\" loading=\"lazy\" height=\"1080\" width=\"1920\" srcset=\"https:\/\/www.infobae.com\/new-resizer\/kPCFK2OwPtLhbVtmTKZxAw2rs9c=\/420x236\/filters:format(webp):quality(85)\/cloudfront-us-east-1.images.arcpublishing.com\/infobae\/RMNVZANWFVGOPO6FZGEFE6HNV4.jpg 420w,https:\/\/www.infobae.com\/new-resizer\/uJ3apmNgM_FQVPADLHQ7ID--yyM=\/768x432\/filters:format(webp):quality(85)\/cloudfront-us-east-1.images.arcpublishing.com\/infobae\/RMNVZANWFVGOPO6FZGEFE6HNV4.jpg 768w,https:\/\/www.infobae.com\/new-resizer\/fo9GcM45xOnMiUBnwPahidWmkNg=\/992x558\/filters:format(webp):quality(85)\/cloudfront-us-east-1.images.arcpublishing.com\/infobae\/RMNVZANWFVGOPO6FZGEFE6HNV4.jpg 992w,https:\/\/www.infobae.com\/new-resizer\/fimaCjIA-Q3mUWh6GHDjGMecZGc=\/1200x675\/filters:format(webp):quality(85)\/cloudfront-us-east-1.images.arcpublishing.com\/infobae\/RMNVZANWFVGOPO6FZGEFE6HNV4.jpg 1200w,https:\/\/www.infobae.com\/new-resizer\/pcJTNbKdeWtfNoHvsDBAnl-3PFA=\/1440x810\/filters:format(webp):quality(85)\/cloudfront-us-east-1.images.arcpublishing.com\/infobae\/RMNVZANWFVGOPO6FZGEFE6HNV4.jpg 1440w\" class=\"\" src=\"https:\/\/cloudfront-us-east-1.images.arcpublishing.com\/infobae\/RMNVZANWFVGOPO6FZGEFE6HNV4.jpg\" alt=\"En la oposici\u00f3n, el enfrentamiento m\u00e1s fuerte lo dar\u00e1n Horacio Rodr\u00edguez Larreta y Patricia Bullrich en la carrera por ser candidatos presidenciales\">En la oposici\u00f3n, el enfrentamiento m\u00e1s fuerte lo dar\u00e1n Horacio Rodr\u00edguez Larreta y Patricia Bullrich en la carrera por ser candidatos presidenciales<\/p>\n\n\n\n<p>Este viernes viajar\u00e1 el viceministro Gabriel Rubinstein a Washington y repetir\u00e1 la canci\u00f3n de Massa que en el&nbsp;<strong>FMI&nbsp;<\/strong>recuerdan hasta el cansancio. El Gobierno (es decir, Massa) necesita que le adelanten los desembolsos de junio (5.400 millones de d\u00f3lares) y de septiembre (otros tantos millones).<\/p>\n\n\n\n<p>El objetivo del ministro de Econom\u00eda ahora es llegar a las&nbsp;<strong>PASO<\/strong>. Ni siquiera a las elecciones presidenciales del 22 de octubre, y mucho menos al recambio de gobierno del 10 de diciembre. \u201cEstamos como Mostaza Merlo con Racing en el 2001; esto es paso a paso y d\u00eda por d\u00eda\u201d, se resigna un agobiado integrante del equipo econ\u00f3mico. Si llegan vivos al mes pr\u00f3ximo, el 12 de mayo tendr\u00e1n que sobrellevar el anuncio del Indec con la inflaci\u00f3n de abril. Massa prefiere no pensar todav\u00eda en esa mala noticia.<\/p>\n\n\n\n<p>El mi\u00e9rcoles por la noche, con las burbujas de ox\u00edgeno que le dio el primer freno del d\u00f3lar en la semana, recibi\u00f3 en el ministerio de Econom\u00eda a los Gordos de la&nbsp;<strong>CGT&nbsp;<\/strong>(H\u00e9ctor Daer, Carlos Acu\u00f1a, Andr\u00e9s Rodr\u00edguez, Gerardo Mart\u00ednez, Jos\u00e9 Luis Lingieri y Armando Cavalieri), y a los jefes piqueteros que iniciaron una transici\u00f3n apurada desde el albertismo residual a esa conjunci\u00f3n de s\u00e1lvese quien pueda que une a Cristina con Massa y a la mayor\u00eda de los intendentes peronistas del Gran Buenos Aires.<\/p>\n\n\n\n<p><img decoding=\"async\" loading=\"lazy\" alt=\"El alza del d\u00f3lar tambi\u00e9n se convirti\u00f3 en una preocupaci\u00f3n para el kirchnerismo de cara a las elecciones (REUTERS\/Agustin Marcarian\/)\" height=\"524\" width=\"800\" class=\"\" src=\"https:\/\/cloudfront-us-east-1.images.arcpublishing.com\/infobae\/A2QJYWSTYGZ7FA2MZR3WFLL4HU.jpg\" srcset=\"https:\/\/www.infobae.com\/new-resizer\/1KX_LwaMBX5wKOaulQ-goob8TNE=\/420x280\/filters:format(webp):quality(85)\/cloudfront-us-east-1.images.arcpublishing.com\/infobae\/A2QJYWSTYGZ7FA2MZR3WFLL4HU.jpg 420w,https:\/\/www.infobae.com\/new-resizer\/2xEX5nPhbS6jUNON-u0hE2VzZRA=\/768x512\/filters:format(webp):quality(85)\/cloudfront-us-east-1.images.arcpublishing.com\/infobae\/A2QJYWSTYGZ7FA2MZR3WFLL4HU.jpg 768w,https:\/\/www.infobae.com\/new-resizer\/te7NkZUcZUDT3_tnFGsIzBXuWng=\/992x661\/filters:format(webp):quality(85)\/cloudfront-us-east-1.images.arcpublishing.com\/infobae\/A2QJYWSTYGZ7FA2MZR3WFLL4HU.jpg 992w,https:\/\/www.infobae.com\/new-resizer\/k4uevUBcJ18BlfUMuyaoCSvSnhc=\/1200x800\/filters:format(webp):quality(85)\/cloudfront-us-east-1.images.arcpublishing.com\/infobae\/A2QJYWSTYGZ7FA2MZR3WFLL4HU.jpg 1200w,https:\/\/www.infobae.com\/new-resizer\/kzSHncHQcpaB8Z44q1uoHuuA2jA=\/1440x960\/filters:format(webp):quality(85)\/cloudfront-us-east-1.images.arcpublishing.com\/infobae\/A2QJYWSTYGZ7FA2MZR3WFLL4HU.jpg 1440w\">El alza del d\u00f3lar tambi\u00e9n se convirti\u00f3 en una preocupaci\u00f3n para el kirchnerismo de cara a las elecciones (REUTERS\/Agustin Marcarian\/)<\/p>\n\n\n\n<p>El objetivo de Massa es que los gremios y los piqueteros lo ayuden a lograr una baja milagrosa de los precios. Con la suba de los alimentos en el orden del 10% y el impacto remarcador de la crisis cambiaria, ya son varias las consultoras que proyectan el \u00edndice de inflaci\u00f3n de abril en una cifra cercana al 8%. Si mayo no se convierte en un punto de inflexi\u00f3n a la baja, el riesgo de espiralizaci\u00f3n podr\u00eda terminar con la gesti\u00f3n del ministro y con el proyecto presidencial que sostienen Cristina y el kirchnerismo.<\/p>\n\n\n\n<h2>La tesis de Cristina: echale la culpa al Fondo<\/h2>\n\n\n\n<p>El peligro del vac\u00edo de poder no es patrimonio del oficialismo. En la oposici\u00f3n, no hay grandes gestos para llevar tranquilidad a la sociedad. Apenas un comunicado de Juntos por el Cambio en el que la coalici\u00f3n opositora se mostr\u00f3 preocupada por \u201cla fragilidad econ\u00f3mica\u201d y por la \u201cfalta de apego a la realidad por parte del Presidente\u201d. Otro mazazo a la desconexi\u00f3n de Alberto.<\/p>\n\n\n\n<p>La renuncia de&nbsp;<strong>Mauricio Macri&nbsp;<\/strong>a competir por la presidencia lo ha dejado m\u00e1s lejos del juego del poder, y la disputa irresuelta entre&nbsp;<strong>Horacio Rodr\u00edguez Larreta&nbsp;<\/strong>y&nbsp;<strong>Patricia Bullrich<\/strong>&nbsp;les impide arrogarse la referencia del liderazgo opositor. En estas horas, se escuch\u00f3 la voz de Ram\u00f3n Puerta, uno de los cinco presidentes peronistas en una semana del 2001-2002, hoy en la oposici\u00f3n junto a Miguel Pichetto. \u201cEste es el peor gobierno de la democracia\u201d, asest\u00f3 Puerta por CNN Radio. Y eso que el hombre lo ha visto todo.<\/p>\n\n\n\n<p><img decoding=\"async\" loading=\"lazy\" alt=\"Javier Milei se perfila como uno de los candidatos que buscar\u00e1 darle pelea al oficialismo y a JxC (Franco Fafasuli)\" height=\"1280\" width=\"1920\" class=\"\" src=\"https:\/\/cloudfront-us-east-1.images.arcpublishing.com\/infobae\/ZXQHXUE5VVDQPNNR5NLWL2IG6Q.jpg\" srcset=\"https:\/\/www.infobae.com\/new-resizer\/HRbUAgGoAXx3arA5qhCWfay1YVA=\/420x280\/filters:format(webp):quality(85)\/cloudfront-us-east-1.images.arcpublishing.com\/infobae\/ZXQHXUE5VVDQPNNR5NLWL2IG6Q.jpg 420w,https:\/\/www.infobae.com\/new-resizer\/s2dYlt5ZqmWTao6qnoB4KcOLZGo=\/768x512\/filters:format(webp):quality(85)\/cloudfront-us-east-1.images.arcpublishing.com\/infobae\/ZXQHXUE5VVDQPNNR5NLWL2IG6Q.jpg 768w,https:\/\/www.infobae.com\/new-resizer\/KoaYjhpkS5aarXe7lmxDdOWjqF0=\/992x661\/filters:format(webp):quality(85)\/cloudfront-us-east-1.images.arcpublishing.com\/infobae\/ZXQHXUE5VVDQPNNR5NLWL2IG6Q.jpg 992w,https:\/\/www.infobae.com\/new-resizer\/T1zABvQd6NEknBYgbo5PHEDbM00=\/1200x800\/filters:format(webp):quality(85)\/cloudfront-us-east-1.images.arcpublishing.com\/infobae\/ZXQHXUE5VVDQPNNR5NLWL2IG6Q.jpg 1200w,https:\/\/www.infobae.com\/new-resizer\/m3z2G7Amyu5_RcUmhKYk5gMxCNM=\/1440x960\/filters:format(webp):quality(85)\/cloudfront-us-east-1.images.arcpublishing.com\/infobae\/ZXQHXUE5VVDQPNNR5NLWL2IG6Q.jpg 1440w\">Javier Milei se perfila como uno de los candidatos que buscar\u00e1 darle pelea al oficialismo y a JxC (Franco Fafasuli)<\/p>\n\n\n\n<p>Con&nbsp;<strong>Javier Milei&nbsp;<\/strong>tampoco se puede contar demasiado. La normalidad institucional no est\u00e1 entre sus preocupaciones m\u00e1s urgentes y su tiempo est\u00e1 ocupado por la campa\u00f1a electoral. En otras galaxias del peronismo est\u00e1 el cordob\u00e9s Juan Schiaretti, intentando construir una alternativa en medio del desastre. La fragilidad parece atravesar peligrosamente a todo el arco pol\u00edtico.<\/p>\n\n\n\n<p>Precisamente, una prueba del vac\u00edo de poder que acompa\u00f1a al Gobierno es la expectativa puesta en el acto que Cristina Kirchner protagonizar\u00e1 este jueves en el Teatro de La Plata. All\u00ed, la Vicepresidenta volver\u00e1 a ensayar su maniobra pol\u00edtica preferida. Unir\u00e1 una fecha sensible para el kirchnerismo (en este caso, los 20 a\u00f1os del triunfo de N\u00e9stor Kirchner en 2003); un disfraz acad\u00e9mico (en vez de discurso hablan de \u201cclase magistral\u201d) y un t\u00edtulo pomposo que encandile a los distra\u00eddos (\u201cLa Argentina circular: el FMI y su hist\u00f3rica receta de inflaci\u00f3n y recesi\u00f3n\u201d).<\/p>\n\n\n\n<p>Cristina intentar\u00e1, ni m\u00e1s ni menos, trasladarle la culpa de la inflaci\u00f3n y la recesi\u00f3n al Fondo Monetario Internacional. Casi como si el derrumbe de la econom\u00eda argentina fuera obra exclusiva del FMI y de Alberto Fern\u00e1ndez. En esa maniobra de despegue tard\u00edo, el kirchnerismo se\u00f1ala como antecedente que sus 31 diputados (el bloque de M\u00e1ximo Kirchner) votaron en contra del acuerdo con el organismo. El Presidente, los peronistas y los legisladores de Juntos por el Cambio que votaron el acuerdo ser\u00edan los antipatrias culpables de la crisis econ\u00f3micas. \u00bfSer\u00e1 Alberto un integrante de la \u201cmaldita derecha\u201d, que denunci\u00f3 y todav\u00eda no se dio cuenta? Maquivelo hubiera aplaudido de pie.<\/p>\n\n\n\n<p>En el&nbsp;<strong>Teatro de la Plata&nbsp;<\/strong>estar\u00e1n, adem\u00e1s de Cristina claro, todos los dirigentes importantes del&nbsp;<strong>kirchnerismo&nbsp;<\/strong>y de&nbsp;<strong>La C\u00e1mpora<\/strong>; los intendentes peronistas del conurbano bonaerense; algunos gobernadores, sindicalistas varios con V\u00edctor Santa Mar\u00eda a la cabeza y los principales dirigentes del Frente Renovador, encabezados por la presidenta de la C\u00e1mara de Diputados, Cecilia Moreau. Es el peronismo que intenta sobrevivir al vac\u00edo de poder.<\/p>\n\n\n\n<p>Habr\u00e1 dos ausentes especiales en La Plata. Sergio Massa viaja a Montevideo para terminar de negociar una l\u00ednea de cr\u00e9dito con la Corporaci\u00f3n Andina de Fomento por 680 millones de d\u00f3lares. Todav\u00eda es el candidato presidencial de Cristina y no quiere estar presente para que la expectativa crezca y el hechizo no se rompa.<\/p>\n\n\n\n<p>El otro gran ausente ser\u00e1, como no pod\u00eda ser de otra manera, Alberto Fern\u00e1ndez. Al Presidente nadie lo invit\u00f3 y es posible que ni siquiera lo mencionen. No alcanza la estatura del pato rengo, como los llaman en&nbsp;<strong>Estados Unidos<\/strong>. Su nombre ser\u00e1 un fantasma del que nadie querr\u00e1 acordarse. Pero, a la misma hora, estar\u00e1 en la Quinta de Olivos, tal vez mirando la ingratitud por televisi\u00f3n.<\/p>\n\n\n\n<p>Si Alberto roz\u00f3 en muchas ocasiones el cielo del rid\u00edculo, nada podr\u00e1 igualar al sue\u00f1o l\u00edquido que dej\u00f3 caer en la entrevista de Caballito. Le preguntaron qu\u00e9 actor le gustar\u00eda que interpretara la pel\u00edcula de terror de su presidencia. Y, sin avergonzarse, revel\u00f3 el nombre de su actor fetiche:&nbsp;<strong>Robert de Niro<\/strong>, el de Taxi Driver, el de El Padrino II; el de Buenos Muchachos; el de El Irland\u00e9s.<\/p>\n\n\n\n<p>A esa hora, el d\u00f3lar trepaba cruel hacia los 500 pesos y tres certezas romp\u00edan los ensue\u00f1os de Alberto. Millones de argentinos se convirtieron en personas m\u00e1s pobres; \u00e9l ya no volver\u00e1 a ser presidente y Robert De Niro jam\u00e1s protagonizar\u00e1 la pel\u00edcula de su malogrado y olvidable tr\u00e1nsito por el poder.<\/p>\n\n\n\n<p>Fuente: INFOBAE<\/p>\n","protected":false},"excerpt":{"rendered":"<div class=\"mh-excerpt\"><p>El vac\u00edo de poder puede ser una pel\u00edcula. No es f\u00e1cil. Se requiere un enorme talento para transformar un concepto pol\u00edtico en una trama cinematogr\u00e1fica. Uno de los que logr\u00f3 ese milagro es el director alem\u00e1n Oliver Hirschbiegel al recrear los \u00faltimos diez d\u00edas de&nbsp;Adolf Hitler&nbsp;en el bunker de&nbsp;Berl\u00edn. Cont\u00f3 con el apoyo inconmensurable de un gran actor como el suizo Bruno Ganz. Juntos armaron un filme estremecedor, salvaje y profundamente humano. La cumbre del ego nazi y el subsuelo de la crueldad. Bajo tierra, el poder de Hitler se hab\u00eda convertido en nada. En una pesadilla para quienes lo <a class=\"mh-excerpt-more\" href=\"http:\/\/dsrmedios.com.ar\/diario\/archivos\/31938\" title=\"Alberto, Cristina, De Niro y el peligroso vac\u00edo de poder\">[Leer m\u00e1s]<\/a><\/p>\n<\/div>","protected":false},"author":6,"featured_media":31939,"comment_status":"open","ping_status":"closed","sticky":false,"template":"","format":"standard","meta":{"_jetpack_newsletter_access":""},"categories":[6],"tags":[],"jetpack_featured_media_url":"http:\/\/dsrmedios.com.ar\/diario\/wp-content\/uploads\/2023\/04\/descarga-63.jpg","jetpack_sharing_enabled":true,"jetpack_shortlink":"https:\/\/wp.me\/p9fihK-8j8","_links":{"self":[{"href":"http:\/\/dsrmedios.com.ar\/diario\/wp-json\/wp\/v2\/posts\/31938"}],"collection":[{"href":"http:\/\/dsrmedios.com.ar\/diario\/wp-json\/wp\/v2\/posts"}],"about":[{"href":"http:\/\/dsrmedios.com.ar\/diario\/wp-json\/wp\/v2\/types\/post"}],"author":[{"embeddable":true,"href":"http:\/\/dsrmedios.com.ar\/diario\/wp-json\/wp\/v2\/users\/6"}],"replies":[{"embeddable":true,"href":"http:\/\/dsrmedios.com.ar\/diario\/wp-json\/wp\/v2\/comments?post=31938"}],"version-history":[{"count":1,"href":"http:\/\/dsrmedios.com.ar\/diario\/wp-json\/wp\/v2\/posts\/31938\/revisions"}],"predecessor-version":[{"id":31940,"href":"http:\/\/dsrmedios.com.ar\/diario\/wp-json\/wp\/v2\/posts\/31938\/revisions\/31940"}],"wp:featuredmedia":[{"embeddable":true,"href":"http:\/\/dsrmedios.com.ar\/diario\/wp-json\/wp\/v2\/media\/31939"}],"wp:attachment":[{"href":"http:\/\/dsrmedios.com.ar\/diario\/wp-json\/wp\/v2\/media?parent=31938"}],"wp:term":[{"taxonomy":"category","embeddable":true,"href":"http:\/\/dsrmedios.com.ar\/diario\/wp-json\/wp\/v2\/categories?post=31938"},{"taxonomy":"post_tag","embeddable":true,"href":"http:\/\/dsrmedios.com.ar\/diario\/wp-json\/wp\/v2\/tags?post=31938"}],"curies":[{"name":"wp","href":"https:\/\/api.w.org\/{rel}","templated":true}]}}