{"id":31929,"date":"2023-04-26T19:00:06","date_gmt":"2023-04-26T22:00:06","guid":{"rendered":"http:\/\/dsrmedios.com.ar\/diario\/?p=31929"},"modified":"2023-04-26T19:00:09","modified_gmt":"2023-04-26T22:00:09","slug":"la-ucr-dio-el-visto-bueno-a-jose-luis-espert-dentro-de-juntos","status":"publish","type":"post","link":"http:\/\/dsrmedios.com.ar\/diario\/archivos\/31929","title":{"rendered":"La UCR dio el visto bueno a Jos\u00e9 Luis Espert dentro de Juntos"},"content":{"rendered":"\n<p>Al igual que lo hiciera&nbsp;<a href=\"https:\/\/infocielo.com\/jose-luis-espert\/el-partido-lilita-carrio-le-abrio-la-puerta-jose-luis-espert-n761352\" target=\"_blank\" rel=\"noreferrer noopener\">la Coalici\u00f3n C\u00edvica de Lilita Carri\u00f3,<\/a>&nbsp;desde el Comit\u00e9 Nacional de la Uni\u00f3n C\u00edvica Radical le dio la bienvenida al diputado nacional&nbsp;<strong>Jos\u00e9 Luis Espert&nbsp;<\/strong>a la coalici\u00f3n opositora de Juntos por el Cambio<\/p>\n\n\n\n<p>Sin reparos de tipo ideol\u00f3gico, el titular del Comit\u00e9 Nacional\u00a0<strong>Gerardo Morales<\/strong>\u00a0se deshizo en elogios hacia la figura del economista liberal a quien no dud\u00f3 en incluir en la lista de<strong>\u00a0\u201cgente capaz, trabajadora y decidida\u201d\u00a0<\/strong>que necesita Juntos por el Cambio para \u201cdar vuelta la Argentina\u201d<\/p>\n\n\n\n<p><strong>\u201cSalir de esta crisis requiere madurez y unidad. Por eso, como presidente de la UCR saludo la incorporaci\u00f3n de Jos\u00e9 Luis Espert y Avanza Libertad\u201d&nbsp;<\/strong>expres\u00f3 el gobernador de Jujuy.<\/p>\n\n\n\n<p>\u201cS\u00e9 de su enorme preocupaci\u00f3n por la fr\u00e1gil situaci\u00f3n del pa\u00eds, y creo que es necesaria la ampliaci\u00f3n de Juntos por el Cambio con espacios que est\u00e9n comprometidos con nuestra ciudadan\u00eda. Con orden y capacidad de gesti\u00f3n, vamos a revertir el desastre que nos deja este gobierno\u201d agreg\u00f3 Morales.<\/p>\n\n\n\n<p><\/p>\n\n\n\n<blockquote class=\"wp-block-quote\">\n<p>Para dar vuelta la Argentina hace falta un espacio pol\u00edtico formado con gente capaz, trabajadora y decidida. Salir de esta crisis requiere madurez y unidad. Por eso, como presidente de la&nbsp;<a href=\"https:\/\/twitter.com\/UCRNacional?ref_src=twsrc%5Etfw\">@UCRNacional<\/a>, saludo la incorporaci\u00f3n de&nbsp;<a href=\"https:\/\/twitter.com\/jlespert?ref_src=twsrc%5Etfw\">@jlespert<\/a>&nbsp;y&nbsp;<a href=\"https:\/\/twitter.com\/AvanzaLibertad_?ref_src=twsrc%5Etfw\">@AvanzaLibertad_<\/a>&nbsp;a&nbsp;<a href=\"https:\/\/twitter.com\/juntoscambioar?ref_src=twsrc%5Etfw\">@juntoscambioar<\/a>.\u2014 Gerardo Morales (@GerardoMorales)&nbsp;<a href=\"https:\/\/twitter.com\/GerardoMorales\/status\/1651303053855694849?ref_src=twsrc%5Etfw\">April 26, 2023<\/a><\/p>\n<\/blockquote>\n\n\n\n<p>En igual sinton\u00eda ya se hab\u00eda expresado el titular de la Coalici\u00f3n C\u00edvica,&nbsp;<strong>Maximiliano Ferraro<\/strong>. Juntos por el Cambio &#8220;debe ser siempre un espacio amplio, que sume a todos aquellos que defiendan la democracia, la libertad, el humanismo y los valores republicanos&#8221; dijo y por eso apoy\u00f3 la propuesta de Avanza Libertad de sumarse al espacio. &#8220;El pa\u00eds necesita de cada uno de nosotros para salir adelante&#8221;, concluy\u00f3.<\/p>\n\n\n\n<p>Lo propio hizo el titular de Encuentro Republicano Federal,&nbsp;<strong>Miguel \u00c1ngel Pichetto<\/strong>. En declaraciones radiales sostuvo:<strong>&nbsp;\u201cYo tengo una mirada totalmente positiva, me parece que es interesante sumar a Jos\u00e9 Luis Espert con su partido que aporta una mirada liberal y consolida el frente opositor\u201d.<\/strong><\/p>\n\n\n\n<p>Curiosamente y hasta despu\u00e9s de las 18:00, a\u00fan no se hab\u00eda pronunciado el PRO, uno de los socios mayoritarios de Juntos, en la voz de su flamante titular, Federico Angelini, hombre cercano a la extitular del partido amarillo, Patricia Bullrich.<\/p>\n\n\n\n<p>Cabe recordar que la tracci\u00f3n del nombre de Jos\u00e9 Luis Espert hab\u00eda sido realizada desde el entorno de Horacio Rodr\u00edguez Larreta, quien ve en su figura la posibilidad de disputar el voto libertario y contrarrestar el crecimiento de Javier Milei.<\/p>\n\n\n\n<p>Fuente: Infocielo<\/p>\n","protected":false},"excerpt":{"rendered":"<div class=\"mh-excerpt\"><p>Al igual que lo hiciera&nbsp;la Coalici\u00f3n C\u00edvica de Lilita Carri\u00f3,&nbsp;desde el Comit\u00e9 Nacional de la Uni\u00f3n C\u00edvica Radical le dio la bienvenida al diputado nacional&nbsp;Jos\u00e9 Luis Espert&nbsp;a la coalici\u00f3n opositora de Juntos por el Cambio Sin reparos de tipo ideol\u00f3gico, el titular del Comit\u00e9 Nacional\u00a0Gerardo Morales\u00a0se deshizo en elogios hacia la figura del economista liberal a quien no dud\u00f3 en incluir en la lista de\u00a0\u201cgente capaz, trabajadora y decidida\u201d\u00a0que necesita Juntos por el Cambio para \u201cdar vuelta la Argentina\u201d \u201cSalir de esta crisis requiere madurez y unidad. Por eso, como presidente de la UCR saludo la incorporaci\u00f3n de Jos\u00e9 Luis <a class=\"mh-excerpt-more\" href=\"http:\/\/dsrmedios.com.ar\/diario\/archivos\/31929\" title=\"La UCR dio el visto bueno a Jos\u00e9 Luis Espert dentro de Juntos\">[Leer m\u00e1s]<\/a><\/p>\n<\/div>","protected":false},"author":6,"featured_media":31930,"comment_status":"open","ping_status":"closed","sticky":false,"template":"","format":"standard","meta":{"_jetpack_newsletter_access":""},"categories":[6],"tags":[],"jetpack_featured_media_url":"http:\/\/dsrmedios.com.ar\/diario\/wp-content\/uploads\/2023\/04\/ucr4jpg.webp","jetpack_sharing_enabled":true,"jetpack_shortlink":"https:\/\/wp.me\/p9fihK-8iZ","_links":{"self":[{"href":"http:\/\/dsrmedios.com.ar\/diario\/wp-json\/wp\/v2\/posts\/31929"}],"collection":[{"href":"http:\/\/dsrmedios.com.ar\/diario\/wp-json\/wp\/v2\/posts"}],"about":[{"href":"http:\/\/dsrmedios.com.ar\/diario\/wp-json\/wp\/v2\/types\/post"}],"author":[{"embeddable":true,"href":"http:\/\/dsrmedios.com.ar\/diario\/wp-json\/wp\/v2\/users\/6"}],"replies":[{"embeddable":true,"href":"http:\/\/dsrmedios.com.ar\/diario\/wp-json\/wp\/v2\/comments?post=31929"}],"version-history":[{"count":1,"href":"http:\/\/dsrmedios.com.ar\/diario\/wp-json\/wp\/v2\/posts\/31929\/revisions"}],"predecessor-version":[{"id":31931,"href":"http:\/\/dsrmedios.com.ar\/diario\/wp-json\/wp\/v2\/posts\/31929\/revisions\/31931"}],"wp:featuredmedia":[{"embeddable":true,"href":"http:\/\/dsrmedios.com.ar\/diario\/wp-json\/wp\/v2\/media\/31930"}],"wp:attachment":[{"href":"http:\/\/dsrmedios.com.ar\/diario\/wp-json\/wp\/v2\/media?parent=31929"}],"wp:term":[{"taxonomy":"category","embeddable":true,"href":"http:\/\/dsrmedios.com.ar\/diario\/wp-json\/wp\/v2\/categories?post=31929"},{"taxonomy":"post_tag","embeddable":true,"href":"http:\/\/dsrmedios.com.ar\/diario\/wp-json\/wp\/v2\/tags?post=31929"}],"curies":[{"name":"wp","href":"https:\/\/api.w.org\/{rel}","templated":true}]}}