{"id":31926,"date":"2023-04-26T18:55:32","date_gmt":"2023-04-26T21:55:32","guid":{"rendered":"http:\/\/dsrmedios.com.ar\/diario\/?p=31926"},"modified":"2023-04-26T18:55:35","modified_gmt":"2023-04-26T21:55:35","slug":"axel-kicillof-se-pone-al-frente-del-operativo-clamor-por-cristina-kirchner-en-la-previa-al-acto-en-la-plata","status":"publish","type":"post","link":"http:\/\/dsrmedios.com.ar\/diario\/archivos\/31926","title":{"rendered":"Axel Kicillof se pone al frente del operativo clamor por Cristina Kirchner en la previa al acto en La Plata"},"content":{"rendered":"\n<p>A horas de la reaparici\u00f3n p\u00fablica de&nbsp;<strong>Cristina Kirchner<\/strong>, luego del renunciamiento de&nbsp;<strong>Alberto Fern\u00e1ndez&nbsp;<\/strong>de ir por la reelecci\u00f3n y con la econom\u00eda oscilante,<strong>&nbsp;el kirchnerismo entra en estado de ebullici\u00f3n a la espera de la palabra de la titular del Senado.<\/strong>&nbsp;Vuelan especulaciones y una certeza coincidente: ese espacio no ve otra alternativa para el ordenamiento interno que&nbsp;<strong>la candidata presidencial del Frente de Todos sea la Vicepresidenta.<\/strong><\/p>\n\n\n\n<p>Es en ese grupo que se alinea y se pone al frente el gobernador bonaerense,&nbsp;<strong>Axel Kicillof.<\/strong>&nbsp;El mandatario anhela que la ex presidenta acepte finalmente ser la candidata del espacio y las expectativas crecen en vistas a la \u201ccharla magistral\u201d que dar\u00e1 en el marco del lanzamiento de la Escuela Justicialista N\u00e9stor Kirchner.<\/p>\n\n\n\n<p>A horas del acto, su jefe de Asesores y funcionario de confianza,<strong>&nbsp;Carlos Bianco<\/strong>, realiz\u00f3 una sugestiva publicaci\u00f3n en sus redes sociales. Una foto de lo que pareciera ser el inicio de una carta a la Vicepresidenta. \u201cCristina\u201d, escrito en pu\u00f1o y letra con lapicera azul en una hoja en blanco de un cuaderno de la provincia de Buenos Aires.<\/p>\n\n\n\n<p>\u201c<strong>Escrib\u00ed Cristina 2023 en tu cuaderno, sacale una foto y publicala en tus redes<\/strong>\u201d, es parte del instructivo que circula en la militancia kirchnerista en la previa al acto en La Plata. Bianco dio el puntapi\u00e9. Adem\u00e1s de Bianco, tambi\u00e9n se sum\u00f3 a la campa\u00f1a el titular de ARBA,&nbsp;<strong>Cristian Girard;&nbsp;<\/strong>otro leal de Kicillof. \u201cLas lapiceras del pueblo escriben\u201d, agreg\u00f3 el jefe de la agencia de recaudaci\u00f3n bonaerense.<\/p>\n\n\n\n<p><img decoding=\"async\" loading=\"lazy\" alt=\"Lapicera en mano, la publicaci\u00f3n del asesor de Axel Kicillof \" height=\"1380\" width=\"1920\" class=\"\" src=\"https:\/\/cloudfront-us-east-1.images.arcpublishing.com\/infobae\/52LPKLILAND5VPHPRLGNLSPARA.jpg\" srcset=\"https:\/\/www.infobae.com\/new-resizer\/6QErrVCiDjF-hS1ExxIS_cySWDA=\/420x315\/filters:format(webp):quality(85)\/cloudfront-us-east-1.images.arcpublishing.com\/infobae\/52LPKLILAND5VPHPRLGNLSPARA.jpg 420w,https:\/\/www.infobae.com\/new-resizer\/JT_paZdrERRfImuN1yAkq4vp2Lw=\/768x576\/filters:format(webp):quality(85)\/cloudfront-us-east-1.images.arcpublishing.com\/infobae\/52LPKLILAND5VPHPRLGNLSPARA.jpg 768w,https:\/\/www.infobae.com\/new-resizer\/lGsI5pUYxzZjGI53geBL7mlgOYI=\/992x744\/filters:format(webp):quality(85)\/cloudfront-us-east-1.images.arcpublishing.com\/infobae\/52LPKLILAND5VPHPRLGNLSPARA.jpg 992w,https:\/\/www.infobae.com\/new-resizer\/1DzjVdfwppIGj_Z38v2GqmSzzW0=\/1200x900\/filters:format(webp):quality(85)\/cloudfront-us-east-1.images.arcpublishing.com\/infobae\/52LPKLILAND5VPHPRLGNLSPARA.jpg 1200w,https:\/\/www.infobae.com\/new-resizer\/3_a7Q6Azf4w3bDcv6RQB8uj6uvY=\/1440x1080\/filters:format(webp):quality(85)\/cloudfront-us-east-1.images.arcpublishing.com\/infobae\/52LPKLILAND5VPHPRLGNLSPARA.jpg 1440w\">Lapicera en mano, la publicaci\u00f3n del asesor de Axel Kicillof<\/p>\n\n\n\n<p>Este mi\u00e9rcoles, en declaraciones a&nbsp;<em>Radio Provincia<\/em>, el funcionario expres\u00f3 que \u201chay mucha expectativa\u201d en el discurso que brindar\u00e1 la titular del Senado por tratarse de \u201cla principal dirigente pol\u00edtica y la \u00fanica estadista que tiene la Argentina\u201d.<\/p>\n\n\n\n<p>En varias oportunidades, el funcionario cercano a Kicillof ha manifestado que la candidata ideal es Cristina Kirchner. Sin embargo,&nbsp;<strong>el contexto actual renueva y pone el foco en lo que vaya a plantear la ex mandataria este jueves en La Plata<\/strong>. Kicillof fue el orador en los dos grandes actos que realiz\u00f3 el kirchnerismo para \u201cromper con la proscripci\u00f3n\u201d que pesa sobre la Vicepresidenta: uno en Avellaneda con un formato de plenario de la militancia y otro en las puertas de la Corte Suprema.<\/p>\n\n\n\n<p>Si bien la intenci\u00f3n del gobernador y su equipo es buscar la reelecci\u00f3n en la provincia de Buenos Aires, en el tren de candidaturas<strong>\u00a0volvi\u00f3 a sobrevolar la posibilidad de que ante la falta de presidenciables de fuste, Kicillof finalmente sea ungido a la pela presidencial<\/strong>; siempre y cuando\u00a0<strong>Cristina Kirchner<\/strong>\u00a0no compita o integre la lista encabezando la n\u00f3mina a senadora nacional por el territorio bonaerense.<\/p>\n\n\n\n<p>En La Plata dicen que<strong>&nbsp;liberar a Kicillof&nbsp;<\/strong>de la pelea bonaerense es una jugada arriesgada y&nbsp;<strong>podr\u00eda poner en peligro la elecci\u00f3n provincial, que adem\u00e1s impacta en el 38% del padr\u00f3n nacional<\/strong>. En el entorno del mandatario circulan encuestas con escenarios de PBA y, en la mayor\u00eda, Kicillof rankea dentro del espectro del Frente de Todos y se muestra competitivo con la sumatoria de los precandidatos de Juntos.<\/p>\n\n\n\n<p><img decoding=\"async\" loading=\"lazy\" alt=\"Sergio Massa, el otro posible candidato del FdT (REUTERS)\" height=\"533\" width=\"800\" class=\"\" src=\"https:\/\/cloudfront-us-east-1.images.arcpublishing.com\/infobae\/6D2FA7G67P3RHT5ECHVXDEHK2Q.jpg\" srcset=\"https:\/\/www.infobae.com\/new-resizer\/7LJ4V1JwITwQHYTGY9z5AgrtLZs=\/420x280\/filters:format(webp):quality(85)\/cloudfront-us-east-1.images.arcpublishing.com\/infobae\/6D2FA7G67P3RHT5ECHVXDEHK2Q.jpg 420w,https:\/\/www.infobae.com\/new-resizer\/OiO0w678GSeCFsp90zEHt1k9aTE=\/768x512\/filters:format(webp):quality(85)\/cloudfront-us-east-1.images.arcpublishing.com\/infobae\/6D2FA7G67P3RHT5ECHVXDEHK2Q.jpg 768w,https:\/\/www.infobae.com\/new-resizer\/3TQXT8P-SaRLBClwkCjeWAa5_WM=\/992x661\/filters:format(webp):quality(85)\/cloudfront-us-east-1.images.arcpublishing.com\/infobae\/6D2FA7G67P3RHT5ECHVXDEHK2Q.jpg 992w,https:\/\/www.infobae.com\/new-resizer\/5nsB8v6Z_daYZ2L91Scz2vGkke8=\/1200x800\/filters:format(webp):quality(85)\/cloudfront-us-east-1.images.arcpublishing.com\/infobae\/6D2FA7G67P3RHT5ECHVXDEHK2Q.jpg 1200w,https:\/\/www.infobae.com\/new-resizer\/vmt9INffVgfCe9nICtmSzOeWSrs=\/1440x960\/filters:format(webp):quality(85)\/cloudfront-us-east-1.images.arcpublishing.com\/infobae\/6D2FA7G67P3RHT5ECHVXDEHK2Q.jpg 1440w\">Sergio Massa, el otro posible candidato del FdT (REUTERS)<\/p>\n\n\n\n<p>Hay en el radar, adem\u00e1s de Kicillof, otros posibles candidatos -forjados un tanto en la emergencia- para el Frente de Todos. El ministro de Econom\u00eda,&nbsp;<strong>Sergio Massa<\/strong>, a\u00fan con vigencia pese a la corrida cambiaria que afront\u00f3 por estas horas; el Embajador en Brasil,&nbsp;<strong>Daniel Scioli<\/strong>, que ratific\u00f3 su intenci\u00f3n de pelear; el ministro del Interior,&nbsp;<strong>Eduardo de Pedro<\/strong>, que levant\u00f3 el perfil de un tiempo a esta parte y podr\u00eda ser la alternativa de La C\u00e1mpora; el jefe de Gabinete,<strong>&nbsp;Agust\u00edn Rossi<\/strong>, ya sin el presidente en carrera, o incluso el dirigente social y pol\u00edtico,&nbsp;<strong>Juan Grabois,&nbsp;<\/strong>porPatria Grande.<\/p>\n\n\n\n<p>\u201cNecesitamos la palabra de nuestra Vicepresidenta con la experiencia de enfrentar las crisis y los especuladores que incrementan los precios para obtener ganancia. Es sumamente relevante lo que diga Cristina ma\u00f1ana en este contexto. Ella ya vienen anunciando un mont\u00f3n de cuestiones que evidentemente no las realizamos\u201d, plante\u00f3 el ministro de Trabajo bonaerense,&nbsp;<strong>Walter Correa,<\/strong>&nbsp;en declaraciones a&nbsp;<em>Radio 10<\/em>&nbsp;este mi\u00e9rcoles.<\/p>\n\n\n\n<p>Las expresiones de deseo de una precandidatura de CFK que busca imponer el cristinismo contrasta con el escenario de PASO que plante\u00f3 el presidente\u00a0<strong>Alberto Fern\u00e1ndez<\/strong>\u00a0y que sus leales ya empezaron a traccionar para la constituci\u00f3n de las f\u00f3rmulas ejecutivas y las listas legislativas.<\/p>\n\n\n\n<p>Fuente: Infobae<\/p>\n","protected":false},"excerpt":{"rendered":"<div class=\"mh-excerpt\"><p>A horas de la reaparici\u00f3n p\u00fablica de&nbsp;Cristina Kirchner, luego del renunciamiento de&nbsp;Alberto Fern\u00e1ndez&nbsp;de ir por la reelecci\u00f3n y con la econom\u00eda oscilante,&nbsp;el kirchnerismo entra en estado de ebullici\u00f3n a la espera de la palabra de la titular del Senado.&nbsp;Vuelan especulaciones y una certeza coincidente: ese espacio no ve otra alternativa para el ordenamiento interno que&nbsp;la candidata presidencial del Frente de Todos sea la Vicepresidenta. Es en ese grupo que se alinea y se pone al frente el gobernador bonaerense,&nbsp;Axel Kicillof.&nbsp;El mandatario anhela que la ex presidenta acepte finalmente ser la candidata del espacio y las expectativas crecen en vistas a <a class=\"mh-excerpt-more\" href=\"http:\/\/dsrmedios.com.ar\/diario\/archivos\/31926\" title=\"Axel Kicillof se pone al frente del operativo clamor por Cristina Kirchner en la previa al acto en La Plata\">[Leer m\u00e1s]<\/a><\/p>\n<\/div>","protected":false},"author":6,"featured_media":13144,"comment_status":"open","ping_status":"closed","sticky":false,"template":"","format":"standard","meta":{"_jetpack_newsletter_access":""},"categories":[6,7],"tags":[],"jetpack_featured_media_url":"http:\/\/dsrmedios.com.ar\/diario\/wp-content\/uploads\/2019\/06\/axel2-1.jpg","jetpack_sharing_enabled":true,"jetpack_shortlink":"https:\/\/wp.me\/p9fihK-8iW","_links":{"self":[{"href":"http:\/\/dsrmedios.com.ar\/diario\/wp-json\/wp\/v2\/posts\/31926"}],"collection":[{"href":"http:\/\/dsrmedios.com.ar\/diario\/wp-json\/wp\/v2\/posts"}],"about":[{"href":"http:\/\/dsrmedios.com.ar\/diario\/wp-json\/wp\/v2\/types\/post"}],"author":[{"embeddable":true,"href":"http:\/\/dsrmedios.com.ar\/diario\/wp-json\/wp\/v2\/users\/6"}],"replies":[{"embeddable":true,"href":"http:\/\/dsrmedios.com.ar\/diario\/wp-json\/wp\/v2\/comments?post=31926"}],"version-history":[{"count":1,"href":"http:\/\/dsrmedios.com.ar\/diario\/wp-json\/wp\/v2\/posts\/31926\/revisions"}],"predecessor-version":[{"id":31927,"href":"http:\/\/dsrmedios.com.ar\/diario\/wp-json\/wp\/v2\/posts\/31926\/revisions\/31927"}],"wp:featuredmedia":[{"embeddable":true,"href":"http:\/\/dsrmedios.com.ar\/diario\/wp-json\/wp\/v2\/media\/13144"}],"wp:attachment":[{"href":"http:\/\/dsrmedios.com.ar\/diario\/wp-json\/wp\/v2\/media?parent=31926"}],"wp:term":[{"taxonomy":"category","embeddable":true,"href":"http:\/\/dsrmedios.com.ar\/diario\/wp-json\/wp\/v2\/categories?post=31926"},{"taxonomy":"post_tag","embeddable":true,"href":"http:\/\/dsrmedios.com.ar\/diario\/wp-json\/wp\/v2\/tags?post=31926"}],"curies":[{"name":"wp","href":"https:\/\/api.w.org\/{rel}","templated":true}]}}