{"id":31905,"date":"2023-04-26T18:37:39","date_gmt":"2023-04-26T21:37:39","guid":{"rendered":"http:\/\/dsrmedios.com.ar\/diario\/?p=31905"},"modified":"2023-04-26T18:37:43","modified_gmt":"2023-04-26T21:37:43","slug":"miradas-encontradas-en-el-frente-de-todos-sobre-el-impacto-del-acto-de-cristina-kirchner-frente-a-la-crisis-cambiaria","status":"publish","type":"post","link":"http:\/\/dsrmedios.com.ar\/diario\/archivos\/31905","title":{"rendered":"Miradas encontradas en el Frente de Todos sobre el impacto del acto de Cristina Kirchner frente a la crisis cambiaria"},"content":{"rendered":"\n<p>Mientras crece la expectativa en el&nbsp;<strong>Frente de Todos<\/strong>&nbsp;sobre el&nbsp;<strong>impacto electoral<\/strong>&nbsp;del discurso de&nbsp;<strong>Cristina Kirchner&nbsp;<\/strong>en La Plata, ma\u00f1ana las miradas aparecen divididas con respecto a la injerencia que podr\u00edan tener en el&nbsp;<strong>escenario econ\u00f3mico.<\/strong>&nbsp;En medio de la&nbsp;<strong>crisis cambiaria,<\/strong>&nbsp;en la Casa Rosada aseguran que sus palabras, sean de respaldo o cr\u00edticas,<strong>&nbsp;no tendr\u00e1n ninguna injerencia<\/strong>&nbsp;en la administraci\u00f3n de la corrida ni en el comportamiento de los mercados. El kirchnerismo, sin embargo, avisa que la posici\u00f3n de la Vicepresidenta&nbsp;<strong>ser\u00e1 clave&nbsp;<\/strong>para apuntalar o reconducir la gesti\u00f3n de&nbsp;<strong>Sergio Massa.<\/strong><\/p>\n\n\n\n<p>En el Palacio de Hacienda, en cambio, se mostraban cuidadosos y evitaban adelantarse al mensaje.\u00a0<strong>Massa<\/strong>\u00a0no estar\u00e1 presente en el\u00a0<strong>Teatro Argentino de La Plata,<\/strong>\u00a0donde ma\u00f1ana a las 18 CFK disertar\u00e1, justamente, sobre temas econ\u00f3micos, rodeada de militantes y dirigentes de la primera plana K. Mientras la gran pregunta gira en torno a la postura que adoptar\u00e1 la ex presidenta frente a las \u00faltimas medidas del ministro -y de cara a las pr\u00f3ximas elecciones, donde ambos aparecen como presidenciables-, Massa viajar\u00e1 a\u00a0<strong>Montevideo<\/strong>\u00a0para firmar un acuerdo con la\u00a0<strong>CAF.<\/strong><\/p>\n\n\n\n<p>En los despachos del cristinismo a nivel nacional aseguran que Massa, a diferencia de Mart\u00edn Guzm\u00e1n, a\u00fan tiene el&nbsp;<strong>respaldo del ala dura,<\/strong>&nbsp;no s\u00f3lo en la gesti\u00f3n, sino de cara a las PASO, a pesar de la suba de la inflaci\u00f3n, de la merma en los ingresos y de su cercana relaci\u00f3n con el FMI.<strong>&nbsp;\u201cEs lo \u00fanico que tenemos.<\/strong>&nbsp;Y, mal que mal, todav\u00eda est\u00e1 a tiempo de demostrar que&nbsp;<strong>puede controlar la situaci\u00f3n\u201d,<\/strong>&nbsp;dijo un funcionario en la tarde del mi\u00e9rcoles, despu\u00e9s de que el d\u00f3lar se alejara de los peligrosos 500 pesos que hab\u00eda rozado el martes. En el ala moderada del kirchnerismo inclusive arriesgan que podr\u00eda salir&nbsp;<strong>\u201cfortalecido\u201d<\/strong>&nbsp;de la situaci\u00f3n. \u201cPuede ser una oportunidad para<strong>&nbsp;exhibir que puede generar confianza\u201d,<\/strong>&nbsp;dijeron, para ratificar el apoyo.<\/p>\n\n\n\n<p><img decoding=\"async\" loading=\"lazy\" alt=\"Alberto Fern\u00e1ndez, relegado en el armado del Frente de Todos\" height=\"1246\" width=\"1833\" class=\"\" src=\"https:\/\/cloudfront-us-east-1.images.arcpublishing.com\/infobae\/GACGZDQYHUBWMJAG5AWQQH5QVQ.jpg\" srcset=\"https:\/\/www.infobae.com\/new-resizer\/meOQBSU0qvAMp0XCNusNAYrUtTY=\/420x280\/filters:format(webp):quality(85)\/cloudfront-us-east-1.images.arcpublishing.com\/infobae\/GACGZDQYHUBWMJAG5AWQQH5QVQ.jpg 420w,https:\/\/www.infobae.com\/new-resizer\/g5_dGfNcsiP5mJ2sd1YutBAC9WE=\/768x512\/filters:format(webp):quality(85)\/cloudfront-us-east-1.images.arcpublishing.com\/infobae\/GACGZDQYHUBWMJAG5AWQQH5QVQ.jpg 768w,https:\/\/www.infobae.com\/new-resizer\/uHQCuQd8lVbs-3V9b7WtArxIPYg=\/992x661\/filters:format(webp):quality(85)\/cloudfront-us-east-1.images.arcpublishing.com\/infobae\/GACGZDQYHUBWMJAG5AWQQH5QVQ.jpg 992w,https:\/\/www.infobae.com\/new-resizer\/nAFY8hhgDa-hlbEK0OmLQXn4rmk=\/1200x800\/filters:format(webp):quality(85)\/cloudfront-us-east-1.images.arcpublishing.com\/infobae\/GACGZDQYHUBWMJAG5AWQQH5QVQ.jpg 1200w,https:\/\/www.infobae.com\/new-resizer\/58qHLEuTaFFL2KcHu8wa-gwZ5b8=\/1440x960\/filters:format(webp):quality(85)\/cloudfront-us-east-1.images.arcpublishing.com\/infobae\/GACGZDQYHUBWMJAG5AWQQH5QVQ.jpg 1440w\">Alberto Fern\u00e1ndez, relegado en el armado del Frente de Todos<\/p>\n\n\n\n<p>Aunque el grueso del inter\u00e9s del oficialismo est\u00e1 puesto en las definiciones electorales que pueda llegar a dejar CFK, el t\u00edtulo de la&nbsp;<strong>clase magistral<\/strong>&nbsp;no deja dudas de que tendr\u00e1 referencias econ\u00f3micas. \u201c27 de abril 2003 \u2013 2023. La Argentina Circular. El FMI y su hist\u00f3rica receta de inflaci\u00f3n y recesi\u00f3n. Fragmentaci\u00f3n pol\u00edtica y concentraci\u00f3n econ\u00f3mica\u201d, reza la convocatoria al acto de ma\u00f1ana, y en la dirigencia del FDT admiten que&nbsp;<strong>no habr\u00e1 margen para desligar las palabras de la principal oradora del contexto actual<\/strong>, donde el Fondo es protagonista en la discusi\u00f3n, y la inflaci\u00f3n y la recesi\u00f3n aparecen como los problemas centrales de la administraci\u00f3n nacional.<\/p>\n\n\n\n<p>\u201cTodos est\u00e1n esperando que diga si va a ser candidata. Pero&nbsp;<strong>podr\u00edan estar equivocados.<\/strong>&nbsp;No es caracter\u00edstico de Cristina dar definiciones en actos p\u00fablicos y el tema central en la Argentina sigue siendo la econom\u00eda\u201d, dijo esta tarde un ministro que muy probablemente asista al acto en la ciudad natal de Cristina Kirchner. Otro experimentado funcionario se atrevi\u00f3 a augurar que es muy posible la presidenta del Senado apoye al ministro, pero<strong>&nbsp;con reparos.<\/strong>&nbsp;\u201cSeguramente le marque algo, le pida medidas m\u00e1s fuertes para contener la situaci\u00f3n. El sector exportador no est\u00e1 aportando lo que tiene que aportar, hay un tema con las tasas. Hay cosas que se pueden hacer y no se est\u00e1n haciendo\u201d, dijo, en estricto&nbsp;<em>off the record<\/em>.<\/p>\n\n\n\n<p>Desde Hacienda aseguran que Massa est\u00e1 analizando otros instrumentos, m\u00e1s all\u00e1 de la intervenci\u00f3n en los mercados que ejerci\u00f3 desde ayer con reservas del Banco Central, luego del visto bueno del FMI. Ayer, su sucesora en la C\u00e1mara de Diputados,&nbsp;<strong>Cecilia Moreau,<\/strong>&nbsp;muy cercana al ministro, avis\u00f3 por Twitter, en pleno pico de la corrida cambiaria, que \u201cantes del viernes\u201d se conocer\u00e1 \u201cal verdadero Massa\u201d, sin brindar m\u00e1s detalles. Por ahora, sin embargo, Econom\u00eda evita avanzar con otros anuncios, y todo indica que los demorar\u00e1 luego de la merma en los precios del d\u00f3lar libre y los financieros, a la espera de que se profundice la leve mejora. Aunque, sobre todo, rezan para que no se produzca un&nbsp;<strong>efecto rebote.<\/strong><\/p>\n\n\n\n<p><img decoding=\"async\" loading=\"lazy\" alt=\"La Vicepresidenta reaparecer\u00e1 en p\u00fablico \" height=\"853\" width=\"1280\" class=\"\" src=\"https:\/\/cloudfront-us-east-1.images.arcpublishing.com\/infobae\/GXTZMNFPPFE47CXUTPIA2KNGYI.jpg\" srcset=\"https:\/\/www.infobae.com\/new-resizer\/Wri404lFmBrO5UkD7Tg0DrJ-4X8=\/420x280\/filters:format(webp):quality(85)\/cloudfront-us-east-1.images.arcpublishing.com\/infobae\/GXTZMNFPPFE47CXUTPIA2KNGYI.jpg 420w,https:\/\/www.infobae.com\/new-resizer\/pZbmpWST5nXpYkvTutkVS6bOB8M=\/768x512\/filters:format(webp):quality(85)\/cloudfront-us-east-1.images.arcpublishing.com\/infobae\/GXTZMNFPPFE47CXUTPIA2KNGYI.jpg 768w,https:\/\/www.infobae.com\/new-resizer\/kF_41uBdz1ZNEXQQqvqL0YwuJiY=\/992x661\/filters:format(webp):quality(85)\/cloudfront-us-east-1.images.arcpublishing.com\/infobae\/GXTZMNFPPFE47CXUTPIA2KNGYI.jpg 992w,https:\/\/www.infobae.com\/new-resizer\/7ExXH8jd16piQY1bhs3n47H8qcg=\/1200x800\/filters:format(webp):quality(85)\/cloudfront-us-east-1.images.arcpublishing.com\/infobae\/GXTZMNFPPFE47CXUTPIA2KNGYI.jpg 1200w,https:\/\/www.infobae.com\/new-resizer\/fSwvCCgekWcczXVc9y9-fcGjZBw=\/1440x960\/filters:format(webp):quality(85)\/cloudfront-us-east-1.images.arcpublishing.com\/infobae\/GXTZMNFPPFE47CXUTPIA2KNGYI.jpg 1440w\">La Vicepresidenta reaparecer\u00e1 en p\u00fablico<\/p>\n\n\n\n<p>En los \u00faltimos dos a\u00f1os de gesti\u00f3n del FdT, la presi\u00f3n de Cristina Kirchner desemboc\u00f3 en la salida de una decena de ministros de las \u00e1reas m\u00e1s importantes. La m\u00e1s resonante fue la de Mart\u00edn Guzm\u00e1n, que hab\u00eda cerrado la primera renegociaci\u00f3n de la deuda con el FMI, y que, a partir de entonces, se transform\u00f3 en el eje de todas las cr\u00edticas del kirchnerismo hasta que sali\u00f3 eyectado, hace diez meses. A pesar de estos antecedentes, en Balcarce 50 sostienen que los tiene sin cuidado lo que piense y exprese la Vicepresidenta. \u201cHay algo caracter\u00edstico de los periodistas que podemos entender, pero que no compartimos, que es<strong>&nbsp;darle a lo que dice Cristina m\u00e1s relevancia de la que tiene\u201d,&nbsp;<\/strong>dijo, confiado, un importante funcionario del entorno de Alberto Fern\u00e1ndez, que esta tarde cancel\u00f3 un acto en el conurbano para seguir desde la sede del Gobierno la evoluci\u00f3n de las variables econ\u00f3micas que le transmite Massa.<\/p>\n\n\n\n<p>A lo largo y ancho del Gobierno descuentan que, a pesar de que la econom\u00eda est\u00e1 peor que cuando Massa asumi\u00f3, el tigrense mantiene el respaldo K, a falta de otra opci\u00f3n, sin tiempo antes de las elecciones de agosto, y con la situaci\u00f3n social cada vez m\u00e1s complicada por la suba infrenable de precios. Sin embargo, no descartan que pueda haber un \u201ctir\u00f3n de orejas\u201d desde la c\u00fapula del Instituto Patria. \u201cVa a ser lo suficientemente dura como para contentar a los propios, y lo suficientemente justa como para no da\u00f1ar la negociaci\u00f3n con el Fondo\u201d, dijeron cerca de la ex mandataria.<\/p>\n\n\n\n<p>Fuente: Infobae<\/p>\n","protected":false},"excerpt":{"rendered":"<div class=\"mh-excerpt\"><p>Mientras crece la expectativa en el&nbsp;Frente de Todos&nbsp;sobre el&nbsp;impacto electoral&nbsp;del discurso de&nbsp;Cristina Kirchner&nbsp;en La Plata, ma\u00f1ana las miradas aparecen divididas con respecto a la injerencia que podr\u00edan tener en el&nbsp;escenario econ\u00f3mico.&nbsp;En medio de la&nbsp;crisis cambiaria,&nbsp;en la Casa Rosada aseguran que sus palabras, sean de respaldo o cr\u00edticas,&nbsp;no tendr\u00e1n ninguna injerencia&nbsp;en la administraci\u00f3n de la corrida ni en el comportamiento de los mercados. El kirchnerismo, sin embargo, avisa que la posici\u00f3n de la Vicepresidenta&nbsp;ser\u00e1 clave&nbsp;para apuntalar o reconducir la gesti\u00f3n de&nbsp;Sergio Massa. En el Palacio de Hacienda, en cambio, se mostraban cuidadosos y evitaban adelantarse al mensaje.\u00a0Massa\u00a0no estar\u00e1 presente en el\u00a0Teatro <a class=\"mh-excerpt-more\" href=\"http:\/\/dsrmedios.com.ar\/diario\/archivos\/31905\" title=\"Miradas encontradas en el Frente de Todos sobre el impacto del acto de Cristina Kirchner frente a la crisis cambiaria\">[Leer m\u00e1s]<\/a><\/p>\n<\/div>","protected":false},"author":6,"featured_media":31906,"comment_status":"open","ping_status":"closed","sticky":false,"template":"","format":"standard","meta":{"_jetpack_newsletter_access":""},"categories":[6],"tags":[],"jetpack_featured_media_url":"http:\/\/dsrmedios.com.ar\/diario\/wp-content\/uploads\/2023\/04\/descarga-57.jpg","jetpack_sharing_enabled":true,"jetpack_shortlink":"https:\/\/wp.me\/p9fihK-8iB","_links":{"self":[{"href":"http:\/\/dsrmedios.com.ar\/diario\/wp-json\/wp\/v2\/posts\/31905"}],"collection":[{"href":"http:\/\/dsrmedios.com.ar\/diario\/wp-json\/wp\/v2\/posts"}],"about":[{"href":"http:\/\/dsrmedios.com.ar\/diario\/wp-json\/wp\/v2\/types\/post"}],"author":[{"embeddable":true,"href":"http:\/\/dsrmedios.com.ar\/diario\/wp-json\/wp\/v2\/users\/6"}],"replies":[{"embeddable":true,"href":"http:\/\/dsrmedios.com.ar\/diario\/wp-json\/wp\/v2\/comments?post=31905"}],"version-history":[{"count":1,"href":"http:\/\/dsrmedios.com.ar\/diario\/wp-json\/wp\/v2\/posts\/31905\/revisions"}],"predecessor-version":[{"id":31907,"href":"http:\/\/dsrmedios.com.ar\/diario\/wp-json\/wp\/v2\/posts\/31905\/revisions\/31907"}],"wp:featuredmedia":[{"embeddable":true,"href":"http:\/\/dsrmedios.com.ar\/diario\/wp-json\/wp\/v2\/media\/31906"}],"wp:attachment":[{"href":"http:\/\/dsrmedios.com.ar\/diario\/wp-json\/wp\/v2\/media?parent=31905"}],"wp:term":[{"taxonomy":"category","embeddable":true,"href":"http:\/\/dsrmedios.com.ar\/diario\/wp-json\/wp\/v2\/categories?post=31905"},{"taxonomy":"post_tag","embeddable":true,"href":"http:\/\/dsrmedios.com.ar\/diario\/wp-json\/wp\/v2\/tags?post=31905"}],"curies":[{"name":"wp","href":"https:\/\/api.w.org\/{rel}","templated":true}]}}