{"id":31896,"date":"2023-04-26T09:30:49","date_gmt":"2023-04-26T12:30:49","guid":{"rendered":"http:\/\/dsrmedios.com.ar\/diario\/?p=31896"},"modified":"2023-04-26T09:30:53","modified_gmt":"2023-04-26T12:30:53","slug":"esta-corrida-va-a-tener-un-impacto-en-los-precios-y-en-el-abastecimiento-reconocio-una-ministra-del-gobierno","status":"publish","type":"post","link":"http:\/\/dsrmedios.com.ar\/diario\/archivos\/31896","title":{"rendered":"<br><strong>\u201cEsta corrida va a tener un impacto en los precios y en el abastecimiento\u201d, reconoci\u00f3 una ministra del Gobierno<\/strong>"},"content":{"rendered":"\n<p>La ministra de Trabajo,&nbsp;<strong>Raquel \u201cKelly\u201d Olmos<\/strong>, hizo referencia este mi\u00e9rcoles a la escalada que sufri\u00f3 el d\u00f3lar paralelo en la jornada de ayer y las repercusiones que puede tener la misma. \u201cVa a tener un<strong>&nbsp;impacto adicional en los precios y tambi\u00e9n en el abastecimiento<\/strong>\u201d, asegur\u00f3 la funcionaria nacional, al tiempo que advirti\u00f3 que \u201c<strong>(Sergio) Massa&nbsp;<\/strong>est\u00e1 atravesando un momento de muchas restricciones\u201d.<\/p>\n\n\n\n<p>La jornada de ayer tuvo un frenes\u00ed financiero por el movimiento del d\u00f3lar libre, que lleg\u00f3 a estar cerca de cotizar a 500 pesos y que cerr\u00f3\u00a0<strong>a $495<\/strong>\u00a0para la venta, con un alza de 33 pesos en el d\u00eda. \u201cPrimero espero que podamos quebrar esta corrida. En el d\u00eda de ayer los d\u00f3lares no se incrementaron en la proporci\u00f3n de los\u00a0<strong>d\u00f3lares ilegales sino que bajaron<\/strong>, y va a ser el factor va a permitir quebrar esta corrida\u201d, manifest\u00f3\u00a0<strong>Kelly Olmos<\/strong>, en di\u00e1logo con la emisora Nacional Rock.<\/p>\n\n\n\n<p>\u201cObviamente, va a tener un impacto adicional en los precios, de hecho ya lo tiene. Y tambi\u00e9n en el abastecimiento.<strong>&nbsp;Uno percibe que los comerciantes est\u00e1n cuotificando lo que venden<\/strong>, por miedo a cu\u00e1l puede ser el precio de reposici\u00f3n\u201d, advirti\u00f3 la titular del Ministerio de Trabajo.<\/p>\n\n\n\n<p><img decoding=\"async\" loading=\"lazy\" alt=\"Kelly Olmos advirti\u00f3 que la fuerte suba del d\u00f3lar paralelo &quot;va a tener un impacto en los precios y en el abastecimiento\u201d\" height=\"1080\" width=\"1920\" class=\"\" src=\"https:\/\/cloudfront-us-east-1.images.arcpublishing.com\/infobae\/6S44S6NH7ZFWFA7QE4ENZVD43E.jpg\" srcset=\"https:\/\/www.infobae.com\/new-resizer\/Ryf6eG1C5T0CevnPTtVW9p7aLSE=\/420x236\/filters:format(webp):quality(85)\/cloudfront-us-east-1.images.arcpublishing.com\/infobae\/6S44S6NH7ZFWFA7QE4ENZVD43E.jpg 420w,https:\/\/www.infobae.com\/new-resizer\/DXgmP916pL1rqg-yyjpzFzXh0qA=\/768x432\/filters:format(webp):quality(85)\/cloudfront-us-east-1.images.arcpublishing.com\/infobae\/6S44S6NH7ZFWFA7QE4ENZVD43E.jpg 768w,https:\/\/www.infobae.com\/new-resizer\/2w9CWRxU4fKwgsaXUAjiqkbWMvs=\/992x558\/filters:format(webp):quality(85)\/cloudfront-us-east-1.images.arcpublishing.com\/infobae\/6S44S6NH7ZFWFA7QE4ENZVD43E.jpg 992w,https:\/\/www.infobae.com\/new-resizer\/dvI7e-LNcdJkTjPJFp6ikv0mfz0=\/1200x675\/filters:format(webp):quality(85)\/cloudfront-us-east-1.images.arcpublishing.com\/infobae\/6S44S6NH7ZFWFA7QE4ENZVD43E.jpg 1200w,https:\/\/www.infobae.com\/new-resizer\/clwWLRF6P3BssNlA5pwkss_qFSA=\/1440x810\/filters:format(webp):quality(85)\/cloudfront-us-east-1.images.arcpublishing.com\/infobae\/6S44S6NH7ZFWFA7QE4ENZVD43E.jpg 1440w\">Kelly Olmos advirti\u00f3 que la fuerte suba del d\u00f3lar paralelo &#8220;va a tener un impacto en los precios y en el abastecimiento\u201d<\/p>\n\n\n\n<p>Asimismo, y ante esta situaci\u00f3n del mercado cambiario, la ministra respald\u00f3 a su par de Econom\u00eda. \u201c<strong>Creo que (Sergio) Massa est\u00e1 atravesando un momento de muchas restricciones<\/strong>. Nosotros ya sabemos el grado de restricci\u00f3n que nos dej\u00f3 el macrismo, por el sobreendeudamiento, despu\u00e9s lo complejo que fue atender sin capacidad de endeudamiento ni externo ni interno la pandemia, despu\u00e9s la Guerra&#8230; Pero la enorme sequ\u00eda que tenemos en la actualidad, es un factor que agrava much\u00edsimo esa\u00a0<strong>situaci\u00f3n estructural previa<\/strong>\u201d, expres\u00f3.<\/p>\n\n\n\n<p>De hecho, aclar\u00f3 las limitaciones con las que cuenta el titular de Econom\u00eda para intervenir sobre la situaci\u00f3n y cu\u00e1l fue el pedido que se le realiz\u00f3 al Fondo Monetario Internacional (FMI). \u201cLo veo tratando de resolverlo con la mayor cantidad de instrumentos que tiene a disposici\u00f3n, que no son muchos. El ministro de Econom\u00eda est\u00e1 pidiendo al Fondo que se concentren todos los desembolsos del a\u00f1o en un pago, no m\u00e1s dinero.<strong>&nbsp;Ese deber\u00eda ser el sentido del FMI, ser el prestamista de \u00faltima instancia<\/strong>\u201d, manifest\u00f3.<\/p>\n\n\n\n<p><img decoding=\"async\" loading=\"lazy\" alt=\"La ministra de Trabajo respald\u00f3 a su par de Econom\u00eda, Sergio Massa, al entender que \u201cest\u00e1 atravesando un momento de muchas restricciones&quot;\" height=\"533\" width=\"800\" class=\"\" src=\"https:\/\/cloudfront-us-east-1.images.arcpublishing.com\/infobae\/PSJ3GYWSEMK35GJYXUGFX23HXM.jpg\" srcset=\"https:\/\/www.infobae.com\/new-resizer\/uZm1e8suw0M-Fll2cxknk-BzxMo=\/420x280\/filters:format(webp):quality(85)\/cloudfront-us-east-1.images.arcpublishing.com\/infobae\/PSJ3GYWSEMK35GJYXUGFX23HXM.jpg 420w,https:\/\/www.infobae.com\/new-resizer\/CitZj-Io8F4W7nWLYRxFsvV21o8=\/768x512\/filters:format(webp):quality(85)\/cloudfront-us-east-1.images.arcpublishing.com\/infobae\/PSJ3GYWSEMK35GJYXUGFX23HXM.jpg 768w,https:\/\/www.infobae.com\/new-resizer\/YA1c2MmSn1Fuw6e4hG8YvfbKMxk=\/992x661\/filters:format(webp):quality(85)\/cloudfront-us-east-1.images.arcpublishing.com\/infobae\/PSJ3GYWSEMK35GJYXUGFX23HXM.jpg 992w,https:\/\/www.infobae.com\/new-resizer\/NvzTo2SwWfABpaPFptVLv-kkytA=\/1200x800\/filters:format(webp):quality(85)\/cloudfront-us-east-1.images.arcpublishing.com\/infobae\/PSJ3GYWSEMK35GJYXUGFX23HXM.jpg 1200w,https:\/\/www.infobae.com\/new-resizer\/qDBe9THopuL_mLpWOB12uPfCOz8=\/1440x960\/filters:format(webp):quality(85)\/cloudfront-us-east-1.images.arcpublishing.com\/infobae\/PSJ3GYWSEMK35GJYXUGFX23HXM.jpg 1440w\">La ministra de Trabajo respald\u00f3 a su par de Econom\u00eda, Sergio Massa, al entender que \u201cest\u00e1 atravesando un momento de muchas restricciones&#8221;<\/p>\n\n\n\n<p><strong>Kelly Olmos<\/strong>, adem\u00e1s, explic\u00f3 c\u00f3mo afronta la situaci\u00f3n econ\u00f3mica del pa\u00eds desde la cartera de Trabajo, Empleo y Seguridad Social. \u201cEn el caso de las paritarias,<strong>&nbsp;estamos aceptando per\u00edodos muy breves de renegociaci\u00f3n, de un mes incluso<\/strong>\u201d, expres\u00f3.<\/p>\n\n\n\n<p>De igual manera, la funcionaria nacional no ocult\u00f3 su preocupaci\u00f3n ante la esta realidad. \u201c<strong>Estoy viendo con preocupaci\u00f3n esta situaci\u00f3n<\/strong>. En lo personal vengo advirtiendo el ataque especulativo que estamos sufriendo y ahora se expresa en su mayor magnitud. Toda la semana pasada planteaba la necesidad de dolarizaci\u00f3n de las carteras, porque se ven\u00eda un gran salto devaluatorio\u201d, revel\u00f3.<\/p>\n\n\n\n<p>Y apunt\u00f3 directamente al entorno de&nbsp;<strong>Mauricio Macri&nbsp;<\/strong>para explicar lo sucedido en las \u00faltimas horas. \u201cAc\u00e1 hay una&nbsp;<strong>operaci\u00f3n de impulso de la corrida<\/strong>&nbsp;que se asimila a lo que dijo recientemente el ex Presidente de Naci\u00f3n, Mauricio Macri, de dinamitar casi todo\u201d, dijo.<\/p>\n\n\n\n<h2>La interna del Frente de Todos<\/h2>\n\n\n\n<p>Por otra parte, la<strong>&nbsp;ministra<\/strong>&nbsp;tambi\u00e9n se expres\u00f3 sobre el momento que atraviesa la interna del oficialismo de cara a las pr\u00f3ximas elecciones y reclam\u00f3 que haya PASO. \u201cYo creo que la \u00fanica fuente de poder que tiene el movimiento popular es la voluntad del pueblo. De modo que cuando se atraviesan crisis me parece bien consultarle a la gente. En ese sentido,&nbsp;<strong>las PASO son un instrumento que cre\u00f3 el peronismo<\/strong>, no nos olvidemos de eso\u201d, expres\u00f3.<\/p>\n\n\n\n<p><img decoding=\"async\" loading=\"lazy\" alt=\"Sobre la interna en el Frente de Todos, Kelly Olmos expres\u00f3 que &quot;es leg\u00edtimo que haya contienda democr\u00e1tica\u201d\" height=\"1080\" width=\"1920\" class=\"\" src=\"https:\/\/cloudfront-us-east-1.images.arcpublishing.com\/infobae\/KY5UFEW7HZCUVHXNZHS63SDFUM.jpg\" srcset=\"https:\/\/www.infobae.com\/new-resizer\/nC5dNBGy-w-fWEg6qn9FY-jBvtY=\/420x236\/filters:format(webp):quality(85)\/cloudfront-us-east-1.images.arcpublishing.com\/infobae\/KY5UFEW7HZCUVHXNZHS63SDFUM.jpg 420w,https:\/\/www.infobae.com\/new-resizer\/RnQtdPLDhbFI7sk3wzfgV_3n10M=\/768x432\/filters:format(webp):quality(85)\/cloudfront-us-east-1.images.arcpublishing.com\/infobae\/KY5UFEW7HZCUVHXNZHS63SDFUM.jpg 768w,https:\/\/www.infobae.com\/new-resizer\/4oNrKrQFaCjcy-QqVxLD07kd2n0=\/992x558\/filters:format(webp):quality(85)\/cloudfront-us-east-1.images.arcpublishing.com\/infobae\/KY5UFEW7HZCUVHXNZHS63SDFUM.jpg 992w,https:\/\/www.infobae.com\/new-resizer\/dqAXGJYwg6CHONV67Vr9kmkFzzU=\/1200x675\/filters:format(webp):quality(85)\/cloudfront-us-east-1.images.arcpublishing.com\/infobae\/KY5UFEW7HZCUVHXNZHS63SDFUM.jpg 1200w,https:\/\/www.infobae.com\/new-resizer\/pWb38Rz4GV2tNKCegSNeWWRt1TQ=\/1440x810\/filters:format(webp):quality(85)\/cloudfront-us-east-1.images.arcpublishing.com\/infobae\/KY5UFEW7HZCUVHXNZHS63SDFUM.jpg 1440w\">Sobre la interna en el Frente de Todos, Kelly Olmos expres\u00f3 que &#8220;es leg\u00edtimo que haya contienda democr\u00e1tica\u201d<\/p>\n\n\n\n<p>Y agreg\u00f3: \u201cHay que entender que se van a elegir distintas categor\u00edas, como Presidente, legisladores nacionales, intendentes y Gobernadores en algunos casos. Ah\u00ed habr\u00e1 muchas posibilidades de que se alcancen acuerdos por consenso. Y donde no sea as\u00ed,&nbsp;<strong>es leg\u00edtimo que haya contienda democr\u00e1tica<\/strong>\u201d.<\/p>\n\n\n\n<p>Por \u00faltimo, y ante la consulta sobre la actualidad del presidente Alberto Fern\u00e1ndez, Olmos contest\u00f3 de manera escueta: \u201c<strong>Hablo peri\u00f3dicamente con el Presidente. Lo encuentro muy bien<\/strong>\u201d.<\/p>\n\n\n\n<p>Fuente: Infobae<\/p>\n","protected":false},"excerpt":{"rendered":"<div class=\"mh-excerpt\"><p>La ministra de Trabajo,&nbsp;Raquel \u201cKelly\u201d Olmos, hizo referencia este mi\u00e9rcoles a la escalada que sufri\u00f3 el d\u00f3lar paralelo en la jornada de ayer y las repercusiones que puede tener la misma. \u201cVa a tener un&nbsp;impacto adicional en los precios y tambi\u00e9n en el abastecimiento\u201d, asegur\u00f3 la funcionaria nacional, al tiempo que advirti\u00f3 que \u201c(Sergio) Massa&nbsp;est\u00e1 atravesando un momento de muchas restricciones\u201d. La jornada de ayer tuvo un frenes\u00ed financiero por el movimiento del d\u00f3lar libre, que lleg\u00f3 a estar cerca de cotizar a 500 pesos y que cerr\u00f3\u00a0a $495\u00a0para la venta, con un alza de 33 pesos en el d\u00eda. <a class=\"mh-excerpt-more\" href=\"http:\/\/dsrmedios.com.ar\/diario\/archivos\/31896\" title=\"\u201cEsta corrida va a tener un impacto en los precios y en el abastecimiento\u201d, reconoci\u00f3 una ministra del Gobierno\">[Leer m\u00e1s]<\/a><\/p>\n<\/div>","protected":false},"author":6,"featured_media":31897,"comment_status":"open","ping_status":"closed","sticky":false,"template":"","format":"standard","meta":{"_jetpack_newsletter_access":""},"categories":[6],"tags":[],"jetpack_featured_media_url":"http:\/\/dsrmedios.com.ar\/diario\/wp-content\/uploads\/2023\/04\/CP5FYBLM75GSTP3QUN3FJ3JQNE.jpeg","jetpack_sharing_enabled":true,"jetpack_shortlink":"https:\/\/wp.me\/p9fihK-8is","_links":{"self":[{"href":"http:\/\/dsrmedios.com.ar\/diario\/wp-json\/wp\/v2\/posts\/31896"}],"collection":[{"href":"http:\/\/dsrmedios.com.ar\/diario\/wp-json\/wp\/v2\/posts"}],"about":[{"href":"http:\/\/dsrmedios.com.ar\/diario\/wp-json\/wp\/v2\/types\/post"}],"author":[{"embeddable":true,"href":"http:\/\/dsrmedios.com.ar\/diario\/wp-json\/wp\/v2\/users\/6"}],"replies":[{"embeddable":true,"href":"http:\/\/dsrmedios.com.ar\/diario\/wp-json\/wp\/v2\/comments?post=31896"}],"version-history":[{"count":1,"href":"http:\/\/dsrmedios.com.ar\/diario\/wp-json\/wp\/v2\/posts\/31896\/revisions"}],"predecessor-version":[{"id":31898,"href":"http:\/\/dsrmedios.com.ar\/diario\/wp-json\/wp\/v2\/posts\/31896\/revisions\/31898"}],"wp:featuredmedia":[{"embeddable":true,"href":"http:\/\/dsrmedios.com.ar\/diario\/wp-json\/wp\/v2\/media\/31897"}],"wp:attachment":[{"href":"http:\/\/dsrmedios.com.ar\/diario\/wp-json\/wp\/v2\/media?parent=31896"}],"wp:term":[{"taxonomy":"category","embeddable":true,"href":"http:\/\/dsrmedios.com.ar\/diario\/wp-json\/wp\/v2\/categories?post=31896"},{"taxonomy":"post_tag","embeddable":true,"href":"http:\/\/dsrmedios.com.ar\/diario\/wp-json\/wp\/v2\/tags?post=31896"}],"curies":[{"name":"wp","href":"https:\/\/api.w.org\/{rel}","templated":true}]}}