{"id":31890,"date":"2023-04-26T09:26:20","date_gmt":"2023-04-26T12:26:20","guid":{"rendered":"http:\/\/dsrmedios.com.ar\/diario\/?p=31890"},"modified":"2023-04-26T09:26:23","modified_gmt":"2023-04-26T12:26:23","slug":"suba-del-dolar-ferreterias-dicen-que-hay-aumentos-de-hasta-el-20-y-faltan-productos","status":"publish","type":"post","link":"http:\/\/dsrmedios.com.ar\/diario\/archivos\/31890","title":{"rendered":"Suba del d\u00f3lar: ferreter\u00edas dicen que hay aumentos de hasta el 20% y faltan productos"},"content":{"rendered":"\n<p>El presidente de la C\u00e1mara Argentina de Ferreter\u00edas y Afines,&nbsp;<strong>Sergio Angiulli,<\/strong>&nbsp;dijo que el sector atravieza<strong>&nbsp;aumentos de hasta el 20%<\/strong>&nbsp;y&nbsp;<strong>faltantes<\/strong>&nbsp;en algunos productos puntuales debido al&nbsp;<a href=\"https:\/\/www.infobae.com\/economia\/2023\/04\/26\/dolar-hoy-en-vivo-a-cuanto-cotiza-minuto-a-minuto-este-miercoles-26-de-abril\/\" target=\"_blank\" rel=\"noreferrer noopener\">alza del&nbsp;<strong>d\u00f3lar libre&nbsp;<\/strong>de los \u00faltimos d\u00edas,<\/a>&nbsp;ya que la disparada de la divisa genera incertidumbre sobre los precios de reposici\u00f3n. Esos problemas se suman trabas a la importaci\u00f3n que reduc\u00edan el stock de varios items.<\/p>\n\n\n\n<p>\u201cNosotros ten\u00edamos una inflaci\u00f3n del 6 al 7% mensual, lo ven\u00edamos transitando desde un a\u00f1o atr\u00e1s, pero en estos \u00faltimos d\u00edas los precios han aumentado el 15%, algunos llegan al 20% y se complica mucho m\u00e1s porque algunos importadores deciden no entregar mercader\u00edas porque no existe un precio real del producto\u201d, dijo el dirigente.<\/p>\n\n\n\n<p>En di\u00e1logo con Radio Mitre, Angiulli detall\u00f3 que el&nbsp;<strong>acero<\/strong>&nbsp;es uno de los productos faltantes y que tambi\u00e9n es escaso el&nbsp;<strong>cobre<\/strong>, lo que afecta al abastecimiento de cables el\u00e9ctricos para el sector.<\/p>\n\n\n\n<blockquote class=\"wp-block-quote\">\n<p>\u201cEn estos \u00faltimos d\u00edas los precios han aumentado el 15%, algunos llegan al 20% y se complica mucho m\u00e1s porque algunos importadores deciden no entregar mercader\u00edas\u201d<\/p>\n<\/blockquote>\n\n\n\n<p>Tambi\u00e9n remarc\u00f3 que la dependencia de las&nbsp;<strong>importaciones&nbsp;<\/strong>es un problema grave en medio de trabas a los pagos al exterior, porque la mayor parte de los productos llegan desde afuera del pa\u00eds.<\/p>\n\n\n\n<p>\u201cAntes en nuestro rubro se produc\u00eda mucho en el pa\u00eds, ahora eso no pasa,&nbsp;<strong>es todo importado<\/strong>. Nos estamos quedando muy atr\u00e1s en tecnolog\u00eda y eso se nota en la competitividad de lo que se produce ac\u00e1. Tambi\u00e9n hay producci\u00f3n nacional que no puede entregar porque alg\u00fan componente o m\u00e1quina que es importado y no puede producir. Hacemos agua por varios lados\u201d, dijo el dirigente de los ferreteros.<\/p>\n\n\n\n<p>Consultado respecto a la marcha de los negocios, Angiulli admiti\u00f3 que detectan una ca\u00edda en las ventas en los \u00faltimos d\u00edas.<\/p>\n\n\n\n<p>\u201cHemos mantenido a duras penas el incremento de las ventas mensuales con la inflaci\u00f3n interanual, ahora la cuenta directamente la hemos perdido. Tenemos seguramente un 10% menos desde el vamos. Pero lo m\u00e1s terrible es que perdemos utilidad en el mejor de los casos y, en el peor de los casos, ma\u00f1ana no podemos reponer al precio al que vendimos hoy\u201d, detall\u00f3.<\/p>\n\n\n\n<blockquote class=\"wp-block-quote\">\n<p>\u201cHay muy poco dinero en la calle, entonces aunque al cliente le gustar\u00eda adelantar compras, no puede\u201d<\/p>\n<\/blockquote>\n\n\n\n<p>Respecto a la reacci\u00f3n de los clientes ante la disparada del<strong>&nbsp;d\u00f3lar libre<\/strong>, que ayer cerr\u00f3 en $495, el dirigente comercial dijo que por la ca\u00edda de la actividad, las compras especulativas que esperan adelantarse a aumentos de precios futuros son pocas.<\/p>\n\n\n\n<p>\u201cHay muy poco dinero en la calle, entonces aunque al cliente le gustar\u00eda adelantar, no puede. Pensemos en el que est\u00e1 construyendo, le gustar\u00eda hacer una compra de&nbsp;<strong>acopio<\/strong>, pero no puede porque depende del dinero que le llega mes a mes. Lamentablemente, tampoco podr\u00edamos afrontar una compra de acopio porque nosotros no estamos recibiendo mercader\u00eda en la manera en que queremos\u201d, coment\u00f3.<\/p>\n\n\n\n<p>\u201cIncluso tenemos cupos en algunos productos. Sabemos que ma\u00f1ana le va a salir m\u00e1s caro, pero el cliente com\u00fan no cuenta con el dinero como para salir a comprar y a guardar\u201d, concluy\u00f3.<\/p>\n\n\n\n<p>Fuente: Infoae<\/p>\n","protected":false},"excerpt":{"rendered":"<div class=\"mh-excerpt\"><p>El presidente de la C\u00e1mara Argentina de Ferreter\u00edas y Afines,&nbsp;Sergio Angiulli,&nbsp;dijo que el sector atravieza&nbsp;aumentos de hasta el 20%&nbsp;y&nbsp;faltantes&nbsp;en algunos productos puntuales debido al&nbsp;alza del&nbsp;d\u00f3lar libre&nbsp;de los \u00faltimos d\u00edas,&nbsp;ya que la disparada de la divisa genera incertidumbre sobre los precios de reposici\u00f3n. Esos problemas se suman trabas a la importaci\u00f3n que reduc\u00edan el stock de varios items. \u201cNosotros ten\u00edamos una inflaci\u00f3n del 6 al 7% mensual, lo ven\u00edamos transitando desde un a\u00f1o atr\u00e1s, pero en estos \u00faltimos d\u00edas los precios han aumentado el 15%, algunos llegan al 20% y se complica mucho m\u00e1s porque algunos importadores deciden no entregar mercader\u00edas <a class=\"mh-excerpt-more\" href=\"http:\/\/dsrmedios.com.ar\/diario\/archivos\/31890\" title=\"Suba del d\u00f3lar: ferreter\u00edas dicen que hay aumentos de hasta el 20% y faltan productos\">[Leer m\u00e1s]<\/a><\/p>\n<\/div>","protected":false},"author":6,"featured_media":31891,"comment_status":"open","ping_status":"closed","sticky":false,"template":"","format":"standard","meta":{"_jetpack_newsletter_access":""},"categories":[6],"tags":[],"jetpack_featured_media_url":"http:\/\/dsrmedios.com.ar\/diario\/wp-content\/uploads\/2023\/04\/descarga-56.jpg","jetpack_sharing_enabled":true,"jetpack_shortlink":"https:\/\/wp.me\/p9fihK-8im","_links":{"self":[{"href":"http:\/\/dsrmedios.com.ar\/diario\/wp-json\/wp\/v2\/posts\/31890"}],"collection":[{"href":"http:\/\/dsrmedios.com.ar\/diario\/wp-json\/wp\/v2\/posts"}],"about":[{"href":"http:\/\/dsrmedios.com.ar\/diario\/wp-json\/wp\/v2\/types\/post"}],"author":[{"embeddable":true,"href":"http:\/\/dsrmedios.com.ar\/diario\/wp-json\/wp\/v2\/users\/6"}],"replies":[{"embeddable":true,"href":"http:\/\/dsrmedios.com.ar\/diario\/wp-json\/wp\/v2\/comments?post=31890"}],"version-history":[{"count":1,"href":"http:\/\/dsrmedios.com.ar\/diario\/wp-json\/wp\/v2\/posts\/31890\/revisions"}],"predecessor-version":[{"id":31892,"href":"http:\/\/dsrmedios.com.ar\/diario\/wp-json\/wp\/v2\/posts\/31890\/revisions\/31892"}],"wp:featuredmedia":[{"embeddable":true,"href":"http:\/\/dsrmedios.com.ar\/diario\/wp-json\/wp\/v2\/media\/31891"}],"wp:attachment":[{"href":"http:\/\/dsrmedios.com.ar\/diario\/wp-json\/wp\/v2\/media?parent=31890"}],"wp:term":[{"taxonomy":"category","embeddable":true,"href":"http:\/\/dsrmedios.com.ar\/diario\/wp-json\/wp\/v2\/categories?post=31890"},{"taxonomy":"post_tag","embeddable":true,"href":"http:\/\/dsrmedios.com.ar\/diario\/wp-json\/wp\/v2\/tags?post=31890"}],"curies":[{"name":"wp","href":"https:\/\/api.w.org\/{rel}","templated":true}]}}