{"id":31859,"date":"2023-04-26T07:06:54","date_gmt":"2023-04-26T10:06:54","guid":{"rendered":"http:\/\/dsrmedios.com.ar\/diario\/?p=31859"},"modified":"2023-04-26T07:06:56","modified_gmt":"2023-04-26T10:06:56","slug":"jxc-hace-equilibrio-y-se-divide-entre-la-prudencia-y-marcar-las-criticas-al-gobierno-por-la-corrida","status":"publish","type":"post","link":"http:\/\/dsrmedios.com.ar\/diario\/archivos\/31859","title":{"rendered":"JxC hace equilibrio y se divide entre la prudencia y marcar las cr\u00edticas al Gobierno por la corrida"},"content":{"rendered":"\n<p>\u201cPodemos ser muy responsables, pero en el medio ten\u00e9s al Presidente&nbsp;<strong>acus\u00e1ndonos de una corrida y una denuncia por traici\u00f3n<\/strong>&nbsp;a la patria\u201d, graficaba un referente del PRO en la tarde de este martes cuando el d\u00f3lar ya hab\u00eda rozado los $500 y&nbsp;<a href=\"https:\/\/tn.com.ar\/economia\/2023\/04\/25\/en-plena-escalada-del-dolar-blue-alberto-fernandez-ratifico-a-pesce-en-el-bcra-y-acuso-a-la-oposicion\/\" target=\"_blank\" rel=\"noreferrer noopener\">Alberto Fern\u00e1ndez ya hab\u00eda culpado a la \u201cderecha argentina\u201d.<\/a><\/p>\n\n\n\n<p><a rel=\"noreferrer noopener\" href=\"https:\/\/tn.com.ar\/politica\/2023\/04\/25\/los-presidentes-de-juntos-por-el-cambio-se-reunen-por-primera-vez-desde-el-verano-y-buscan-una-foto-de-unidad\/\" target=\"_blank\">Juntos por el Cambio<\/a>\u00a0busca hacer\u00a0<strong>equilibrio<\/strong>: mostrar\u00a0<strong>preocupaci\u00f3n<\/strong>\u00a0y cuestionar el rumbo econ\u00f3mico, pero evitar \u201chacerle el juego al Gobierno\u201d o a la idea de<strong>\u00a0\u201ddesestabilizaci\u00f3n\u201d<\/strong>, y al mismo tiempo responder a las acusaciones oficialistas entre las demandas de\u00a0<strong>un electorado duro y furioso.<\/strong><\/p>\n\n\n\n<p>Este martes, tras dos meses desde el \u00faltimo encuentro, se reunieron los presidentes de los cuatro principales partidos que integran Juntos por el Cambio:&nbsp;<strong>Maximiliano Ferraro<\/strong>, de la Coalici\u00f3n C\u00edvica, y anfitri\u00f3n de la cumbre;&nbsp;<strong>Gerardo Morales<\/strong>, de la UCR;&nbsp;<strong>Miguel \u00c1ngel Pichetto<\/strong>, de Encuentro Republicano, la pata peronista de la coalici\u00f3n, y&nbsp;<strong>Federico Angelini<\/strong>, al frente del PRO desde que Patricia Bullrich pidi\u00f3 licencia .<\/p>\n\n\n\n<figure class=\"wp-block-image\"><img decoding=\"async\" src=\"https:\/\/tn.com.ar\/resizer\/uhEB2JEYLvhpowL0qbLEzrp-gV4=\/767x0\/smart\/filters:format(webp)\/cloudfront-us-east-1.images.arcpublishing.com\/artear\/7K5ROPMOV5DTLMHD6H7VN5FQN4.jpeg\" alt=\"Reuni\u00f3n de los presidentes partidarios de Juntos por el Cambio: Gerardo Morales (UCR), Maximiliano Ferraro (CC-ARI), Miguel \u00c1ngel Pichetto (Peronismo Republicano) y Federico Angelini (PRO) via zoom.\"\/><figcaption class=\"wp-element-caption\">Reuni\u00f3n de los presidentes partidarios de Juntos por el Cambio: Gerardo Morales (UCR), Maximiliano Ferraro (CC-ARI), Miguel \u00c1ngel Pichetto (Peronismo Republicano) y Federico Angelini (PRO) via zoom.<\/figcaption><\/figure>\n\n\n\n<p>Los presidentes partidarios emitieron un comunicado breve: \u201cEstamos&nbsp;<strong>muy preocupados por la fragilidad econ\u00f3mica de la Argentina<\/strong>, la situaci\u00f3n del Gobierno y la falta de apego a la realidad por parte del Presidente. Esto origina mayores problemas econ\u00f3micos y deterioro del poder adquisitivo de los trabajadores y jubilados\u201d.<\/p>\n\n\n\n<p>\u201cCreo que hicimos un&nbsp;<strong>comunicado duro, pero cuidado<\/strong>, con mucha responsabilidad. El momento que estamos atravesando es muy delicado y el<strong>&nbsp;diagn\u00f3stico es terrible<\/strong>\u201d, dijo a&nbsp;<strong>TN<\/strong>&nbsp;uno de los jefes partidarios que participaron del encuentro en las oficinas de la Coalici\u00f3n C\u00edvica.<\/p>\n\n\n\n<p>Ferraro, Morales, Pichetto y Angelini decidieron, como adelant\u00f3 este medio el fin de semana, convocar el pr\u00f3ximo martes&nbsp;<strong>2 de mayo<\/strong>&nbsp;a los&nbsp;<strong>equipos econ\u00f3micos de JxC<\/strong>&nbsp;\u201cpara analizar la grave situaci\u00f3n econ\u00f3mica y social que vive el pa\u00eds\u201d.<\/p>\n\n\n\n<p>No participar\u00edan solo los presidentes partidarios. El objetivo es reunir a los principales<strong>&nbsp;candidatos a presidente<\/strong>&nbsp;que ya se lanzaron, como Horacio Rodr\u00edguez&nbsp;<strong>Larreta<\/strong>, Patricia&nbsp;<strong>Bullrich<\/strong>, Mar\u00eda Eugenia&nbsp;<strong>Vidal<\/strong>, el propio&nbsp;<strong>Morales<\/strong>&nbsp;y&nbsp;<strong>Pichetto<\/strong>, y la l\u00edder de la CC Elisa&nbsp;<strong>Carri\u00f3<\/strong>, y tambi\u00e9n&nbsp;a los&nbsp;<strong>jefes de los bloques<\/strong>&nbsp;parlamentarios opositores.<\/p>\n\n\n\n<h2>Juntos por el Cambio quiere reunir a sus equipos econ\u00f3micos<\/h2>\n\n\n\n<p>De concretarse ser\u00eda, en principio,&nbsp;<strong>una muestra de unidad<\/strong>&nbsp;importante luego de fuertes cruces: hace meses que los precandidatos no comparten el mismo espacio. Este martes, Ferraro y Morales le trasmitieron a Angelini la necesidad de que el PRO reduzca sus niveles de confrontaci\u00f3n. Por otra parte, podr\u00eda haber&nbsp;<strong>un pronunciamiento econ\u00f3mico<\/strong>&nbsp;de la coalici\u00f3n opositora, aunque todav\u00eda no fue definido.<\/p>\n\n\n\n<figure class=\"wp-block-image\"><img decoding=\"async\" src=\"https:\/\/tn.com.ar\/resizer\/NUBaWCccpBMxrc2uxe9IVl4BBSg=\/767x0\/smart\/filters:format(webp)\/cloudfront-us-east-1.images.arcpublishing.com\/artear\/UJWV7RAZEOTXDARHMHMZKEVTAU.jpg\" alt=\"El exministro de Hacienda de Macri y de Vidal, Hern\u00e1n Lacunza (Foto: AFP).\"\/><figcaption class=\"wp-element-caption\">El exministro de Hacienda de Macri y de Vidal, Hern\u00e1n Lacunza (Foto: AFP).<\/figcaption><\/figure>\n\n\n\n<p>Pero los presidenciables tienen contactos diarios con sus referentes econ\u00f3micos: Larreta y Vidal se apoyan en&nbsp;<strong>Hern\u00e1n Lacunza<\/strong>; entre lunes y martes Bullrich reuni\u00f3 de emergencia a su equipo pol\u00edtico y mantuvo encuentros con&nbsp;<strong>Luciano Laspina y Dante Sica<\/strong>. El principal referente econ\u00f3mico de la UCR que comanda Morales es&nbsp;<strong>Eduardo Levy Yeyati<\/strong>&nbsp;y de la CC de Carri\u00f3 es&nbsp;<strong>Mat\u00edas Surt<\/strong>.<\/p>\n\n\n\n<p>Aunque existen diferencias, tambi\u00e9n hay diagn\u00f3sticos compartidos. Entre ellos, la idea de que uno de los&nbsp;<strong>principales peligros<\/strong>&nbsp;hoy es una&nbsp;<strong>\u201cespiralizaci\u00f3n\u201d de la inflaci\u00f3n<\/strong>, y que la crisis cambiaria har\u00e1 saltar los precios. Algunos ya estiman una inflaci\u00f3n por encima del 8% en abril, arriba del 120% interanual.<\/p>\n\n\n\n<figure class=\"wp-block-image\"><img decoding=\"async\" src=\"https:\/\/tn.com.ar\/resizer\/Ghkl-iWjkQqZu3WiB58FcNSVtRw=\/767x0\/smart\/filters:format(webp)\/cloudfront-us-east-1.images.arcpublishing.com\/artear\/LJ2M5MZ7MNBA3GOB6CLCZCJTSQ.JPG\" alt=\"Eduardo Levy Yeyati, en su casa de Buenos Aires. Foto: Daniel Raichijk (TN).\"\/><figcaption class=\"wp-element-caption\">Eduardo Levy Yeyati, en su casa de Buenos Aires. Foto: Daniel Raichijk (TN).<\/figcaption><\/figure>\n\n\n\n<p>\u201cLos desequilibrios generados por el gobierno se ve\u00edan ya claramente el a\u00f1o pasado y fue lo que desemboc\u00f3 en la crisis de (Mart\u00edn) Guzm\u00e1n. D\u00e9ficit fiscal infinanciable, emisi\u00f3n monetaria, atraso de tarifas, atraso del tipo de cambio oficial, brecha. El cambio de ministro fue un&nbsp;<strong>importante giro pol\u00edtico<\/strong>, pero en t\u00e9rminos de cambio de&nbsp;<strong>pol\u00edtica econ\u00f3mica no cambi\u00f3 mucho<\/strong>\u201d, diagnostic\u00f3 uno de ellos a&nbsp;<strong>TN<\/strong>.<\/p>\n\n\n\n<p>\u201cSe corrigi\u00f3 solo la tasa de inter\u00e9s, subi\u00e9ndola, y el&nbsp;<em>crawling peg<\/em>&nbsp;(devaluaci\u00f3n controlada de la moneda). Y se pusieron parches para reforzar las reservas: los d\u00f3lares soja.&nbsp;<strong>Se hizo poco y nada en el plano fiscal<\/strong>, la ra\u00edz de todos los desequilibrios. Sin cambios relevantes en la pol\u00edtica econ\u00f3mica y con reservas internacionales netas casi en cero, lo que le pas\u00f3 a Guzm\u00e1n le pod\u00eda volver a pasar a Massa. Y eso estamos viviendo. De hecho,&nbsp;<strong>el blue de la crisis de Guzm\u00e1n a pesos constantes de hoy fue de $550<\/strong>\u2033, agreg\u00f3.<\/p>\n\n\n\n<h2>Entre el enojo y la cautela, Juntos por el Cambio busca equilibrio<\/h2>\n\n\n\n<p>Este martes,&nbsp;<a href=\"https:\/\/tn.com.ar\/politica\/2023\/04\/24\/tras-la-decision-de-alberto-fernandez-el-gobierno-enfrenta-una-semana-marcada-por-la-incertidumbre-cambiaria\/\" target=\"_blank\" rel=\"noreferrer noopener\"><strong>Alberto Fern\u00e1ndez<\/strong><\/a>&nbsp;aprovech\u00f3 una conferencia de prensa en la Casa Rosada tras un encuentro con su par de Rumania, Klaus Iohannis, para cargar contra la&nbsp;<strong>oposici\u00f3n<\/strong>. \u201c<strong>Instalan rumores en la ma\u00f1ana, operan durante todo el d\u00eda<\/strong>&nbsp;y, cuando termina la tarde, retiran su rentabilidad del mercado cambiario\u201d, acus\u00f3.<\/p>\n\n\n\n<p>El fin de semana, el Ejecutivo, a trav\u00e9s del director por la Argentina ante el Fondo Monetario Internacional, Sergio Chodos, hizo trascender que&nbsp;<strong>Lacunza y Alfonso Prat Gay<\/strong>&nbsp;-exministros de Econom\u00eda de Cambiemos-&nbsp;<strong>Guido Sandleris<\/strong>&nbsp;-extitular del Banco Central-&nbsp;<strong>operaron ante el FMI&nbsp;<\/strong>para que el organismo no prestara m\u00e1s dinero a la Argentina. Los tres exfuncionarios fueron luego denunciados penalmente por \u201ctraici\u00f3n a la patria\u201d.<\/p>\n\n\n\n<figure class=\"wp-block-image\"><img decoding=\"async\" src=\"https:\/\/tn.com.ar\/resizer\/Nhpb0sDCb3qT5voyaQSPyddQGV8=\/767x0\/smart\/filters:format(webp)\/cloudfront-us-east-1.images.arcpublishing.com\/artear\/VZND24WRF5EL3O7SLCO7FW7HHY.jpg\" alt=\"Se avivaron las diferencias entre el jefe de gobierno porte\u00f1o Horacio Rodr\u00edguez Larreta y la titular del PRO Patricia Bullrich (Foto: NA).\"\/><figcaption class=\"wp-element-caption\">Se avivaron las diferencias entre el jefe de gobierno porte\u00f1o Horacio Rodr\u00edguez Larreta y la titular del PRO Patricia Bullrich (Foto: NA).<\/figcaption><\/figure>\n\n\n\n<p>Lacunza le recomend\u00f3 al Ejecutivo buscar la culpa en el hecho de haber \u201cdibujado\u201d metas fiscales, monetarias y cambiarias. Sandleris dijo: \u201cLes quedan 8 meses y la crisis econ\u00f3mica est\u00e1 empeorando.&nbsp;<strong>Dejen de mentir y buscar conspiraciones<\/strong>. Gobiernen\u201d. Y Prat-Gay le record\u00f3 al Presidente que quien vot\u00f3 en contra del acuerdo de su Gobierno con el FMI fue el kirchnerismo.&nbsp;<strong>\u201cEst\u00e1 claro qui\u00e9n te juega en contra\u201d,<\/strong>&nbsp;lanz\u00f3.<\/p>\n\n\n\n<p>\u201cFue una&nbsp;<strong>respuesta m\u00e1s de chicana<\/strong>. Hay una situaci\u00f3n de extrema debilidad del gobierno y de extrema de angustia de la gente. Tratamos de ser prudentes, deliberadamente prudentes. Tirar m\u00e1s nafta al fuego es peligroso.&nbsp;<strong>Ellos tienen que llegar al 10 de diciembre, con respirador o lo que sea<\/strong>\u201d, dijeron en el PRO.<\/p>\n\n\n\n<p>En el ala dura del partido amarillo advirtieron, sin embargo: \u201cHay que<strong>&nbsp;marcar pol\u00edticamente toda esta locura<\/strong>. Tambi\u00e9n tenemos atr\u00e1s&nbsp;<strong>un electorado enojado<\/strong>&nbsp;que quiere que respondas. No hubo ning\u00fan contacto, pero ma\u00f1ana el Gobierno te dice vamos a hacer una mesa y llegar a acuerdos&#8230; no pod\u00e9s caer en esa trampa. El radicalismo tiene debilidad por eso a veces.&nbsp;<strong>Cualquier cosa que sea en el Congreso<\/strong>\u201d.<\/p>\n\n\n\n<figure class=\"wp-block-image\"><img decoding=\"async\" src=\"https:\/\/tn.com.ar\/resizer\/7Ow5jevOS97-iq9vlxDJuFRzFKE=\/767x0\/smart\/filters:format(webp)\/cloudfront-us-east-1.images.arcpublishing.com\/artear\/DERSFH5IYVAIVBCRSLEDAU6I7Y.jpeg\" alt=\"Gerardo Morales tuvo el acompa\u00f1amiento de Elisa Carri\u00f3: (Foto: TN)\"\/><figcaption class=\"wp-element-caption\">Gerardo Morales tuvo el acompa\u00f1amiento de Elisa Carri\u00f3: (Foto: TN)<\/figcaption><\/figure>\n\n\n\n<p>Hace menos de una semana, la&nbsp;<strong>UCR<\/strong>&nbsp;reuni\u00f3 a su Mesa Nacional, con Morales a la cabeza. \u201cEl gobierno actual quiere condicionar la capacidad de salida de la crisis del pr\u00f3ximo gobierno.&nbsp;<a href=\"https:\/\/tn.com.ar\/politica\/2023\/04\/19\/la-ucr-se-reune-para-redefinir-su-estrategia-en-medio-de-la-interna-pro-y-el-intento-de-acercamiento-de-milei\/\" target=\"_blank\" rel=\"noreferrer noopener\">Busca que la pr\u00f3xima gesti\u00f3n tenga la mayor cantidad de dificultades posibles<\/a>\u201d, advirtieron los jefes radicales.<\/p>\n\n\n\n<p>En la UCR interpretan que el Gobierno ya&nbsp;<strong>\u201cgast\u00f3 una de sus \u00faltimas balas\u201d<\/strong>&nbsp;con la&nbsp;<a href=\"https:\/\/tn.com.ar\/politica\/2023\/04\/22\/el-presidente-renuncio-a-ser-candidato-porque-no-tenia-otra-alternativa-cual-es-el-escenario-para-el-fdt\/\" target=\"_blank\" rel=\"noreferrer noopener\">renuncia de Alberto Fern\u00e1ndez a una candidatura<\/a>&nbsp;para bajar las tensiones internas, y todo depende ahora del nivel de&nbsp;<strong>flexibilidad que muestre el FMI<\/strong>.<\/p>\n\n\n\n<p>En el partido se\u00f1alaron este martes el mensaje tuitero de Mario Negri, como resumen ilustrativo: \u201cSe hacen operaciones entre los distintos bandos -inventan rumores y refuerzan la inestabilidad- pero acusan a la \u201cderecha\u201d.\u00a0<strong>Tienen la suerte de que JxC es oposici\u00f3n y no empuja.\u00a0<\/strong>Nosotros s\u00ed recibimos empujones en 1989, 2001 y 2019\u2033, dijo el jefe del bloque de la UCR en Diputados.<\/p>\n\n\n\n<p>Fuente: TN<\/p>\n","protected":false},"excerpt":{"rendered":"<div class=\"mh-excerpt\"><p>\u201cPodemos ser muy responsables, pero en el medio ten\u00e9s al Presidente&nbsp;acus\u00e1ndonos de una corrida y una denuncia por traici\u00f3n&nbsp;a la patria\u201d, graficaba un referente del PRO en la tarde de este martes cuando el d\u00f3lar ya hab\u00eda rozado los $500 y&nbsp;Alberto Fern\u00e1ndez ya hab\u00eda culpado a la \u201cderecha argentina\u201d. Juntos por el Cambio\u00a0busca hacer\u00a0equilibrio: mostrar\u00a0preocupaci\u00f3n\u00a0y cuestionar el rumbo econ\u00f3mico, pero evitar \u201chacerle el juego al Gobierno\u201d o a la idea de\u00a0\u201ddesestabilizaci\u00f3n\u201d, y al mismo tiempo responder a las acusaciones oficialistas entre las demandas de\u00a0un electorado duro y furioso. Este martes, tras dos meses desde el \u00faltimo encuentro, se reunieron los <a class=\"mh-excerpt-more\" href=\"http:\/\/dsrmedios.com.ar\/diario\/archivos\/31859\" title=\"JxC hace equilibrio y se divide entre la prudencia y marcar las cr\u00edticas al Gobierno por la corrida\">[Leer m\u00e1s]<\/a><\/p>\n<\/div>","protected":false},"author":6,"featured_media":31860,"comment_status":"open","ping_status":"closed","sticky":false,"template":"","format":"standard","meta":{"_jetpack_newsletter_access":""},"categories":[6],"tags":[],"jetpack_featured_media_url":"http:\/\/dsrmedios.com.ar\/diario\/wp-content\/uploads\/2023\/04\/TEMUD5TV6VBX5KJL254QUQV7TA.webp","jetpack_sharing_enabled":true,"jetpack_shortlink":"https:\/\/wp.me\/p9fihK-8hR","_links":{"self":[{"href":"http:\/\/dsrmedios.com.ar\/diario\/wp-json\/wp\/v2\/posts\/31859"}],"collection":[{"href":"http:\/\/dsrmedios.com.ar\/diario\/wp-json\/wp\/v2\/posts"}],"about":[{"href":"http:\/\/dsrmedios.com.ar\/diario\/wp-json\/wp\/v2\/types\/post"}],"author":[{"embeddable":true,"href":"http:\/\/dsrmedios.com.ar\/diario\/wp-json\/wp\/v2\/users\/6"}],"replies":[{"embeddable":true,"href":"http:\/\/dsrmedios.com.ar\/diario\/wp-json\/wp\/v2\/comments?post=31859"}],"version-history":[{"count":1,"href":"http:\/\/dsrmedios.com.ar\/diario\/wp-json\/wp\/v2\/posts\/31859\/revisions"}],"predecessor-version":[{"id":31861,"href":"http:\/\/dsrmedios.com.ar\/diario\/wp-json\/wp\/v2\/posts\/31859\/revisions\/31861"}],"wp:featuredmedia":[{"embeddable":true,"href":"http:\/\/dsrmedios.com.ar\/diario\/wp-json\/wp\/v2\/media\/31860"}],"wp:attachment":[{"href":"http:\/\/dsrmedios.com.ar\/diario\/wp-json\/wp\/v2\/media?parent=31859"}],"wp:term":[{"taxonomy":"category","embeddable":true,"href":"http:\/\/dsrmedios.com.ar\/diario\/wp-json\/wp\/v2\/categories?post=31859"},{"taxonomy":"post_tag","embeddable":true,"href":"http:\/\/dsrmedios.com.ar\/diario\/wp-json\/wp\/v2\/tags?post=31859"}],"curies":[{"name":"wp","href":"https:\/\/api.w.org\/{rel}","templated":true}]}}